{"id":10031,"date":"2020-05-03T12:32:00","date_gmt":"2020-05-03T15:32:00","guid":{"rendered":"http:\/\/blogopara.com.br\/?p=10031"},"modified":"2020-05-03T13:23:38","modified_gmt":"2020-05-03T16:23:38","slug":"covid-19-o-que-diz-a-ecologia-humana","status":"publish","type":"post","link":"https:\/\/blogopara.com.br\/index.php\/2020\/05\/03\/covid-19-o-que-diz-a-ecologia-humana","title":{"rendered":"COVID-19: O QUE DIZ A ECOLOGIA HUMANA"},"content":{"rendered":"<p style=\"text-align: justify;\">De forma repentina, um ser invis\u00edvel, um v\u00edrus (COVID-19), fez a humanidade \u201cparar para parar\u201d. Como alerta Krenak: \u201cfomos obrigados a viver um estado de medita\u00e7\u00e3o involunt\u00e1ria\u201d. O padr\u00e3o civilizat\u00f3rio desenhado pelo \u201csucesso\u201d da nossa esp\u00e9cie (Homo sapiens sapiens) sobre os ecossistemas planet\u00e1rios, levou a Terra (Gaia), esse Superorganismo Vivo, do qual fazemos parte, a gritar, a reagir a este projeto \u00e9tno e ecocida que empregamos como\u00a0<span class=\"text_exposed_show\">valor primordial da nossa exist\u00eancia que prova: a humanidade da humanidade n\u00e3o chegou! Prov\u00e1vel que estes modelos civilizacionais continuar\u00e3o em disputa p\u00f3s-pandemia.<\/span><\/p>\n<div class=\"text_exposed_show\">\n<p style=\"text-align: justify;\">Hoje nos sentimos aprisionados, olhando o mundo pelas janelas reais, simb\u00f3licas e imagin\u00e1rias e, como nos tempos das grandes feras (mamutes gigantes, tigres dente-de-sabre), nos sentimos ca\u00e7ados, agora, por um ser invis\u00edvel que disputa o controle do mundo com a esp\u00e9cie humana.<\/p>\n<p style=\"text-align: justify;\">Como afirmou a f\u00edsica nuclear e ambientalista Vandana Shiva, \u201cum pequeno v\u00edrus pode nos ajudar a dar um grande passo \u00e0 frente para fundar uma nova civiliza\u00e7\u00e3o planet\u00e1ria ecologista, baseada na harmonia com a natureza. Ou, ent\u00e3o, podemos continuar vivendo a fantasia do dom\u00ednio sobre o Planeta e continuar avan\u00e7ando at\u00e9 a pr\u00f3xima pandemia. E, por \u00faltimo, at\u00e9 a extin\u00e7\u00e3o. A Terra seguir\u00e1, conosco ou sem n\u00f3s.\u201d<\/p>\n<p style=\"text-align: justify;\">Pensar a rela\u00e7\u00e3o da esp\u00e9cie humana com os ecossistemas da Terra, suas consequ\u00eancias positivas e negativas, \u00e9 chave principal da \u00e9tica da Ecologia Humana. Nesse momento espec\u00edfico da nossa hist\u00f3ria socioambiental, evocando os saberes de diversos ec\u00f3logos humanos nacionais e internacionais.<\/p>\n<p style=\"text-align: justify;\">Live exibida no dia 03 de maio de 2020, conversando sobre O QUE DIZ A ECOLOGIA HUMANA A RESPEITO DA EXPLOS\u00c3O DO COVID-19 EM ESCALA PLANET\u00c1RIA E SUAS CONSEQU\u00caNCIAS PARA O FUTURO DA ESP\u00c9CIE HUMANA.<\/p>\n<p><a id=\"js_5ne\" class=\"profileLink\" href=\"https:\/\/www.facebook.com\/contato.sabeh\/?__tn__=%2CdKH-R-R&amp;eid=ARDMKO5uQcECP85MJLkhZnnVHzJAXdmX8vtcn5kGI-nihCYCPeL5sp_ZULtrtdiiFZjQT-n0OySDwHdA&amp;fref=mentions\" data-hovercard=\"\/ajax\/hovercard\/page.php?id=516530252054723&amp;extragetparams=%7B%22__tn__%22%3A%22%2CdKH-R-R%22%2C%22eid%22%3A%22ARDMKO5uQcECP85MJLkhZnnVHzJAXdmX8vtcn5kGI-nihCYCPeL5sp_ZULtrtdiiFZjQT-n0OySDwHdA%22%2C%22fref%22%3A%22mentions%22%7D\" data-hovercard-prefer-more-content-show=\"1\" aria-describedby=\"u_cz_1\" aria-owns=\"js_5ko\">https:\/\/www.facebook.com\/contato.sabeh<\/a><\/p>\n<p><img loading=\"lazy\" decoding=\"async\" class=\"alignnone size-medium wp-image-10061\" src=\"https:\/\/blogopara.com.br\/wp-content\/uploads\/2020\/05\/94326505_1085449881829421_2743987281802035200_o-212x300.jpg\" alt=\"\" width=\"212\" height=\"300\" srcset=\"https:\/\/blogopara.com.br\/wp-content\/uploads\/2020\/05\/94326505_1085449881829421_2743987281802035200_o-212x300.jpg 212w, https:\/\/blogopara.com.br\/wp-content\/uploads\/2020\/05\/94326505_1085449881829421_2743987281802035200_o.jpg 678w\" sizes=\"auto, (max-width: 212px) 100vw, 212px\" \/><\/p>\n<p>Dr. Juracy Marques (P\u00f3s-doutor em Ecologia Humana)<\/p>\n<\/div>\n","protected":false},"excerpt":{"rendered":"<p>De forma repentina, um ser invis\u00edvel, um v\u00edrus (COVID-19), fez a humanidade \u201cparar para parar\u201d. Como alerta Krenak: \u201cfomos obrigados a viver um estado de medita\u00e7\u00e3o involunt\u00e1ria\u201d. O padr\u00e3o civilizat\u00f3rio desenhado pelo \u201csucesso\u201d da nossa esp\u00e9cie (Homo sapiens sapiens) sobre os ecossistemas planet\u00e1rios, levou a Terra (Gaia), esse Superorganismo Vivo, do qual fazemos parte, a [&hellip;]<\/p>\n","protected":false},"author":1,"featured_media":10033,"comment_status":"open","ping_status":"open","sticky":false,"template":"","format":"standard","meta":{"_uag_custom_page_level_css":"","_monsterinsights_skip_tracking":false,"_monsterinsights_sitenote_active":false,"_monsterinsights_sitenote_note":"","_monsterinsights_sitenote_category":0,"jetpack_post_was_ever_published":false,"_jetpack_newsletter_access":"","_jetpack_dont_email_post_to_subs":false,"_jetpack_newsletter_tier_id":0,"_jetpack_memberships_contains_paywalled_content":false,"_jetpack_memberships_contains_paid_content":false,"footnotes":"","jetpack_publicize_message":"","jetpack_publicize_feature_enabled":true,"jetpack_social_post_already_shared":true,"jetpack_social_options":{"image_generator_settings":{"template":"highway","default_image_id":0,"font":"","enabled":false},"version":2}},"categories":[273],"tags":[],"class_list":["post-10031","post","type-post","status-publish","format-standard","has-post-thumbnail","hentry","category-mundo"],"jetpack_publicize_connections":[],"jetpack_featured_media_url":"https:\/\/blogopara.com.br\/wp-content\/uploads\/2020\/05\/Ecologia-humana-2.jpg","uagb_featured_image_src":{"full":["https:\/\/blogopara.com.br\/wp-content\/uploads\/2020\/05\/Ecologia-humana-2.jpg",400,216,false],"thumbnail":["https:\/\/blogopara.com.br\/wp-content\/uploads\/2020\/05\/Ecologia-humana-2-150x150.jpg",150,150,true],"medium":["https:\/\/blogopara.com.br\/wp-content\/uploads\/2020\/05\/Ecologia-humana-2-300x162.jpg",300,162,true],"medium_large":["https:\/\/blogopara.com.br\/wp-content\/uploads\/2020\/05\/Ecologia-humana-2.jpg",400,216,false],"large":["https:\/\/blogopara.com.br\/wp-content\/uploads\/2020\/05\/Ecologia-humana-2.jpg",400,216,false],"1536x1536":["https:\/\/blogopara.com.br\/wp-content\/uploads\/2020\/05\/Ecologia-humana-2.jpg",400,216,false],"2048x2048":["https:\/\/blogopara.com.br\/wp-content\/uploads\/2020\/05\/Ecologia-humana-2.jpg",400,216,false],"mantranews-slider-large":["https:\/\/blogopara.com.br\/wp-content\/uploads\/2020\/05\/Ecologia-humana-2.jpg",400,216,false],"mantranews-featured-medium":["https:\/\/blogopara.com.br\/wp-content\/uploads\/2020\/05\/Ecologia-humana-2.jpg",400,216,false],"mantranews-featured-long":["https:\/\/blogopara.com.br\/wp-content\/uploads\/2020\/05\/Ecologia-humana-2-300x216.jpg",300,216,true],"mantranews-block-medium":["https:\/\/blogopara.com.br\/wp-content\/uploads\/2020\/05\/Ecologia-humana-2.jpg",400,216,false],"mantranews-carousel-image":["https:\/\/blogopara.com.br\/wp-content\/uploads\/2020\/05\/Ecologia-humana-2.jpg",400,216,false],"mantranews-block-thumb":["https:\/\/blogopara.com.br\/wp-content\/uploads\/2020\/05\/Ecologia-humana-2-322x216.jpg",322,216,true],"mantranews-single-large":["https:\/\/blogopara.com.br\/wp-content\/uploads\/2020\/05\/Ecologia-humana-2.jpg",400,216,false]},"uagb_author_info":{"display_name":"Reda\u00e7\u00e3o geral","author_link":"https:\/\/blogopara.com.br\/index.php\/author\/blogopara"},"uagb_comment_info":0,"uagb_excerpt":"De forma repentina, um ser invis\u00edvel, um v\u00edrus (COVID-19), fez a humanidade \u201cparar para parar\u201d. Como alerta Krenak: \u201cfomos obrigados a viver um estado de medita\u00e7\u00e3o involunt\u00e1ria\u201d. O padr\u00e3o civilizat\u00f3rio desenhado pelo \u201csucesso\u201d da nossa esp\u00e9cie (Homo sapiens sapiens) sobre os ecossistemas planet\u00e1rios, levou a Terra (Gaia), esse Superorganismo Vivo, do qual fazemos parte, a&hellip;","jetpack_sharing_enabled":true,"jetpack_likes_enabled":true,"_links":{"self":[{"href":"https:\/\/blogopara.com.br\/index.php\/wp-json\/wp\/v2\/posts\/10031","targetHints":{"allow":["GET"]}}],"collection":[{"href":"https:\/\/blogopara.com.br\/index.php\/wp-json\/wp\/v2\/posts"}],"about":[{"href":"https:\/\/blogopara.com.br\/index.php\/wp-json\/wp\/v2\/types\/post"}],"author":[{"embeddable":true,"href":"https:\/\/blogopara.com.br\/index.php\/wp-json\/wp\/v2\/users\/1"}],"replies":[{"embeddable":true,"href":"https:\/\/blogopara.com.br\/index.php\/wp-json\/wp\/v2\/comments?post=10031"}],"version-history":[{"count":5,"href":"https:\/\/blogopara.com.br\/index.php\/wp-json\/wp\/v2\/posts\/10031\/revisions"}],"predecessor-version":[{"id":10063,"href":"https:\/\/blogopara.com.br\/index.php\/wp-json\/wp\/v2\/posts\/10031\/revisions\/10063"}],"wp:featuredmedia":[{"embeddable":true,"href":"https:\/\/blogopara.com.br\/index.php\/wp-json\/wp\/v2\/media\/10033"}],"wp:attachment":[{"href":"https:\/\/blogopara.com.br\/index.php\/wp-json\/wp\/v2\/media?parent=10031"}],"wp:term":[{"taxonomy":"category","embeddable":true,"href":"https:\/\/blogopara.com.br\/index.php\/wp-json\/wp\/v2\/categories?post=10031"},{"taxonomy":"post_tag","embeddable":true,"href":"https:\/\/blogopara.com.br\/index.php\/wp-json\/wp\/v2\/tags?post=10031"}],"curies":[{"name":"wp","href":"https:\/\/api.w.org\/{rel}","templated":true}]}}