{"id":10083,"date":"2020-05-04T10:24:33","date_gmt":"2020-05-04T13:24:33","guid":{"rendered":"http:\/\/blogopara.com.br\/?p=10083"},"modified":"2020-05-04T10:24:38","modified_gmt":"2020-05-04T13:24:38","slug":"juazeiro-presidente-do-tj-ba-suspende-interdicao-de-presidio","status":"publish","type":"post","link":"https:\/\/blogopara.com.br\/index.php\/2020\/05\/04\/juazeiro-presidente-do-tj-ba-suspende-interdicao-de-presidio","title":{"rendered":"Juazeiro: Presidente do TJ-BA suspende interdi\u00e7\u00e3o de pres\u00eddio"},"content":{"rendered":"<p style=\"text-align: justify;\">Uma decis\u00e3o do presidente do Tribunal de Justi\u00e7a da Bahia (TJ-BA), Lourival Trindade, suspendeu a interdi\u00e7\u00e3o parcial do pres\u00eddio de Juazeiro, no Sert\u00e3o do S\u00e3o Francisco. A medida, publicada nesta segunda-feira (4), libera o espa\u00e7o que havia sido interditado pelo juiz da Comarca local ap\u00f3s a\u00e7\u00e3o do Minist\u00e9rio P\u00fablico do Estado (MP-BA). O magistrado tinha determinado a suspens\u00e3o por 90 dias.<\/p>\n<p style=\"text-align: justify;\">Pela decis\u00e3o do presidente do TJ-BA, o pres\u00eddio volta a receber n\u00e3o s\u00f3 presos provis\u00f3rios assim como condenados em regime fechado. Segundo o governo do estado \u2013 autor da a\u00e7\u00e3o que pedia a libera\u00e7\u00e3o do pres\u00eddio \u2013 a medida de suspender o recebimento dos custodiados criaria um problema para outras unidades prisionais do estado, provocando tamb\u00e9m superlota\u00e7\u00e3o nesses lugares.<\/p>\n<p style=\"text-align: justify;\">Lourival Trindade considerou que a continuidade da interdi\u00e7\u00e3o parcial criava \u201crisco de grave les\u00e3o \u00e0 ordem, \u00e0 sa\u00fade, \u00e0 economia e \u00e0 seguran\u00e7a p\u00fablicas\u201d.<\/p>\n<pre>Fonte: Bahia Not\u00edcias<\/pre>\n<div id=\"div-gpt-ad-bn_municipios_conteudo\" style=\"text-align: justify;\" data-google-query-id=\"CPzq5t-mmukCFUYDuQYdW20Kug\"><\/div>\n","protected":false},"excerpt":{"rendered":"<p>Uma decis\u00e3o do presidente do Tribunal de Justi\u00e7a da Bahia (TJ-BA), Lourival Trindade, suspendeu a interdi\u00e7\u00e3o parcial do pres\u00eddio de Juazeiro, no Sert\u00e3o do S\u00e3o Francisco. A medida, publicada nesta segunda-feira (4), libera o espa\u00e7o que havia sido interditado pelo juiz da Comarca local ap\u00f3s a\u00e7\u00e3o do Minist\u00e9rio P\u00fablico do Estado (MP-BA). O magistrado tinha [&hellip;]<\/p>\n","protected":false},"author":1,"featured_media":10084,"comment_status":"open","ping_status":"open","sticky":false,"template":"","format":"standard","meta":{"_uag_custom_page_level_css":"","_monsterinsights_skip_tracking":false,"_monsterinsights_sitenote_active":false,"_monsterinsights_sitenote_note":"","_monsterinsights_sitenote_category":0,"jetpack_post_was_ever_published":false,"_jetpack_newsletter_access":"","_jetpack_dont_email_post_to_subs":false,"_jetpack_newsletter_tier_id":0,"_jetpack_memberships_contains_paywalled_content":false,"_jetpack_memberships_contains_paid_content":false,"footnotes":"","jetpack_publicize_message":"","jetpack_publicize_feature_enabled":true,"jetpack_social_post_already_shared":true,"jetpack_social_options":{"image_generator_settings":{"template":"highway","default_image_id":0,"font":"","enabled":false},"version":2}},"categories":[203],"tags":[],"class_list":["post-10083","post","type-post","status-publish","format-standard","has-post-thumbnail","hentry","category-juazeiro"],"jetpack_publicize_connections":[],"jetpack_featured_media_url":"https:\/\/blogopara.com.br\/wp-content\/uploads\/2020\/05\/IMAGEM_NOTICIA_5-2.jpg","uagb_featured_image_src":{"full":["https:\/\/blogopara.com.br\/wp-content\/uploads\/2020\/05\/IMAGEM_NOTICIA_5-2.jpg",400,294,false],"thumbnail":["https:\/\/blogopara.com.br\/wp-content\/uploads\/2020\/05\/IMAGEM_NOTICIA_5-2-150x150.jpg",150,150,true],"medium":["https:\/\/blogopara.com.br\/wp-content\/uploads\/2020\/05\/IMAGEM_NOTICIA_5-2-300x221.jpg",300,221,true],"medium_large":["https:\/\/blogopara.com.br\/wp-content\/uploads\/2020\/05\/IMAGEM_NOTICIA_5-2.jpg",400,294,false],"large":["https:\/\/blogopara.com.br\/wp-content\/uploads\/2020\/05\/IMAGEM_NOTICIA_5-2.jpg",400,294,false],"1536x1536":["https:\/\/blogopara.com.br\/wp-content\/uploads\/2020\/05\/IMAGEM_NOTICIA_5-2.jpg",400,294,false],"2048x2048":["https:\/\/blogopara.com.br\/wp-content\/uploads\/2020\/05\/IMAGEM_NOTICIA_5-2.jpg",400,294,false],"mantranews-slider-large":["https:\/\/blogopara.com.br\/wp-content\/uploads\/2020\/05\/IMAGEM_NOTICIA_5-2.jpg",400,294,false],"mantranews-featured-medium":["https:\/\/blogopara.com.br\/wp-content\/uploads\/2020\/05\/IMAGEM_NOTICIA_5-2.jpg",400,294,false],"mantranews-featured-long":["https:\/\/blogopara.com.br\/wp-content\/uploads\/2020\/05\/IMAGEM_NOTICIA_5-2-300x294.jpg",300,294,true],"mantranews-block-medium":["https:\/\/blogopara.com.br\/wp-content\/uploads\/2020\/05\/IMAGEM_NOTICIA_5-2-400x290.jpg",400,290,true],"mantranews-carousel-image":["https:\/\/blogopara.com.br\/wp-content\/uploads\/2020\/05\/IMAGEM_NOTICIA_5-2.jpg",400,294,false],"mantranews-block-thumb":["https:\/\/blogopara.com.br\/wp-content\/uploads\/2020\/05\/IMAGEM_NOTICIA_5-2-322x230.jpg",322,230,true],"mantranews-single-large":["https:\/\/blogopara.com.br\/wp-content\/uploads\/2020\/05\/IMAGEM_NOTICIA_5-2.jpg",400,294,false]},"uagb_author_info":{"display_name":"Reda\u00e7\u00e3o geral","author_link":"https:\/\/blogopara.com.br\/index.php\/author\/blogopara"},"uagb_comment_info":0,"uagb_excerpt":"Uma decis\u00e3o do presidente do Tribunal de Justi\u00e7a da Bahia (TJ-BA), Lourival Trindade, suspendeu a interdi\u00e7\u00e3o parcial do pres\u00eddio de Juazeiro, no Sert\u00e3o do S\u00e3o Francisco. A medida, publicada nesta segunda-feira (4), libera o espa\u00e7o que havia sido interditado pelo juiz da Comarca local ap\u00f3s a\u00e7\u00e3o do Minist\u00e9rio P\u00fablico do Estado (MP-BA). O magistrado tinha&hellip;","jetpack_sharing_enabled":true,"jetpack_likes_enabled":true,"_links":{"self":[{"href":"https:\/\/blogopara.com.br\/index.php\/wp-json\/wp\/v2\/posts\/10083","targetHints":{"allow":["GET"]}}],"collection":[{"href":"https:\/\/blogopara.com.br\/index.php\/wp-json\/wp\/v2\/posts"}],"about":[{"href":"https:\/\/blogopara.com.br\/index.php\/wp-json\/wp\/v2\/types\/post"}],"author":[{"embeddable":true,"href":"https:\/\/blogopara.com.br\/index.php\/wp-json\/wp\/v2\/users\/1"}],"replies":[{"embeddable":true,"href":"https:\/\/blogopara.com.br\/index.php\/wp-json\/wp\/v2\/comments?post=10083"}],"version-history":[{"count":1,"href":"https:\/\/blogopara.com.br\/index.php\/wp-json\/wp\/v2\/posts\/10083\/revisions"}],"predecessor-version":[{"id":10085,"href":"https:\/\/blogopara.com.br\/index.php\/wp-json\/wp\/v2\/posts\/10083\/revisions\/10085"}],"wp:featuredmedia":[{"embeddable":true,"href":"https:\/\/blogopara.com.br\/index.php\/wp-json\/wp\/v2\/media\/10084"}],"wp:attachment":[{"href":"https:\/\/blogopara.com.br\/index.php\/wp-json\/wp\/v2\/media?parent=10083"}],"wp:term":[{"taxonomy":"category","embeddable":true,"href":"https:\/\/blogopara.com.br\/index.php\/wp-json\/wp\/v2\/categories?post=10083"},{"taxonomy":"post_tag","embeddable":true,"href":"https:\/\/blogopara.com.br\/index.php\/wp-json\/wp\/v2\/tags?post=10083"}],"curies":[{"name":"wp","href":"https:\/\/api.w.org\/{rel}","templated":true}]}}