{"id":10104,"date":"2020-05-04T20:47:14","date_gmt":"2020-05-04T23:47:14","guid":{"rendered":"http:\/\/blogopara.com.br\/?p=10104"},"modified":"2020-05-04T20:47:22","modified_gmt":"2020-05-04T23:47:22","slug":"sergio-moro-solicita-que-conteudo-do-seu-depoimento-a-pf-se-torne-publico","status":"publish","type":"post","link":"https:\/\/blogopara.com.br\/index.php\/2020\/05\/04\/sergio-moro-solicita-que-conteudo-do-seu-depoimento-a-pf-se-torne-publico","title":{"rendered":"S\u00e9rgio Moro solicita que conte\u00fado do seu depoimento \u00e0 PF, se torne p\u00fablico"},"content":{"rendered":"<p style=\"text-align: justify;\">O que disse e apresentou o ex-ministro e ex-juiz, S\u00e9rgio Moro, \u00e0 Pol\u00edcia federal, em depoimento colhido em Curitiba no s\u00e1bado (2), est\u00e1 bem pr\u00f3ximo de ser revelado, ap\u00f3s pedido do pr\u00f3prio Moro para que o conte\u00fado do seu depoimento seja revelado.<\/p>\n<p style=\"text-align: justify;\">Atrav\u00e9s de peti\u00e7\u00e3o, os advogados de Moro explicitaram o desejo de que o depoimento se torne p\u00fablico: \u201cC<em>onsiderando que a imprensa, no exerc\u00edcio do seu leg\u00edtimo e democr\u00e1tico papel de informar a sociedade, vem divulgando trechos isolados do depoimento prestado pelo requerente em data de 2 de maio de 2020, esta defesa, com intuito de evitar interpreta\u00e7\u00f5es dissociadas de todo o contexto das declara\u00e7\u00f5es e garantindo o direito constitucional de informa\u00e7\u00e3o integral dos fatos relevantes &#8212; todos eles de interesse p\u00fablico &#8212; objeto do presente inqu\u00e9rito, n\u00e3o se op\u00f5e \u00e0 publicidade dos atos praticados nestes autos, inclusive no tocante ao teor integral do depoimento prestado pelo requerente<\/em>\u201d, escreveram.<\/p>\n<p style=\"text-align: justify;\">Nesta segunda-feira a Procuradoria-Geral da Rep\u00fablica j\u00e1 havia solicitado ao ministro Celso de Mello, do Supremo Tribunal Federal (STF), dilig\u00eancias para apurar relatos e provas apresentadas pelo ex-ministro da Justi\u00e7a e Seguran\u00e7a P\u00fablica, incluindo solicita\u00e7\u00e3o para que sejam colhido os depoimentos de tr\u00eas ministros de Estado: o chefe do Gabinete de Seguran\u00e7a Institucional (GSI), general Augusto Heleno, o ministro-chefe da Secretaria de Governo, Luiz Eduardo Ramos, e o ministro da Casa Civil, Braga Netto, arrolados no processo ap\u00f3s cita\u00e7\u00e3o de Moro de ekles teriam testemunhado as amea\u00e7as de demiss\u00e3o se n\u00e3o substitu\u00edsse o superintendente da Policia Federal do Rio de Janeiro.<\/p>\n<p style=\"text-align: justify;\">A deputada Carla Zambelli e delegados da PF, incluindo Maur\u00edcio Valeixo, o piv\u00f4 de toda crise entre Moro e Bolsonaro, tamb\u00e9m ser\u00e3o ouvidos pela Pol\u00edcia Federal.<\/p>\n<p style=\"text-align: justify;\">O Procurador solicitou ainda que a grava\u00e7\u00e3o de reuni\u00e3o ministerial citada por Moro, onde ele teria afirmado\u00a0ter sido amea\u00e7ado de demiss\u00e3o caso n\u00e3o interferisse na Pol\u00edcia Federal no Rio de Janeiro, seja requisitada de imediato.<\/p>\n<pre>Fonte: RedeGN<\/pre>\n","protected":false},"excerpt":{"rendered":"<p>O que disse e apresentou o ex-ministro e ex-juiz, S\u00e9rgio Moro, \u00e0 Pol\u00edcia federal, em depoimento colhido em Curitiba no s\u00e1bado (2), est\u00e1 bem pr\u00f3ximo de ser revelado, ap\u00f3s pedido do pr\u00f3prio Moro para que o conte\u00fado do seu depoimento seja revelado. Atrav\u00e9s de peti\u00e7\u00e3o, os advogados de Moro explicitaram o desejo de que o [&hellip;]<\/p>\n","protected":false},"author":1,"featured_media":10042,"comment_status":"open","ping_status":"open","sticky":false,"template":"","format":"standard","meta":{"_uag_custom_page_level_css":"","_monsterinsights_skip_tracking":false,"_monsterinsights_sitenote_active":false,"_monsterinsights_sitenote_note":"","_monsterinsights_sitenote_category":0,"jetpack_post_was_ever_published":false,"_jetpack_newsletter_access":"","_jetpack_dont_email_post_to_subs":false,"_jetpack_newsletter_tier_id":0,"_jetpack_memberships_contains_paywalled_content":false,"_jetpack_memberships_contains_paid_content":false,"footnotes":"","jetpack_publicize_message":"","jetpack_publicize_feature_enabled":true,"jetpack_social_post_already_shared":true,"jetpack_social_options":{"image_generator_settings":{"template":"highway","default_image_id":0,"font":"","enabled":false},"version":2}},"categories":[200],"tags":[],"class_list":["post-10104","post","type-post","status-publish","format-standard","has-post-thumbnail","hentry","category-brasil"],"jetpack_publicize_connections":[],"jetpack_featured_media_url":"https:\/\/blogopara.com.br\/wp-content\/uploads\/2020\/05\/91393apos-mais-de-oito-horas-moro-conclui-depoimento-a-pf-3.jpg","uagb_featured_image_src":{"full":["https:\/\/blogopara.com.br\/wp-content\/uploads\/2020\/05\/91393apos-mais-de-oito-horas-moro-conclui-depoimento-a-pf-3.jpg",500,235,false],"thumbnail":["https:\/\/blogopara.com.br\/wp-content\/uploads\/2020\/05\/91393apos-mais-de-oito-horas-moro-conclui-depoimento-a-pf-3-150x150.jpg",150,150,true],"medium":["https:\/\/blogopara.com.br\/wp-content\/uploads\/2020\/05\/91393apos-mais-de-oito-horas-moro-conclui-depoimento-a-pf-3-300x141.jpg",300,141,true],"medium_large":["https:\/\/blogopara.com.br\/wp-content\/uploads\/2020\/05\/91393apos-mais-de-oito-horas-moro-conclui-depoimento-a-pf-3.jpg",500,235,false],"large":["https:\/\/blogopara.com.br\/wp-content\/uploads\/2020\/05\/91393apos-mais-de-oito-horas-moro-conclui-depoimento-a-pf-3.jpg",500,235,false],"1536x1536":["https:\/\/blogopara.com.br\/wp-content\/uploads\/2020\/05\/91393apos-mais-de-oito-horas-moro-conclui-depoimento-a-pf-3.jpg",500,235,false],"2048x2048":["https:\/\/blogopara.com.br\/wp-content\/uploads\/2020\/05\/91393apos-mais-de-oito-horas-moro-conclui-depoimento-a-pf-3.jpg",500,235,false],"mantranews-slider-large":["https:\/\/blogopara.com.br\/wp-content\/uploads\/2020\/05\/91393apos-mais-de-oito-horas-moro-conclui-depoimento-a-pf-3.jpg",500,235,false],"mantranews-featured-medium":["https:\/\/blogopara.com.br\/wp-content\/uploads\/2020\/05\/91393apos-mais-de-oito-horas-moro-conclui-depoimento-a-pf-3-420x235.jpg",420,235,true],"mantranews-featured-long":["https:\/\/blogopara.com.br\/wp-content\/uploads\/2020\/05\/91393apos-mais-de-oito-horas-moro-conclui-depoimento-a-pf-3-300x235.jpg",300,235,true],"mantranews-block-medium":["https:\/\/blogopara.com.br\/wp-content\/uploads\/2020\/05\/91393apos-mais-de-oito-horas-moro-conclui-depoimento-a-pf-3-464x235.jpg",464,235,true],"mantranews-carousel-image":["https:\/\/blogopara.com.br\/wp-content\/uploads\/2020\/05\/91393apos-mais-de-oito-horas-moro-conclui-depoimento-a-pf-3.jpg",500,235,false],"mantranews-block-thumb":["https:\/\/blogopara.com.br\/wp-content\/uploads\/2020\/05\/91393apos-mais-de-oito-horas-moro-conclui-depoimento-a-pf-3-322x230.jpg",322,230,true],"mantranews-single-large":["https:\/\/blogopara.com.br\/wp-content\/uploads\/2020\/05\/91393apos-mais-de-oito-horas-moro-conclui-depoimento-a-pf-3.jpg",500,235,false]},"uagb_author_info":{"display_name":"Reda\u00e7\u00e3o geral","author_link":"https:\/\/blogopara.com.br\/index.php\/author\/blogopara"},"uagb_comment_info":0,"uagb_excerpt":"O que disse e apresentou o ex-ministro e ex-juiz, S\u00e9rgio Moro, \u00e0 Pol\u00edcia federal, em depoimento colhido em Curitiba no s\u00e1bado (2), est\u00e1 bem pr\u00f3ximo de ser revelado, ap\u00f3s pedido do pr\u00f3prio Moro para que o conte\u00fado do seu depoimento seja revelado. Atrav\u00e9s de peti\u00e7\u00e3o, os advogados de Moro explicitaram o desejo de que o&hellip;","jetpack_sharing_enabled":true,"jetpack_likes_enabled":true,"_links":{"self":[{"href":"https:\/\/blogopara.com.br\/index.php\/wp-json\/wp\/v2\/posts\/10104","targetHints":{"allow":["GET"]}}],"collection":[{"href":"https:\/\/blogopara.com.br\/index.php\/wp-json\/wp\/v2\/posts"}],"about":[{"href":"https:\/\/blogopara.com.br\/index.php\/wp-json\/wp\/v2\/types\/post"}],"author":[{"embeddable":true,"href":"https:\/\/blogopara.com.br\/index.php\/wp-json\/wp\/v2\/users\/1"}],"replies":[{"embeddable":true,"href":"https:\/\/blogopara.com.br\/index.php\/wp-json\/wp\/v2\/comments?post=10104"}],"version-history":[{"count":1,"href":"https:\/\/blogopara.com.br\/index.php\/wp-json\/wp\/v2\/posts\/10104\/revisions"}],"predecessor-version":[{"id":10105,"href":"https:\/\/blogopara.com.br\/index.php\/wp-json\/wp\/v2\/posts\/10104\/revisions\/10105"}],"wp:featuredmedia":[{"embeddable":true,"href":"https:\/\/blogopara.com.br\/index.php\/wp-json\/wp\/v2\/media\/10042"}],"wp:attachment":[{"href":"https:\/\/blogopara.com.br\/index.php\/wp-json\/wp\/v2\/media?parent=10104"}],"wp:term":[{"taxonomy":"category","embeddable":true,"href":"https:\/\/blogopara.com.br\/index.php\/wp-json\/wp\/v2\/categories?post=10104"},{"taxonomy":"post_tag","embeddable":true,"href":"https:\/\/blogopara.com.br\/index.php\/wp-json\/wp\/v2\/tags?post=10104"}],"curies":[{"name":"wp","href":"https:\/\/api.w.org\/{rel}","templated":true}]}}