{"id":10172,"date":"2020-05-07T06:24:00","date_gmt":"2020-05-07T09:24:00","guid":{"rendered":"http:\/\/blogopara.com.br\/?p=10172"},"modified":"2020-05-06T15:31:28","modified_gmt":"2020-05-06T18:31:28","slug":"carlos-neiva-sai-em-defesa-da-democracia-e-contra-os-fake-news","status":"publish","type":"post","link":"https:\/\/blogopara.com.br\/index.php\/2020\/05\/07\/carlos-neiva-sai-em-defesa-da-democracia-e-contra-os-fake-news","title":{"rendered":"Carlos Neiva sai em defesa da democracia e contra os fake news"},"content":{"rendered":"<p style=\"text-align: justify;\">O antidemocr\u00e1tico projeto aprovado pela c\u00e2mara de vereadores,suscitou na sociedade grande repulsa pelo teor do projeto. Embora trate da puni\u00e7\u00e3o aos\u00a0 &#8220;fakes news&#8221;, na sua ess\u00eancia ele tem como objetivo intimidar e amorda\u00e7ar o cidad\u00e3o comum e os ve\u00edculos de comunica\u00e7\u00e3o.<\/p>\n<p style=\"text-align: justify;\">O empres\u00e1rio Carlos Neiva, que foi secret\u00e1rio de Desenvolvimento Econ\u00f4mico do munic\u00edpio de Juazeiro e sempre participou da CDL, ACIAJ e na AEDISF- Associa\u00e7\u00e3o das Empresas do Distrito Industrial do S\u00e3o Francisco, foi uma das vozes que se levantaram contra o projeto e as suas inten\u00e7\u00f5es claras de intimidar a popula\u00e7\u00e3o, nesse momento de profunda crise na sa\u00fade do munic\u00edpio.<\/p>\n<p style=\"text-align: justify;\">Com hist\u00f3ria de luta nos movimentos sociais, Carlos Neiva participou ativamente do movimento, pol\u00edtico, cultural e art\u00edstico, &#8220;Sociedade Alternativa&#8221;, na d\u00e9cada de 90. Tinha como bandeiras de luta a participa\u00e7\u00e3o da sociedade no processo de constru\u00e7\u00e3o das pol\u00edticas p\u00fablicas.<\/p>\n<blockquote>\n<h4 style=\"text-align: justify;\"><span style=\"color: #99cc00;\">&#8220;Por tudo que j\u00e1 passei e pelo apre\u00e7o que tenho a democracia e a verdade, n\u00e3o poderia me furtar de expor a minha indigna\u00e7\u00e3o contra tudo que seja contr\u00e1rio \u00e0 democracia e a liberdade de express\u00e3o&#8221;, explica Neiva.<\/span><\/h4>\n<\/blockquote>\n<p style=\"text-align: justify;\">Ele ressalta ainda que sempre foi e ser\u00e1 contra as fakes news, parta de onde partir, inclusive que acredita ser mais grave quando \u00e9 o poder p\u00fablico que faz uso das fakes news. &#8220;Temos visto por parte da atual gest\u00e3o municipal o uso das redes sociais para propagarem mentiras sobre a sa\u00fade p\u00fablica e o combate \u00e0 pandemia do Coronav\u00edrus na regi\u00e3o&#8221;.<\/p>\n<p style=\"text-align: justify;\">Segundo Neiva, proposta \u00e9 criar um movimento de combate \u00e0s fake news, aberto \u00e0 participa\u00e7\u00e3o de todas as entidades, institui\u00e7\u00f5es e organiza\u00e7\u00f5es sociais comprometidas com a luta em defesa da verdade, &#8220;contra a desinforma\u00e7\u00e3o, a favor da liberdade de express\u00e3o e do direito \u00e0 informa\u00e7\u00e3o e pela democracia&#8221;, ressaltou Neiva.<\/p>\n<pre>\nASCOM PV<\/pre>\n","protected":false},"excerpt":{"rendered":"<p>O antidemocr\u00e1tico projeto aprovado pela c\u00e2mara de vereadores,suscitou na sociedade grande repulsa pelo teor do projeto. Embora trate da puni\u00e7\u00e3o aos\u00a0 &#8220;fakes news&#8221;, na sua ess\u00eancia ele tem como objetivo intimidar e amorda\u00e7ar o cidad\u00e3o comum e os ve\u00edculos de comunica\u00e7\u00e3o. O empres\u00e1rio Carlos Neiva, que foi secret\u00e1rio de Desenvolvimento Econ\u00f4mico do munic\u00edpio de Juazeiro [&hellip;]<\/p>\n","protected":false},"author":1,"featured_media":10197,"comment_status":"open","ping_status":"open","sticky":false,"template":"","format":"standard","meta":{"_uag_custom_page_level_css":"","_monsterinsights_skip_tracking":false,"_monsterinsights_sitenote_active":false,"_monsterinsights_sitenote_note":"","_monsterinsights_sitenote_category":0,"jetpack_post_was_ever_published":false,"_jetpack_newsletter_access":"","_jetpack_dont_email_post_to_subs":false,"_jetpack_newsletter_tier_id":0,"_jetpack_memberships_contains_paywalled_content":false,"_jetpack_memberships_contains_paid_content":false,"footnotes":"","jetpack_publicize_message":"","jetpack_publicize_feature_enabled":true,"jetpack_social_post_already_shared":false,"jetpack_social_options":{"image_generator_settings":{"template":"highway","default_image_id":0,"font":"","enabled":false},"version":2}},"categories":[203,197],"tags":[],"class_list":["post-10172","post","type-post","status-publish","format-standard","has-post-thumbnail","hentry","category-juazeiro","category-politica"],"jetpack_publicize_connections":[],"jetpack_featured_media_url":"https:\/\/blogopara.com.br\/wp-content\/uploads\/2020\/05\/WhatsApp-Image-2020-05-06-at-13.31.32.jpeg","uagb_featured_image_src":{"full":["https:\/\/blogopara.com.br\/wp-content\/uploads\/2020\/05\/WhatsApp-Image-2020-05-06-at-13.31.32.jpeg",400,391,false],"thumbnail":["https:\/\/blogopara.com.br\/wp-content\/uploads\/2020\/05\/WhatsApp-Image-2020-05-06-at-13.31.32-150x150.jpeg",150,150,true],"medium":["https:\/\/blogopara.com.br\/wp-content\/uploads\/2020\/05\/WhatsApp-Image-2020-05-06-at-13.31.32-300x293.jpeg",300,293,true],"medium_large":["https:\/\/blogopara.com.br\/wp-content\/uploads\/2020\/05\/WhatsApp-Image-2020-05-06-at-13.31.32.jpeg",400,391,false],"large":["https:\/\/blogopara.com.br\/wp-content\/uploads\/2020\/05\/WhatsApp-Image-2020-05-06-at-13.31.32.jpeg",400,391,false],"1536x1536":["https:\/\/blogopara.com.br\/wp-content\/uploads\/2020\/05\/WhatsApp-Image-2020-05-06-at-13.31.32.jpeg",400,391,false],"2048x2048":["https:\/\/blogopara.com.br\/wp-content\/uploads\/2020\/05\/WhatsApp-Image-2020-05-06-at-13.31.32.jpeg",400,391,false],"mantranews-slider-large":["https:\/\/blogopara.com.br\/wp-content\/uploads\/2020\/05\/WhatsApp-Image-2020-05-06-at-13.31.32.jpeg",400,391,false],"mantranews-featured-medium":["https:\/\/blogopara.com.br\/wp-content\/uploads\/2020\/05\/WhatsApp-Image-2020-05-06-at-13.31.32-400x307.jpeg",400,307,true],"mantranews-featured-long":["https:\/\/blogopara.com.br\/wp-content\/uploads\/2020\/05\/WhatsApp-Image-2020-05-06-at-13.31.32-300x391.jpeg",300,391,true],"mantranews-block-medium":["https:\/\/blogopara.com.br\/wp-content\/uploads\/2020\/05\/WhatsApp-Image-2020-05-06-at-13.31.32-400x290.jpeg",400,290,true],"mantranews-carousel-image":["https:\/\/blogopara.com.br\/wp-content\/uploads\/2020\/05\/WhatsApp-Image-2020-05-06-at-13.31.32.jpeg",400,391,false],"mantranews-block-thumb":["https:\/\/blogopara.com.br\/wp-content\/uploads\/2020\/05\/WhatsApp-Image-2020-05-06-at-13.31.32-322x230.jpeg",322,230,true],"mantranews-single-large":["https:\/\/blogopara.com.br\/wp-content\/uploads\/2020\/05\/WhatsApp-Image-2020-05-06-at-13.31.32.jpeg",400,391,false]},"uagb_author_info":{"display_name":"Reda\u00e7\u00e3o geral","author_link":"https:\/\/blogopara.com.br\/index.php\/author\/blogopara"},"uagb_comment_info":0,"uagb_excerpt":"O antidemocr\u00e1tico projeto aprovado pela c\u00e2mara de vereadores,suscitou na sociedade grande repulsa pelo teor do projeto. Embora trate da puni\u00e7\u00e3o aos\u00a0 &#8220;fakes news&#8221;, na sua ess\u00eancia ele tem como objetivo intimidar e amorda\u00e7ar o cidad\u00e3o comum e os ve\u00edculos de comunica\u00e7\u00e3o. O empres\u00e1rio Carlos Neiva, que foi secret\u00e1rio de Desenvolvimento Econ\u00f4mico do munic\u00edpio de Juazeiro&hellip;","jetpack_sharing_enabled":true,"jetpack_likes_enabled":true,"_links":{"self":[{"href":"https:\/\/blogopara.com.br\/index.php\/wp-json\/wp\/v2\/posts\/10172","targetHints":{"allow":["GET"]}}],"collection":[{"href":"https:\/\/blogopara.com.br\/index.php\/wp-json\/wp\/v2\/posts"}],"about":[{"href":"https:\/\/blogopara.com.br\/index.php\/wp-json\/wp\/v2\/types\/post"}],"author":[{"embeddable":true,"href":"https:\/\/blogopara.com.br\/index.php\/wp-json\/wp\/v2\/users\/1"}],"replies":[{"embeddable":true,"href":"https:\/\/blogopara.com.br\/index.php\/wp-json\/wp\/v2\/comments?post=10172"}],"version-history":[{"count":13,"href":"https:\/\/blogopara.com.br\/index.php\/wp-json\/wp\/v2\/posts\/10172\/revisions"}],"predecessor-version":[{"id":10196,"href":"https:\/\/blogopara.com.br\/index.php\/wp-json\/wp\/v2\/posts\/10172\/revisions\/10196"}],"wp:featuredmedia":[{"embeddable":true,"href":"https:\/\/blogopara.com.br\/index.php\/wp-json\/wp\/v2\/media\/10197"}],"wp:attachment":[{"href":"https:\/\/blogopara.com.br\/index.php\/wp-json\/wp\/v2\/media?parent=10172"}],"wp:term":[{"taxonomy":"category","embeddable":true,"href":"https:\/\/blogopara.com.br\/index.php\/wp-json\/wp\/v2\/categories?post=10172"},{"taxonomy":"post_tag","embeddable":true,"href":"https:\/\/blogopara.com.br\/index.php\/wp-json\/wp\/v2\/tags?post=10172"}],"curies":[{"name":"wp","href":"https:\/\/api.w.org\/{rel}","templated":true}]}}