{"id":10177,"date":"2020-05-10T06:50:00","date_gmt":"2020-05-10T09:50:00","guid":{"rendered":"http:\/\/blogopara.com.br\/?p=10177"},"modified":"2020-05-06T09:59:18","modified_gmt":"2020-05-06T12:59:18","slug":"o-desastre-do-processo-de-escolha-da-candidatura-do-pt-a-prefeitura-de-salvador","status":"publish","type":"post","link":"https:\/\/blogopara.com.br\/index.php\/2020\/05\/10\/o-desastre-do-processo-de-escolha-da-candidatura-do-pt-a-prefeitura-de-salvador","title":{"rendered":"O desastre do processo de escolha da candidatura do PT \u00e0 Prefeitura de Salvador"},"content":{"rendered":"<p>Por : Patricia Valim<\/p>\n<p style=\"text-align: justify;\">O processo de escolha da candidatura petista \u00e0 prefeitura de Salvador terminou ontem, \u00faltimo domingo de abril, em plena pandemia do coronav\u00edrus, durante um encontro intern\u00e9tico restrito aos dirigentes petistas dos diret\u00f3rios municipal e estadual e presidentes das zonais, que n\u00e3o foram eleitos com esse objetivo no \u00faltimo PED. Com 32 votos para a Major Denice Santiago e \u00e0 revelia dos 13 corajosos membros do diret\u00f3rio que votaram na Soci\u00f3loga Vilma Reis e no ex Ministro da Cultura Juca Ferreira, o diret\u00f3rio municipal do PT de Salvador decidiu pelo projeto de militarizar a pol\u00edtica do munic\u00edpio, um dos mais violentos do pa\u00eds em termos de genoc\u00eddio da popula\u00e7\u00e3o negra, com boa parte das den\u00fancias recaindo justamente sobre a PM, corpora\u00e7\u00e3o da candidata escolhida.<\/p>\n<p style=\"text-align: justify;\">Esse processo todo foi desde o in\u00edcio muito violento, autorit\u00e1rio e at\u00e9 perverso. Violento porque acredit\u00e1vamos que o sil\u00eancio da candidata escolhida durante a quarentena, com o \u00edndice de viol\u00eancia nas comunidades aumentando exponencialmente, era porque ela estava preparando um plano de governo para a cidade e se preparando para debat\u00ea-lo com a milit\u00e2ncia e os demais pr\u00e9-candidatos. Infelizmente, a major Denice Santiago perdeu a chance de mostrar para a milit\u00e2ncia as raz\u00f5es pelas quais ela \u00e9 a candidata dos mandat\u00e1rios do partido. Mas ela n\u00e3o se preparou o debate, n\u00e3o apresentou nenhuma proposta concreta para a cidade e n\u00e3o apareceu ao debate das pr\u00e9-candidaturas, alegando que tinha um compromisso naquela mesma hora. A candidata tinha tanta certeza que seria a escolhida que nem se deu ao trabalho de se preparar e achou tranquilo desrespeitar os colegas pr\u00e9 candidatos e petistas decanos do partido que ela se filiou h\u00e1 um m\u00eas.<\/p>\n<p style=\"text-align: justify;\">Autorit\u00e1rio porque os dirigentes do partido, essa heteronormatividade branca e anacr\u00f4nica que comanda os diret\u00f3rios municipal e estadual do PT\/BA precisou usar todo tipo de dispositivo para silenciar a pr\u00e9-candidatura de Vilma Reis que saiu do movimento de mulheres e da turma &#8220;eu quero ela&#8221; da bancada do feij\u00e3o absolutamente articulada com os movimentos sociais e foi crescendo e se desenvolvendo e se legitimou como candidata politicamente na cidade, no estado e no pa\u00eds. Vilma Reis obteve apoio de artistas, intelectuais e pol\u00edticos decanos do PT no pa\u00eds inteiro. Raz\u00e3o pela qual os dirigentes do partido precisaram forjar uma candidatura que eles pudessem controlar e que fosse \u00e0 imagem e semelhan\u00e7a de Vilma Reis: mulher, negra, feminista. E no s\u00e9timo dia encontraram na major todas as caracter\u00edsticas necess\u00e1rias para continuarem controlando o partido e a candidatura dela. Viol\u00eancia maior n\u00e3o h\u00e1, j\u00e1 escrevi em outra ocasi\u00e3o.<\/p>\n<p style=\"text-align: justify;\">O fato \u00e9 que a for\u00e7a da candidatura de Vilma Reis \u00e9 tal e abalou de tal sorte as estruturas do PT da Bahia que logo ap\u00f3s o an\u00fancio da vit\u00f3ria de Pirro da Major Denice a coordena\u00e7\u00e3o de sua pr\u00e9-candidatura \u00a0PLAGIOU o slogan da campanha de Vilma Reis: #Agora\u00c9Ela na tentativa de forjar uma aproximidade que n\u00e3o existe ao se apropriar indevidamente do capital pol\u00edtico (e simb\u00f3lico) de Vilma Reis para tentar transferir apoios e votos para a major sob a fal\u00e1cia da &#8220;unidade&#8221; &#8211; a prima pobre da &#8220;governabilidade&#8221;, lembram? Como bisneta de italianos da regi\u00e3o da Cal\u00e1bria me lembrei de um ditado que minha av\u00f3 sempre repetia: quem n\u00e3o sabe aproveitar uma vit\u00f3ria, n\u00e3o merece ganhar. O que vale afirmar que al\u00e9m do autoritarismo de um processo cheio de manobras que resultou na vit\u00f3ria de uma candidata sem legitimidade social e pol\u00edtica, a corrente majorit\u00e1ria do PT\/BA resolveu terminar o dia provocando a milit\u00e2ncia.<\/p>\n<p style=\"text-align: justify;\">C\u00e1lculo pol\u00edtico \u00e9 pra quem sabe fazer! Escrevo isso porque se \u00e9 verdade que a Major Denice foi escolhida pelos dirigentes do PT\/BA \u00e0 revelia da milit\u00e2ncia, tamb\u00e9m \u00e9 verdade que a Major s\u00f3 conseguir\u00e1 ir para o segundo turno com o engajamento dessa mesma milit\u00e2ncia apartada do processo. Nada indica que isso ir\u00e1 acontecer. Por isso, e agora, o que devemos fazer como militantes? Ser\u00e1 poss\u00edvel construir a unidade com quem provoca o grupo que perdeu? Ser\u00e1 poss\u00edvel construir a unidade em torno de um projeto que n\u00e3o foi escolhido por meio de um processo democr\u00e1tico e pela maioria do partido? Ser\u00e1 poss\u00edvel construir um projeto em torno de uma candidata sem legitimidade pol\u00edtica e que vai agir conforme os projetos dos dirigentes do partido? Por fim: ser\u00e1 poss\u00edvel construir a unidade em torno de um projeto que ir\u00e1 militarizar a pol\u00edtica de um partido de esquerda e que ir\u00e1 penalizar mais ainda a popula\u00e7\u00e3o negra, pobre e vulner\u00e1vel do munic\u00edpio?<\/p>\n<p style=\"text-align: justify;\">Pois em verdade vos digo, companheiros e companheiras, quem obteve uma vit\u00f3ria de Pirro com essa candidatura precisa construir a unidade ao passo que n\u00f3s que lutamos pelas pr\u00e9-candidaturas de Vilma Reis e Juca Ferreira podemos nos juntar, somar esfor\u00e7os, fortalecer nossas candidaturas para a verean\u00e7a e disputar o PT, esse partido que foi e tem sido constru\u00eddo por todos n\u00f3s. E o nome disso \u00e9 resist\u00eancia, eles sabem. \u00c0 luta por um PT radicalmente democr\u00e1tico.<\/p>\n<pre>Professora de Hist\u00f3ria do Brasil Colonial da Universidade Federal da Bahia. Conselheira do Centro de Pesquisa e Documenta\u00e7\u00e3o da Funda\u00e7\u00e3o Perseu Abramo<\/pre>\n<pre>Fonte: Brasil247<\/pre>\n","protected":false},"excerpt":{"rendered":"<p>A historiadora Patr\u00edcia Valim escreve sobre o que qualifica de processo &#8220;violento, autorit\u00e1rio e at\u00e9 perverso&#8221; para escolha da Major Denice Santiago, da PM, como candidata do PT \u00e0 Prefeitura de Salvador<\/p>\n","protected":false},"author":1,"featured_media":10178,"comment_status":"open","ping_status":"open","sticky":false,"template":"","format":"standard","meta":{"_uag_custom_page_level_css":"","_monsterinsights_skip_tracking":false,"_monsterinsights_sitenote_active":false,"_monsterinsights_sitenote_note":"","_monsterinsights_sitenote_category":0,"jetpack_post_was_ever_published":false,"_jetpack_newsletter_access":"","_jetpack_dont_email_post_to_subs":false,"_jetpack_newsletter_tier_id":0,"_jetpack_memberships_contains_paywalled_content":false,"_jetpack_memberships_contains_paid_content":false,"footnotes":"","jetpack_publicize_message":"","jetpack_publicize_feature_enabled":true,"jetpack_social_post_already_shared":true,"jetpack_social_options":{"image_generator_settings":{"template":"highway","default_image_id":0,"font":"","enabled":false},"version":2}},"categories":[199,197],"tags":[],"class_list":["post-10177","post","type-post","status-publish","format-standard","has-post-thumbnail","hentry","category-bahia","category-politica"],"jetpack_publicize_connections":[],"jetpack_featured_media_url":"https:\/\/blogopara.com.br\/wp-content\/uploads\/2020\/05\/MAJOR-DENICE-SALVDOR-NOT\u00cdCIA.jpg","uagb_featured_image_src":{"full":["https:\/\/blogopara.com.br\/wp-content\/uploads\/2020\/05\/MAJOR-DENICE-SALVDOR-NOT\u00cdCIA.jpg",500,375,false],"thumbnail":["https:\/\/blogopara.com.br\/wp-content\/uploads\/2020\/05\/MAJOR-DENICE-SALVDOR-NOT\u00cdCIA-150x150.jpg",150,150,true],"medium":["https:\/\/blogopara.com.br\/wp-content\/uploads\/2020\/05\/MAJOR-DENICE-SALVDOR-NOT\u00cdCIA-300x225.jpg",300,225,true],"medium_large":["https:\/\/blogopara.com.br\/wp-content\/uploads\/2020\/05\/MAJOR-DENICE-SALVDOR-NOT\u00cdCIA.jpg",500,375,false],"large":["https:\/\/blogopara.com.br\/wp-content\/uploads\/2020\/05\/MAJOR-DENICE-SALVDOR-NOT\u00cdCIA.jpg",500,375,false],"1536x1536":["https:\/\/blogopara.com.br\/wp-content\/uploads\/2020\/05\/MAJOR-DENICE-SALVDOR-NOT\u00cdCIA.jpg",500,375,false],"2048x2048":["https:\/\/blogopara.com.br\/wp-content\/uploads\/2020\/05\/MAJOR-DENICE-SALVDOR-NOT\u00cdCIA.jpg",500,375,false],"mantranews-slider-large":["https:\/\/blogopara.com.br\/wp-content\/uploads\/2020\/05\/MAJOR-DENICE-SALVDOR-NOT\u00cdCIA.jpg",500,375,false],"mantranews-featured-medium":["https:\/\/blogopara.com.br\/wp-content\/uploads\/2020\/05\/MAJOR-DENICE-SALVDOR-NOT\u00cdCIA-420x307.jpg",420,307,true],"mantranews-featured-long":["https:\/\/blogopara.com.br\/wp-content\/uploads\/2020\/05\/MAJOR-DENICE-SALVDOR-NOT\u00cdCIA-300x375.jpg",300,375,true],"mantranews-block-medium":["https:\/\/blogopara.com.br\/wp-content\/uploads\/2020\/05\/MAJOR-DENICE-SALVDOR-NOT\u00cdCIA-464x290.jpg",464,290,true],"mantranews-carousel-image":["https:\/\/blogopara.com.br\/wp-content\/uploads\/2020\/05\/MAJOR-DENICE-SALVDOR-NOT\u00cdCIA.jpg",500,375,false],"mantranews-block-thumb":["https:\/\/blogopara.com.br\/wp-content\/uploads\/2020\/05\/MAJOR-DENICE-SALVDOR-NOT\u00cdCIA-322x230.jpg",322,230,true],"mantranews-single-large":["https:\/\/blogopara.com.br\/wp-content\/uploads\/2020\/05\/MAJOR-DENICE-SALVDOR-NOT\u00cdCIA.jpg",500,375,false]},"uagb_author_info":{"display_name":"Reda\u00e7\u00e3o geral","author_link":"https:\/\/blogopara.com.br\/index.php\/author\/blogopara"},"uagb_comment_info":0,"uagb_excerpt":"A historiadora Patr\u00edcia Valim escreve sobre o que qualifica de processo \"violento, autorit\u00e1rio e at\u00e9 perverso\" para escolha da Major Denice Santiago, da PM, como candidata do PT \u00e0 Prefeitura de Salvador","jetpack_sharing_enabled":true,"jetpack_likes_enabled":true,"_links":{"self":[{"href":"https:\/\/blogopara.com.br\/index.php\/wp-json\/wp\/v2\/posts\/10177","targetHints":{"allow":["GET"]}}],"collection":[{"href":"https:\/\/blogopara.com.br\/index.php\/wp-json\/wp\/v2\/posts"}],"about":[{"href":"https:\/\/blogopara.com.br\/index.php\/wp-json\/wp\/v2\/types\/post"}],"author":[{"embeddable":true,"href":"https:\/\/blogopara.com.br\/index.php\/wp-json\/wp\/v2\/users\/1"}],"replies":[{"embeddable":true,"href":"https:\/\/blogopara.com.br\/index.php\/wp-json\/wp\/v2\/comments?post=10177"}],"version-history":[{"count":1,"href":"https:\/\/blogopara.com.br\/index.php\/wp-json\/wp\/v2\/posts\/10177\/revisions"}],"predecessor-version":[{"id":10179,"href":"https:\/\/blogopara.com.br\/index.php\/wp-json\/wp\/v2\/posts\/10177\/revisions\/10179"}],"wp:featuredmedia":[{"embeddable":true,"href":"https:\/\/blogopara.com.br\/index.php\/wp-json\/wp\/v2\/media\/10178"}],"wp:attachment":[{"href":"https:\/\/blogopara.com.br\/index.php\/wp-json\/wp\/v2\/media?parent=10177"}],"wp:term":[{"taxonomy":"category","embeddable":true,"href":"https:\/\/blogopara.com.br\/index.php\/wp-json\/wp\/v2\/categories?post=10177"},{"taxonomy":"post_tag","embeddable":true,"href":"https:\/\/blogopara.com.br\/index.php\/wp-json\/wp\/v2\/tags?post=10177"}],"curies":[{"name":"wp","href":"https:\/\/api.w.org\/{rel}","templated":true}]}}