{"id":10257,"date":"2020-05-07T21:25:53","date_gmt":"2020-05-08T00:25:53","guid":{"rendered":"http:\/\/blogopara.com.br\/?p=10257"},"modified":"2020-05-08T10:20:02","modified_gmt":"2020-05-08T13:20:02","slug":"juazeiro-calote-da-prefeitura-faz-dono-de-locadora-de-veiculo-recolher-a-frota","status":"publish","type":"post","link":"https:\/\/blogopara.com.br\/index.php\/2020\/05\/07\/juazeiro-calote-da-prefeitura-faz-dono-de-locadora-de-veiculo-recolher-a-frota","title":{"rendered":"Juazeiro: Calote da prefeitura faz dono de locadora de ve\u00edculo recolher a frota"},"content":{"rendered":"<p style=\"text-align: justify;\">O dono de uma empresa de loca\u00e7\u00e3o de ve\u00edculos, que tinha contrato com a Prefeitura de Juazeiro, recolheu na manh\u00e3 desta quinta-feira (07) toda frota, segundo informa\u00e7\u00f5es diversos ve\u00edculos foram escondidos para n\u00e3o serem levados.<\/p>\n<p style=\"text-align: justify;\">O assunto tomando conta das redes sociais, o tenente J\u00fanior Bomfim se mostrou indignado com a situa\u00e7\u00e3o, &#8220;Nem mesmo em meio a grave epidemia, quando a prefeitura recebeu recursos extras na ordem de mais de 25 milh\u00f5es de reais&#8221;.<\/p>\n<p style=\"text-align: justify;\">Segundo informa\u00e7\u00f5es preliminares, a empresa respons\u00e1vel pelo aluguel dos carros a prefeitura, ap\u00f3s inadimpl\u00eancia de mais de 1 milh\u00e3o de reais, tomou de volta todos os carros alugados. &#8220;O prefeito e a C\u00e2mara de vereadores de Juazeiro formam a mais desavergonhada gest\u00e3o p\u00fablica desse pa\u00eds. Sangrando Juazeiro. Dando calotes , sucateando equipamentos p\u00fablicos, tornando Juazeiro esse antro de vergonha e desrespeito&#8221;, desabafou Junior Bomfim.<\/p>\n","protected":false},"excerpt":{"rendered":"<p>O dono de uma empresa de loca\u00e7\u00e3o de ve\u00edculos, que tinha contrato com a Prefeitura de Juazeiro, recolheu na manh\u00e3 desta quinta-feira (07) toda frota, segundo informa\u00e7\u00f5es diversos ve\u00edculos foram escondidos para n\u00e3o serem levados. O assunto tomando conta das redes sociais, o tenente J\u00fanior Bomfim se mostrou indignado com a situa\u00e7\u00e3o, &#8220;Nem mesmo em [&hellip;]<\/p>\n","protected":false},"author":1,"featured_media":10258,"comment_status":"open","ping_status":"open","sticky":false,"template":"","format":"standard","meta":{"_uag_custom_page_level_css":"","_monsterinsights_skip_tracking":false,"_monsterinsights_sitenote_active":false,"_monsterinsights_sitenote_note":"","_monsterinsights_sitenote_category":0,"jetpack_post_was_ever_published":false,"_jetpack_newsletter_access":"","_jetpack_dont_email_post_to_subs":false,"_jetpack_newsletter_tier_id":0,"_jetpack_memberships_contains_paywalled_content":false,"_jetpack_memberships_contains_paid_content":false,"footnotes":"","jetpack_publicize_message":"","jetpack_publicize_feature_enabled":true,"jetpack_social_post_already_shared":false,"jetpack_social_options":{"image_generator_settings":{"template":"highway","default_image_id":0,"font":"","enabled":false},"version":2}},"categories":[203],"tags":[],"class_list":["post-10257","post","type-post","status-publish","format-standard","has-post-thumbnail","hentry","category-juazeiro"],"jetpack_publicize_connections":[],"jetpack_featured_media_url":"https:\/\/blogopara.com.br\/wp-content\/uploads\/2020\/05\/WhatsApp-Image-2020-05-07-at-20.21.56.jpeg","uagb_featured_image_src":{"full":["https:\/\/blogopara.com.br\/wp-content\/uploads\/2020\/05\/WhatsApp-Image-2020-05-07-at-20.21.56.jpeg",500,375,false],"thumbnail":["https:\/\/blogopara.com.br\/wp-content\/uploads\/2020\/05\/WhatsApp-Image-2020-05-07-at-20.21.56-150x150.jpeg",150,150,true],"medium":["https:\/\/blogopara.com.br\/wp-content\/uploads\/2020\/05\/WhatsApp-Image-2020-05-07-at-20.21.56-300x225.jpeg",300,225,true],"medium_large":["https:\/\/blogopara.com.br\/wp-content\/uploads\/2020\/05\/WhatsApp-Image-2020-05-07-at-20.21.56.jpeg",500,375,false],"large":["https:\/\/blogopara.com.br\/wp-content\/uploads\/2020\/05\/WhatsApp-Image-2020-05-07-at-20.21.56.jpeg",500,375,false],"1536x1536":["https:\/\/blogopara.com.br\/wp-content\/uploads\/2020\/05\/WhatsApp-Image-2020-05-07-at-20.21.56.jpeg",500,375,false],"2048x2048":["https:\/\/blogopara.com.br\/wp-content\/uploads\/2020\/05\/WhatsApp-Image-2020-05-07-at-20.21.56.jpeg",500,375,false],"mantranews-slider-large":["https:\/\/blogopara.com.br\/wp-content\/uploads\/2020\/05\/WhatsApp-Image-2020-05-07-at-20.21.56.jpeg",500,375,false],"mantranews-featured-medium":["https:\/\/blogopara.com.br\/wp-content\/uploads\/2020\/05\/WhatsApp-Image-2020-05-07-at-20.21.56-420x307.jpeg",420,307,true],"mantranews-featured-long":["https:\/\/blogopara.com.br\/wp-content\/uploads\/2020\/05\/WhatsApp-Image-2020-05-07-at-20.21.56-300x375.jpeg",300,375,true],"mantranews-block-medium":["https:\/\/blogopara.com.br\/wp-content\/uploads\/2020\/05\/WhatsApp-Image-2020-05-07-at-20.21.56-464x290.jpeg",464,290,true],"mantranews-carousel-image":["https:\/\/blogopara.com.br\/wp-content\/uploads\/2020\/05\/WhatsApp-Image-2020-05-07-at-20.21.56.jpeg",500,375,false],"mantranews-block-thumb":["https:\/\/blogopara.com.br\/wp-content\/uploads\/2020\/05\/WhatsApp-Image-2020-05-07-at-20.21.56-322x230.jpeg",322,230,true],"mantranews-single-large":["https:\/\/blogopara.com.br\/wp-content\/uploads\/2020\/05\/WhatsApp-Image-2020-05-07-at-20.21.56.jpeg",500,375,false]},"uagb_author_info":{"display_name":"Reda\u00e7\u00e3o geral","author_link":"https:\/\/blogopara.com.br\/index.php\/author\/blogopara"},"uagb_comment_info":4,"uagb_excerpt":"O dono de uma empresa de loca\u00e7\u00e3o de ve\u00edculos, que tinha contrato com a Prefeitura de Juazeiro, recolheu na manh\u00e3 desta quinta-feira (07) toda frota, segundo informa\u00e7\u00f5es diversos ve\u00edculos foram escondidos para n\u00e3o serem levados. O assunto tomando conta das redes sociais, o tenente J\u00fanior Bomfim se mostrou indignado com a situa\u00e7\u00e3o, &#8220;Nem mesmo em&hellip;","jetpack_sharing_enabled":true,"jetpack_likes_enabled":true,"_links":{"self":[{"href":"https:\/\/blogopara.com.br\/index.php\/wp-json\/wp\/v2\/posts\/10257","targetHints":{"allow":["GET"]}}],"collection":[{"href":"https:\/\/blogopara.com.br\/index.php\/wp-json\/wp\/v2\/posts"}],"about":[{"href":"https:\/\/blogopara.com.br\/index.php\/wp-json\/wp\/v2\/types\/post"}],"author":[{"embeddable":true,"href":"https:\/\/blogopara.com.br\/index.php\/wp-json\/wp\/v2\/users\/1"}],"replies":[{"embeddable":true,"href":"https:\/\/blogopara.com.br\/index.php\/wp-json\/wp\/v2\/comments?post=10257"}],"version-history":[{"count":3,"href":"https:\/\/blogopara.com.br\/index.php\/wp-json\/wp\/v2\/posts\/10257\/revisions"}],"predecessor-version":[{"id":10279,"href":"https:\/\/blogopara.com.br\/index.php\/wp-json\/wp\/v2\/posts\/10257\/revisions\/10279"}],"wp:featuredmedia":[{"embeddable":true,"href":"https:\/\/blogopara.com.br\/index.php\/wp-json\/wp\/v2\/media\/10258"}],"wp:attachment":[{"href":"https:\/\/blogopara.com.br\/index.php\/wp-json\/wp\/v2\/media?parent=10257"}],"wp:term":[{"taxonomy":"category","embeddable":true,"href":"https:\/\/blogopara.com.br\/index.php\/wp-json\/wp\/v2\/categories?post=10257"},{"taxonomy":"post_tag","embeddable":true,"href":"https:\/\/blogopara.com.br\/index.php\/wp-json\/wp\/v2\/tags?post=10257"}],"curies":[{"name":"wp","href":"https:\/\/api.w.org\/{rel}","templated":true}]}}