{"id":10353,"date":"2020-05-09T20:55:47","date_gmt":"2020-05-09T23:55:47","guid":{"rendered":"http:\/\/blogopara.com.br\/?p=10353"},"modified":"2020-05-09T21:12:26","modified_gmt":"2020-05-10T00:12:26","slug":"petrolina-alunos-da-facape-apelam-para-autarquia-negociar-as-mensalidades","status":"publish","type":"post","link":"https:\/\/blogopara.com.br\/index.php\/2020\/05\/09\/petrolina-alunos-da-facape-apelam-para-autarquia-negociar-as-mensalidades","title":{"rendered":"Petrolina: Alunos da Facape apelam para autarquia negociar as mensalidades"},"content":{"rendered":"<p style=\"text-align: justify;\">Alunos da Faculdade de Ci\u00eancias Aplicadas e Sociais &#8211; Facape entraram em contato com a reda\u00e7\u00e3o do do Blog Opar\u00e1 solicitando aux\u00edlio para manifestarem a sua indigna\u00e7\u00e3o em rela\u00e7\u00e3o \u00e0 &#8216;resist\u00eancia da faculdade&#8217; em n\u00e3o reduzir a mensalidade. Eles alegam que muitas das institui\u00e7\u00f5es particulares de ensino na regi\u00e3o, aconselhadas pelo Procon, est\u00e3o fazendo uso do bom senso e reduzindo as mensalidades. Afirmaram tamb\u00e9m que a Facape \u00e9 uma autarquia, mas que este fato n\u00e3o a impede de reduzir a mensalidade e &#8216;eles usam isso como desculpa&#8217;.<\/p>\n<p style=\"text-align: justify;\">Confira o texto na \u00edntegra: &#8220;N\u00f3s alunos da Facape exigimos a redu\u00e7\u00e3o da mensalidade, pois estamos sofrendo os efeitos econ\u00f4micos e sociais da pandemia do Coronav\u00edrus . \u00c9 fato que a Facape est\u00e1 com redu\u00e7\u00e3o de despesas neste per\u00edodo, uma vez que as aulas ocorrem em plataformas digitais. Logo, nada pode ser mais justo que uma redu\u00e7\u00e3o na mensalidade. J\u00e1 conversamos com a diretoria e n\u00e3o houve resposta concreta at\u00e9 o presente momento.<\/p>\n<p style=\"text-align: justify;\">Eles insistem em dizer que a Facape \u00e9 uma autarquia, n\u00f3s sabemos disso, mas sabemos tamb\u00e9m que o fato de ser uma autarquia n\u00e3o \u00e9 entrave algum para a redu\u00e7\u00e3o da mensalidade. Passa para n\u00f3s, inclusive, a sensa\u00e7\u00e3o de que usam isso como desculpa para nos levar &#8220;no bico&#8221;. Exigimos respeito e redu\u00e7\u00e3o! Diante da in\u00e9rcia e demora do poder p\u00fablico e demais respons\u00e1veis em apresentar medidas concretas, buscamos o aux\u00edlio das m\u00eddias sociais para exigir celeridade na resolu\u00e7\u00e3o.<\/p>\n<p style=\"text-align: justify;\">Clamamos tamb\u00e9m o aux\u00edlio do prefeito Miguel Coelho, que j\u00e1 est\u00e1 em posse de um of\u00edcio enviado por n\u00f3s (h\u00e1 15 dias) clamando socorro e at\u00e9 o presente momento n\u00e3o recebemos aten\u00e7\u00e3o alguma. Senhor prefeito tamb\u00e9m exigimos respeito e aten\u00e7\u00e3o!<\/p>\n","protected":false},"excerpt":{"rendered":"<p>Alunos da Faculdade de Ci\u00eancias Aplicadas e Sociais &#8211; Facape entraram em contato com a reda\u00e7\u00e3o do do Blog Opar\u00e1 solicitando aux\u00edlio para manifestarem a sua indigna\u00e7\u00e3o em rela\u00e7\u00e3o \u00e0 &#8216;resist\u00eancia da faculdade&#8217; em n\u00e3o reduzir a mensalidade. Eles alegam que muitas das institui\u00e7\u00f5es particulares de ensino na regi\u00e3o, aconselhadas pelo Procon, est\u00e3o fazendo uso [&hellip;]<\/p>\n","protected":false},"author":1,"featured_media":10356,"comment_status":"open","ping_status":"open","sticky":false,"template":"","format":"standard","meta":{"_uag_custom_page_level_css":"","_monsterinsights_skip_tracking":false,"_monsterinsights_sitenote_active":false,"_monsterinsights_sitenote_note":"","_monsterinsights_sitenote_category":0,"jetpack_post_was_ever_published":false,"_jetpack_newsletter_access":"","_jetpack_dont_email_post_to_subs":false,"_jetpack_newsletter_tier_id":0,"_jetpack_memberships_contains_paywalled_content":false,"_jetpack_memberships_contains_paid_content":false,"footnotes":"","jetpack_publicize_message":"","jetpack_publicize_feature_enabled":true,"jetpack_social_post_already_shared":true,"jetpack_social_options":{"image_generator_settings":{"template":"highway","default_image_id":0,"font":"","enabled":false},"version":2}},"categories":[851],"tags":[],"class_list":["post-10353","post","type-post","status-publish","format-standard","has-post-thumbnail","hentry","category-petrolina"],"jetpack_publicize_connections":[],"jetpack_featured_media_url":"https:\/\/blogopara.com.br\/wp-content\/uploads\/2020\/05\/facape_edit-1.jpg","uagb_featured_image_src":{"full":["https:\/\/blogopara.com.br\/wp-content\/uploads\/2020\/05\/facape_edit-1.jpg",984,616,false],"thumbnail":["https:\/\/blogopara.com.br\/wp-content\/uploads\/2020\/05\/facape_edit-1-150x150.jpg",150,150,true],"medium":["https:\/\/blogopara.com.br\/wp-content\/uploads\/2020\/05\/facape_edit-1-300x188.jpg",300,188,true],"medium_large":["https:\/\/blogopara.com.br\/wp-content\/uploads\/2020\/05\/facape_edit-1-768x481.jpg",640,401,true],"large":["https:\/\/blogopara.com.br\/wp-content\/uploads\/2020\/05\/facape_edit-1.jpg",640,401,false],"1536x1536":["https:\/\/blogopara.com.br\/wp-content\/uploads\/2020\/05\/facape_edit-1.jpg",984,616,false],"2048x2048":["https:\/\/blogopara.com.br\/wp-content\/uploads\/2020\/05\/facape_edit-1.jpg",984,616,false],"mantranews-slider-large":["https:\/\/blogopara.com.br\/wp-content\/uploads\/2020\/05\/facape_edit-1.jpg",984,616,false],"mantranews-featured-medium":["https:\/\/blogopara.com.br\/wp-content\/uploads\/2020\/05\/facape_edit-1-420x307.jpg",420,307,true],"mantranews-featured-long":["https:\/\/blogopara.com.br\/wp-content\/uploads\/2020\/05\/facape_edit-1-300x443.jpg",300,443,true],"mantranews-block-medium":["https:\/\/blogopara.com.br\/wp-content\/uploads\/2020\/05\/facape_edit-1-464x290.jpg",464,290,true],"mantranews-carousel-image":["https:\/\/blogopara.com.br\/wp-content\/uploads\/2020\/05\/facape_edit-1-600x500.jpg",600,500,true],"mantranews-block-thumb":["https:\/\/blogopara.com.br\/wp-content\/uploads\/2020\/05\/facape_edit-1-500x500.jpg",230,230,true],"mantranews-single-large":["https:\/\/blogopara.com.br\/wp-content\/uploads\/2020\/05\/facape_edit-1.jpg",984,616,false]},"uagb_author_info":{"display_name":"Reda\u00e7\u00e3o geral","author_link":"https:\/\/blogopara.com.br\/index.php\/author\/blogopara"},"uagb_comment_info":0,"uagb_excerpt":"Alunos da Faculdade de Ci\u00eancias Aplicadas e Sociais &#8211; Facape entraram em contato com a reda\u00e7\u00e3o do do Blog Opar\u00e1 solicitando aux\u00edlio para manifestarem a sua indigna\u00e7\u00e3o em rela\u00e7\u00e3o \u00e0 &#8216;resist\u00eancia da faculdade&#8217; em n\u00e3o reduzir a mensalidade. Eles alegam que muitas das institui\u00e7\u00f5es particulares de ensino na regi\u00e3o, aconselhadas pelo Procon, est\u00e3o fazendo uso&hellip;","jetpack_sharing_enabled":true,"jetpack_likes_enabled":true,"_links":{"self":[{"href":"https:\/\/blogopara.com.br\/index.php\/wp-json\/wp\/v2\/posts\/10353","targetHints":{"allow":["GET"]}}],"collection":[{"href":"https:\/\/blogopara.com.br\/index.php\/wp-json\/wp\/v2\/posts"}],"about":[{"href":"https:\/\/blogopara.com.br\/index.php\/wp-json\/wp\/v2\/types\/post"}],"author":[{"embeddable":true,"href":"https:\/\/blogopara.com.br\/index.php\/wp-json\/wp\/v2\/users\/1"}],"replies":[{"embeddable":true,"href":"https:\/\/blogopara.com.br\/index.php\/wp-json\/wp\/v2\/comments?post=10353"}],"version-history":[{"count":1,"href":"https:\/\/blogopara.com.br\/index.php\/wp-json\/wp\/v2\/posts\/10353\/revisions"}],"predecessor-version":[{"id":10354,"href":"https:\/\/blogopara.com.br\/index.php\/wp-json\/wp\/v2\/posts\/10353\/revisions\/10354"}],"wp:featuredmedia":[{"embeddable":true,"href":"https:\/\/blogopara.com.br\/index.php\/wp-json\/wp\/v2\/media\/10356"}],"wp:attachment":[{"href":"https:\/\/blogopara.com.br\/index.php\/wp-json\/wp\/v2\/media?parent=10353"}],"wp:term":[{"taxonomy":"category","embeddable":true,"href":"https:\/\/blogopara.com.br\/index.php\/wp-json\/wp\/v2\/categories?post=10353"},{"taxonomy":"post_tag","embeddable":true,"href":"https:\/\/blogopara.com.br\/index.php\/wp-json\/wp\/v2\/tags?post=10353"}],"curies":[{"name":"wp","href":"https:\/\/api.w.org\/{rel}","templated":true}]}}