{"id":10434,"date":"2020-05-11T19:19:22","date_gmt":"2020-05-11T22:19:22","guid":{"rendered":"http:\/\/blogopara.com.br\/?p=10434"},"modified":"2020-05-11T19:23:12","modified_gmt":"2020-05-11T22:23:12","slug":"perseguicao-politica-a-professor-de-educacao-infantil-continua","status":"publish","type":"post","link":"https:\/\/blogopara.com.br\/index.php\/2020\/05\/11\/perseguicao-politica-a-professor-de-educacao-infantil-continua","title":{"rendered":"PERSEGUI\u00c7\u00c3O POL\u00cdTICA A PROFESSOR DE EDUCA\u00c7\u00c3O INFANTIL CONTINUA&#8230;"},"content":{"rendered":"<p style=\"text-align: justify;\">O professor de Educa\u00e7\u00e3o Infantil, do munic\u00edpio de Juazeiro-Ba, Cl\u00e9ber Jesus, denunciou o prefeito e a secret\u00e1ria de educa\u00e7\u00e3o por desrespeitar os direitos trabalhistas dos profissionais contratados da educa\u00e7\u00e3o. Al\u00e9m disso, ele foi respons\u00e1vel por denunciar ao Minist\u00e9rio P\u00fablico, o Presidente da C\u00e2mara de Vereadores, por ocultar informa\u00e7\u00f5es p\u00fablicas da popula\u00e7\u00e3o juazeirense.<\/p>\n<p style=\"text-align: justify;\">Em decorr\u00eancia das denuncias, o professor foi retirado da folha de pagamento, e do seu ambiente de trabalho, sem uma explica\u00e7\u00e3o plaus\u00edvel. Mesmo sendo o 27\u00ba colocado na sele\u00e7\u00e3o, o professor garante que pessoas que passaram com pontua\u00e7\u00e3o zerada, se encontram na folha de pagamento, algumas acumulando at\u00e9 40h de trabalho, ao inv\u00e9s de 20h.<\/p>\n<p style=\"text-align: justify;\">Orientado pela Promotora de Justi\u00e7a, no dia 05 de mar\u00e7o de 2020, o professor entregou uma peti\u00e7\u00e3o solicitando a sua vaga, e os sal\u00e1rios atrasados, para a Secretaria de Educa\u00e7\u00e3o. Solicita\u00e7\u00e3o que n\u00e3o foi respondida.<\/p>\n<p style=\"text-align: justify;\">Recentemente, aproveitando a participa\u00e7\u00e3o do prefeito Paulo Bomfim, numa emissora de r\u00e1dio local, o professor solicitou ao entrevistador que questionasse ao prefeito sobre a sua situa\u00e7\u00e3o. Em resposta o prefeito afirmou n\u00e3o ter conhecimento acerca desse epis\u00f3dio, por sua vez, o aconselhando a buscar a solu\u00e7\u00e3o do problema junto \u00e0 secret\u00e1ria de educa\u00e7\u00e3o do munic\u00edpio.<\/p>\n<p style=\"text-align: justify;\">Em posse de uma nova peti\u00e7\u00e3o, o professor fez duas tentativas de entrega do documento, no entanto, encontrando a Secretaria de Educa\u00e7\u00e3o fechada. Decidindo ent\u00e3o enviar a peti\u00e7\u00e3o em arquivo, no formato PDF, para o telefone pessoal da secret\u00e1ria Lucinete Alves. Al\u00e9m de n\u00e3o responder, a secretaria o bloqueou no aplicativo. Enquanto isso, o professor segue com contrato assinado, renovado, e sem receber sal\u00e1rio desde o ano de 2019.<\/p>\n<p><img loading=\"lazy\" decoding=\"async\" class=\"alignnone size-medium wp-image-10437\" src=\"https:\/\/blogopara.com.br\/wp-content\/uploads\/2020\/05\/WhatsApp-Image-2020-05-11-at-13.57.15-1-300x300.jpeg\" alt=\"\" width=\"300\" height=\"300\" srcset=\"https:\/\/blogopara.com.br\/wp-content\/uploads\/2020\/05\/WhatsApp-Image-2020-05-11-at-13.57.15-1-300x300.jpeg 300w, https:\/\/blogopara.com.br\/wp-content\/uploads\/2020\/05\/WhatsApp-Image-2020-05-11-at-13.57.15-1-150x150.jpeg 150w, https:\/\/blogopara.com.br\/wp-content\/uploads\/2020\/05\/WhatsApp-Image-2020-05-11-at-13.57.15-1-500x500.jpeg 500w, https:\/\/blogopara.com.br\/wp-content\/uploads\/2020\/05\/WhatsApp-Image-2020-05-11-at-13.57.15-1.jpeg 720w\" sizes=\"auto, (max-width: 300px) 100vw, 300px\" \/> <img loading=\"lazy\" decoding=\"async\" class=\"alignnone size-medium wp-image-10438\" src=\"https:\/\/blogopara.com.br\/wp-content\/uploads\/2020\/05\/WhatsApp-Image-2020-05-11-at-13.57.15-300x300.jpeg\" alt=\"\" width=\"300\" height=\"300\" srcset=\"https:\/\/blogopara.com.br\/wp-content\/uploads\/2020\/05\/WhatsApp-Image-2020-05-11-at-13.57.15-300x300.jpeg 300w, https:\/\/blogopara.com.br\/wp-content\/uploads\/2020\/05\/WhatsApp-Image-2020-05-11-at-13.57.15-150x150.jpeg 150w, https:\/\/blogopara.com.br\/wp-content\/uploads\/2020\/05\/WhatsApp-Image-2020-05-11-at-13.57.15-500x500.jpeg 500w, https:\/\/blogopara.com.br\/wp-content\/uploads\/2020\/05\/WhatsApp-Image-2020-05-11-at-13.57.15.jpeg 720w\" sizes=\"auto, (max-width: 300px) 100vw, 300px\" \/><\/p>\n","protected":false},"excerpt":{"rendered":"<p>O professor de Educa\u00e7\u00e3o Infantil, do munic\u00edpio de Juazeiro-Ba, Cl\u00e9ber Jesus, denunciou o prefeito e a secret\u00e1ria de educa\u00e7\u00e3o por desrespeitar os direitos trabalhistas dos profissionais contratados da educa\u00e7\u00e3o. Al\u00e9m disso, ele foi respons\u00e1vel por denunciar ao Minist\u00e9rio P\u00fablico, o Presidente da C\u00e2mara de Vereadores, por ocultar informa\u00e7\u00f5es p\u00fablicas da popula\u00e7\u00e3o juazeirense. Em decorr\u00eancia das [&hellip;]<\/p>\n","protected":false},"author":1,"featured_media":10440,"comment_status":"open","ping_status":"open","sticky":false,"template":"","format":"standard","meta":{"_uag_custom_page_level_css":"","_monsterinsights_skip_tracking":false,"_monsterinsights_sitenote_active":false,"_monsterinsights_sitenote_note":"","_monsterinsights_sitenote_category":0,"jetpack_post_was_ever_published":false,"_jetpack_newsletter_access":"","_jetpack_dont_email_post_to_subs":false,"_jetpack_newsletter_tier_id":0,"_jetpack_memberships_contains_paywalled_content":false,"_jetpack_memberships_contains_paid_content":false,"footnotes":"","jetpack_publicize_message":"","jetpack_publicize_feature_enabled":true,"jetpack_social_post_already_shared":true,"jetpack_social_options":{"image_generator_settings":{"template":"highway","default_image_id":0,"font":"","enabled":false},"version":2}},"categories":[209,203],"tags":[],"class_list":["post-10434","post","type-post","status-publish","format-standard","has-post-thumbnail","hentry","category-educacao","category-juazeiro"],"jetpack_publicize_connections":[],"jetpack_featured_media_url":"https:\/\/blogopara.com.br\/wp-content\/uploads\/2020\/05\/WhatsApp-Image-2020-05-11-at-13.59.35-1.jpeg","uagb_featured_image_src":{"full":["https:\/\/blogopara.com.br\/wp-content\/uploads\/2020\/05\/WhatsApp-Image-2020-05-11-at-13.59.35-1.jpeg",500,375,false],"thumbnail":["https:\/\/blogopara.com.br\/wp-content\/uploads\/2020\/05\/WhatsApp-Image-2020-05-11-at-13.59.35-1-150x150.jpeg",150,150,true],"medium":["https:\/\/blogopara.com.br\/wp-content\/uploads\/2020\/05\/WhatsApp-Image-2020-05-11-at-13.59.35-1-300x225.jpeg",300,225,true],"medium_large":["https:\/\/blogopara.com.br\/wp-content\/uploads\/2020\/05\/WhatsApp-Image-2020-05-11-at-13.59.35-1.jpeg",500,375,false],"large":["https:\/\/blogopara.com.br\/wp-content\/uploads\/2020\/05\/WhatsApp-Image-2020-05-11-at-13.59.35-1.jpeg",500,375,false],"1536x1536":["https:\/\/blogopara.com.br\/wp-content\/uploads\/2020\/05\/WhatsApp-Image-2020-05-11-at-13.59.35-1.jpeg",500,375,false],"2048x2048":["https:\/\/blogopara.com.br\/wp-content\/uploads\/2020\/05\/WhatsApp-Image-2020-05-11-at-13.59.35-1.jpeg",500,375,false],"mantranews-slider-large":["https:\/\/blogopara.com.br\/wp-content\/uploads\/2020\/05\/WhatsApp-Image-2020-05-11-at-13.59.35-1.jpeg",500,375,false],"mantranews-featured-medium":["https:\/\/blogopara.com.br\/wp-content\/uploads\/2020\/05\/WhatsApp-Image-2020-05-11-at-13.59.35-1-420x307.jpeg",420,307,true],"mantranews-featured-long":["https:\/\/blogopara.com.br\/wp-content\/uploads\/2020\/05\/WhatsApp-Image-2020-05-11-at-13.59.35-1-300x375.jpeg",300,375,true],"mantranews-block-medium":["https:\/\/blogopara.com.br\/wp-content\/uploads\/2020\/05\/WhatsApp-Image-2020-05-11-at-13.59.35-1-464x290.jpeg",464,290,true],"mantranews-carousel-image":["https:\/\/blogopara.com.br\/wp-content\/uploads\/2020\/05\/WhatsApp-Image-2020-05-11-at-13.59.35-1.jpeg",500,375,false],"mantranews-block-thumb":["https:\/\/blogopara.com.br\/wp-content\/uploads\/2020\/05\/WhatsApp-Image-2020-05-11-at-13.59.35-1.jpeg",307,230,false],"mantranews-single-large":["https:\/\/blogopara.com.br\/wp-content\/uploads\/2020\/05\/WhatsApp-Image-2020-05-11-at-13.59.35-1.jpeg",500,375,false]},"uagb_author_info":{"display_name":"Reda\u00e7\u00e3o geral","author_link":"https:\/\/blogopara.com.br\/index.php\/author\/blogopara"},"uagb_comment_info":1,"uagb_excerpt":"O professor de Educa\u00e7\u00e3o Infantil, do munic\u00edpio de Juazeiro-Ba, Cl\u00e9ber Jesus, denunciou o prefeito e a secret\u00e1ria de educa\u00e7\u00e3o por desrespeitar os direitos trabalhistas dos profissionais contratados da educa\u00e7\u00e3o. Al\u00e9m disso, ele foi respons\u00e1vel por denunciar ao Minist\u00e9rio P\u00fablico, o Presidente da C\u00e2mara de Vereadores, por ocultar informa\u00e7\u00f5es p\u00fablicas da popula\u00e7\u00e3o juazeirense. Em decorr\u00eancia das&hellip;","jetpack_sharing_enabled":true,"jetpack_likes_enabled":true,"_links":{"self":[{"href":"https:\/\/blogopara.com.br\/index.php\/wp-json\/wp\/v2\/posts\/10434","targetHints":{"allow":["GET"]}}],"collection":[{"href":"https:\/\/blogopara.com.br\/index.php\/wp-json\/wp\/v2\/posts"}],"about":[{"href":"https:\/\/blogopara.com.br\/index.php\/wp-json\/wp\/v2\/types\/post"}],"author":[{"embeddable":true,"href":"https:\/\/blogopara.com.br\/index.php\/wp-json\/wp\/v2\/users\/1"}],"replies":[{"embeddable":true,"href":"https:\/\/blogopara.com.br\/index.php\/wp-json\/wp\/v2\/comments?post=10434"}],"version-history":[{"count":2,"href":"https:\/\/blogopara.com.br\/index.php\/wp-json\/wp\/v2\/posts\/10434\/revisions"}],"predecessor-version":[{"id":10441,"href":"https:\/\/blogopara.com.br\/index.php\/wp-json\/wp\/v2\/posts\/10434\/revisions\/10441"}],"wp:featuredmedia":[{"embeddable":true,"href":"https:\/\/blogopara.com.br\/index.php\/wp-json\/wp\/v2\/media\/10440"}],"wp:attachment":[{"href":"https:\/\/blogopara.com.br\/index.php\/wp-json\/wp\/v2\/media?parent=10434"}],"wp:term":[{"taxonomy":"category","embeddable":true,"href":"https:\/\/blogopara.com.br\/index.php\/wp-json\/wp\/v2\/categories?post=10434"},{"taxonomy":"post_tag","embeddable":true,"href":"https:\/\/blogopara.com.br\/index.php\/wp-json\/wp\/v2\/tags?post=10434"}],"curies":[{"name":"wp","href":"https:\/\/api.w.org\/{rel}","templated":true}]}}