{"id":10643,"date":"2020-05-18T10:19:00","date_gmt":"2020-05-18T13:19:00","guid":{"rendered":"http:\/\/blogopara.com.br\/?p=10643"},"modified":"2020-05-17T21:21:50","modified_gmt":"2020-05-18T00:21:50","slug":"rui-costa-diz-que-salarios-nao-serao-reajustados-pelo-menos-ate-inicio-de-2021","status":"publish","type":"post","link":"https:\/\/blogopara.com.br\/index.php\/2020\/05\/18\/rui-costa-diz-que-salarios-nao-serao-reajustados-pelo-menos-ate-inicio-de-2021","title":{"rendered":"Rui Costa diz que sal\u00e1rios n\u00e3o ser\u00e3o reajustados pelo menos at\u00e9 in\u00edcio de 2021"},"content":{"rendered":"<p>O governador Rui Costa (PT) comentou na GloboNews sobre a sugest\u00e3o do ministro da Economia, Paulo Guedes, de congelar os sal\u00e1rios durante um ano e meio como compensa\u00e7\u00e3o dos Estados em rela\u00e7\u00e3o ao aux\u00edlio repassado durante a pandemia do novo coronav\u00edrus.<\/p>\n<p>Segundo o petista baiano, n\u00e3o est\u00e1 no horizonte de nenhum gestor p\u00fablico o aumento de sal\u00e1rio de servidores e que esse pedido de Guedes passa uma imagem ruim aos governadores.<\/p>\n<p>&#8220;Para n\u00f3s, essa exig\u00eancia n\u00e3o faria ou n\u00e3o faz sentido, porque considero que os governadores s\u00e3o respons\u00e1veis. Numa crise, n\u00e3o est\u00e1 no horizonte de nenhum governador e nenhum prefeito nesse ano e nem no primeiro semestre do ano que vem&#8221;, declarou, em entrevista na noite deste s\u00e1bado<\/p>\n<p>&#8220;Temos atuado com muita responsabilidade fiscal desde quando assumi&#8221;, completou.<\/p>\n<pre>Fonte: Bnews<\/pre>\n","protected":false},"excerpt":{"rendered":"<p>O governador Rui Costa (PT) comentou na GloboNews sobre a sugest\u00e3o do ministro da Economia, Paulo Guedes, de congelar os sal\u00e1rios durante um ano e meio como compensa\u00e7\u00e3o dos Estados em rela\u00e7\u00e3o ao aux\u00edlio repassado durante a pandemia do novo coronav\u00edrus. Segundo o petista baiano, n\u00e3o est\u00e1 no horizonte de nenhum gestor p\u00fablico o aumento [&hellip;]<\/p>\n","protected":false},"author":1,"featured_media":3093,"comment_status":"open","ping_status":"open","sticky":false,"template":"","format":"standard","meta":{"_uag_custom_page_level_css":"","_monsterinsights_skip_tracking":false,"_monsterinsights_sitenote_active":false,"_monsterinsights_sitenote_note":"","_monsterinsights_sitenote_category":0,"jetpack_post_was_ever_published":false,"_jetpack_newsletter_access":"","_jetpack_dont_email_post_to_subs":false,"_jetpack_newsletter_tier_id":0,"_jetpack_memberships_contains_paywalled_content":false,"_jetpack_memberships_contains_paid_content":false,"footnotes":"","jetpack_publicize_message":"","jetpack_publicize_feature_enabled":true,"jetpack_social_post_already_shared":true,"jetpack_social_options":{"image_generator_settings":{"template":"highway","default_image_id":0,"font":"","enabled":false},"version":2}},"categories":[199],"tags":[],"class_list":["post-10643","post","type-post","status-publish","format-standard","has-post-thumbnail","hentry","category-bahia"],"jetpack_publicize_connections":[],"jetpack_featured_media_url":"https:\/\/blogopara.com.br\/wp-content\/uploads\/2019\/09\/rui-c.jpg","uagb_featured_image_src":{"full":["https:\/\/blogopara.com.br\/wp-content\/uploads\/2019\/09\/rui-c.jpg",530,353,false],"thumbnail":["https:\/\/blogopara.com.br\/wp-content\/uploads\/2019\/09\/rui-c-150x150.jpg",150,150,true],"medium":["https:\/\/blogopara.com.br\/wp-content\/uploads\/2019\/09\/rui-c-300x200.jpg",300,200,true],"medium_large":["https:\/\/blogopara.com.br\/wp-content\/uploads\/2019\/09\/rui-c.jpg",530,353,false],"large":["https:\/\/blogopara.com.br\/wp-content\/uploads\/2019\/09\/rui-c.jpg",530,353,false],"1536x1536":["https:\/\/blogopara.com.br\/wp-content\/uploads\/2019\/09\/rui-c.jpg",530,353,false],"2048x2048":["https:\/\/blogopara.com.br\/wp-content\/uploads\/2019\/09\/rui-c.jpg",530,353,false],"mantranews-slider-large":["https:\/\/blogopara.com.br\/wp-content\/uploads\/2019\/09\/rui-c.jpg",530,353,false],"mantranews-featured-medium":["https:\/\/blogopara.com.br\/wp-content\/uploads\/2019\/09\/rui-c.jpg",420,280,false],"mantranews-featured-long":["https:\/\/blogopara.com.br\/wp-content\/uploads\/2019\/09\/rui-c.jpg",300,200,false],"mantranews-block-medium":["https:\/\/blogopara.com.br\/wp-content\/uploads\/2019\/09\/rui-c.jpg",435,290,false],"mantranews-carousel-image":["https:\/\/blogopara.com.br\/wp-content\/uploads\/2019\/09\/rui-c.jpg",530,353,false],"mantranews-block-thumb":["https:\/\/blogopara.com.br\/wp-content\/uploads\/2019\/09\/rui-c.jpg",322,214,false],"mantranews-single-large":["https:\/\/blogopara.com.br\/wp-content\/uploads\/2019\/09\/rui-c.jpg",530,353,false]},"uagb_author_info":{"display_name":"Reda\u00e7\u00e3o geral","author_link":"https:\/\/blogopara.com.br\/index.php\/author\/blogopara"},"uagb_comment_info":0,"uagb_excerpt":"O governador Rui Costa (PT) comentou na GloboNews sobre a sugest\u00e3o do ministro da Economia, Paulo Guedes, de congelar os sal\u00e1rios durante um ano e meio como compensa\u00e7\u00e3o dos Estados em rela\u00e7\u00e3o ao aux\u00edlio repassado durante a pandemia do novo coronav\u00edrus. Segundo o petista baiano, n\u00e3o est\u00e1 no horizonte de nenhum gestor p\u00fablico o aumento&hellip;","jetpack_sharing_enabled":true,"jetpack_likes_enabled":true,"_links":{"self":[{"href":"https:\/\/blogopara.com.br\/index.php\/wp-json\/wp\/v2\/posts\/10643","targetHints":{"allow":["GET"]}}],"collection":[{"href":"https:\/\/blogopara.com.br\/index.php\/wp-json\/wp\/v2\/posts"}],"about":[{"href":"https:\/\/blogopara.com.br\/index.php\/wp-json\/wp\/v2\/types\/post"}],"author":[{"embeddable":true,"href":"https:\/\/blogopara.com.br\/index.php\/wp-json\/wp\/v2\/users\/1"}],"replies":[{"embeddable":true,"href":"https:\/\/blogopara.com.br\/index.php\/wp-json\/wp\/v2\/comments?post=10643"}],"version-history":[{"count":1,"href":"https:\/\/blogopara.com.br\/index.php\/wp-json\/wp\/v2\/posts\/10643\/revisions"}],"predecessor-version":[{"id":10644,"href":"https:\/\/blogopara.com.br\/index.php\/wp-json\/wp\/v2\/posts\/10643\/revisions\/10644"}],"wp:featuredmedia":[{"embeddable":true,"href":"https:\/\/blogopara.com.br\/index.php\/wp-json\/wp\/v2\/media\/3093"}],"wp:attachment":[{"href":"https:\/\/blogopara.com.br\/index.php\/wp-json\/wp\/v2\/media?parent=10643"}],"wp:term":[{"taxonomy":"category","embeddable":true,"href":"https:\/\/blogopara.com.br\/index.php\/wp-json\/wp\/v2\/categories?post=10643"},{"taxonomy":"post_tag","embeddable":true,"href":"https:\/\/blogopara.com.br\/index.php\/wp-json\/wp\/v2\/tags?post=10643"}],"curies":[{"name":"wp","href":"https:\/\/api.w.org\/{rel}","templated":true}]}}