{"id":10656,"date":"2020-05-18T08:34:41","date_gmt":"2020-05-18T11:34:41","guid":{"rendered":"http:\/\/blogopara.com.br\/?p=10656"},"modified":"2020-05-18T09:59:21","modified_gmt":"2020-05-18T12:59:21","slug":"fogo-destroi-em-residencia-em-senhor-do-bomfim","status":"publish","type":"post","link":"https:\/\/blogopara.com.br\/index.php\/2020\/05\/18\/fogo-destroi-em-residencia-em-senhor-do-bomfim","title":{"rendered":"Fogo destr\u00f3i em resid\u00eancia em Senhor do Bomfim"},"content":{"rendered":"<p style=\"text-align: justify;\">Na madrugada desta segunda-feira (18) uma guarni\u00e7\u00e3o do Corpo de Bombeiros em Senhor do Bomfim, foi acionada para debelar um inc\u00eandio em resid\u00eancia no Condom\u00ednio \u00c1guas Claras.<\/p>\n<p style=\"text-align: justify;\">O fogo destruiu todos os m\u00f3veis da resid\u00eancia, ainda n\u00e3o se sabe as causas do inc\u00eandio.<\/p>\n<p><img loading=\"lazy\" decoding=\"async\" class=\"alignnone size-medium wp-image-10658\" src=\"https:\/\/blogopara.com.br\/wp-content\/uploads\/2020\/05\/WhatsApp-Image-2020-05-18-at-07.09.46-225x300.jpeg\" alt=\"\" width=\"225\" height=\"300\" srcset=\"https:\/\/blogopara.com.br\/wp-content\/uploads\/2020\/05\/WhatsApp-Image-2020-05-18-at-07.09.46-225x300.jpeg 225w, https:\/\/blogopara.com.br\/wp-content\/uploads\/2020\/05\/WhatsApp-Image-2020-05-18-at-07.09.46-768x1024.jpeg 768w, https:\/\/blogopara.com.br\/wp-content\/uploads\/2020\/05\/WhatsApp-Image-2020-05-18-at-07.09.46.jpeg 774w\" sizes=\"auto, (max-width: 225px) 100vw, 225px\" \/> <img loading=\"lazy\" decoding=\"async\" class=\"alignnone size-medium wp-image-10659\" src=\"https:\/\/blogopara.com.br\/wp-content\/uploads\/2020\/05\/fff-300x225.jpeg\" alt=\"\" width=\"300\" height=\"225\" srcset=\"https:\/\/blogopara.com.br\/wp-content\/uploads\/2020\/05\/fff-300x225.jpeg 300w, https:\/\/blogopara.com.br\/wp-content\/uploads\/2020\/05\/fff-1024x768.jpeg 1024w, https:\/\/blogopara.com.br\/wp-content\/uploads\/2020\/05\/fff-768x576.jpeg 768w, https:\/\/blogopara.com.br\/wp-content\/uploads\/2020\/05\/fff.jpeg 1032w\" sizes=\"auto, (max-width: 300px) 100vw, 300px\" \/><\/p>\n<p>Ascom CBMBA<\/p>\n<p style=\"text-align: justify;\">\n","protected":false},"excerpt":{"rendered":"<p>Na madrugada desta segunda-feira (18) uma guarni\u00e7\u00e3o do Corpo de Bombeiros em Senhor do Bomfim, foi acionada para debelar um inc\u00eandio em resid\u00eancia no Condom\u00ednio \u00c1guas Claras. O fogo destruiu todos os m\u00f3veis da resid\u00eancia, ainda n\u00e3o se sabe as causas do inc\u00eandio. Ascom CBMBA<\/p>\n","protected":false},"author":1,"featured_media":10657,"comment_status":"open","ping_status":"open","sticky":false,"template":"","format":"standard","meta":{"_uag_custom_page_level_css":"","_monsterinsights_skip_tracking":false,"_monsterinsights_sitenote_active":false,"_monsterinsights_sitenote_note":"","_monsterinsights_sitenote_category":0,"jetpack_post_was_ever_published":false,"_jetpack_newsletter_access":"","_jetpack_dont_email_post_to_subs":false,"_jetpack_newsletter_tier_id":0,"_jetpack_memberships_contains_paywalled_content":false,"_jetpack_memberships_contains_paid_content":false,"footnotes":"","jetpack_publicize_message":"","jetpack_publicize_feature_enabled":true,"jetpack_social_post_already_shared":true,"jetpack_social_options":{"image_generator_settings":{"template":"highway","default_image_id":0,"font":"","enabled":false},"version":2}},"categories":[199,201],"tags":[],"class_list":["post-10656","post","type-post","status-publish","format-standard","has-post-thumbnail","hentry","category-bahia","category-bombeiro"],"jetpack_publicize_connections":[],"jetpack_featured_media_url":"https:\/\/blogopara.com.br\/wp-content\/uploads\/2020\/05\/WhatsApp-Image-2020-05-18-at-07.09.49.jpeg","uagb_featured_image_src":{"full":["https:\/\/blogopara.com.br\/wp-content\/uploads\/2020\/05\/WhatsApp-Image-2020-05-18-at-07.09.49.jpeg",500,375,false],"thumbnail":["https:\/\/blogopara.com.br\/wp-content\/uploads\/2020\/05\/WhatsApp-Image-2020-05-18-at-07.09.49-150x150.jpeg",150,150,true],"medium":["https:\/\/blogopara.com.br\/wp-content\/uploads\/2020\/05\/WhatsApp-Image-2020-05-18-at-07.09.49-300x225.jpeg",300,225,true],"medium_large":["https:\/\/blogopara.com.br\/wp-content\/uploads\/2020\/05\/WhatsApp-Image-2020-05-18-at-07.09.49.jpeg",500,375,false],"large":["https:\/\/blogopara.com.br\/wp-content\/uploads\/2020\/05\/WhatsApp-Image-2020-05-18-at-07.09.49.jpeg",500,375,false],"1536x1536":["https:\/\/blogopara.com.br\/wp-content\/uploads\/2020\/05\/WhatsApp-Image-2020-05-18-at-07.09.49.jpeg",500,375,false],"2048x2048":["https:\/\/blogopara.com.br\/wp-content\/uploads\/2020\/05\/WhatsApp-Image-2020-05-18-at-07.09.49.jpeg",500,375,false],"mantranews-slider-large":["https:\/\/blogopara.com.br\/wp-content\/uploads\/2020\/05\/WhatsApp-Image-2020-05-18-at-07.09.49.jpeg",500,375,false],"mantranews-featured-medium":["https:\/\/blogopara.com.br\/wp-content\/uploads\/2020\/05\/WhatsApp-Image-2020-05-18-at-07.09.49-420x307.jpeg",420,307,true],"mantranews-featured-long":["https:\/\/blogopara.com.br\/wp-content\/uploads\/2020\/05\/WhatsApp-Image-2020-05-18-at-07.09.49-300x375.jpeg",300,375,true],"mantranews-block-medium":["https:\/\/blogopara.com.br\/wp-content\/uploads\/2020\/05\/WhatsApp-Image-2020-05-18-at-07.09.49-464x290.jpeg",464,290,true],"mantranews-carousel-image":["https:\/\/blogopara.com.br\/wp-content\/uploads\/2020\/05\/WhatsApp-Image-2020-05-18-at-07.09.49.jpeg",500,375,false],"mantranews-block-thumb":["https:\/\/blogopara.com.br\/wp-content\/uploads\/2020\/05\/WhatsApp-Image-2020-05-18-at-07.09.49.jpeg",307,230,false],"mantranews-single-large":["https:\/\/blogopara.com.br\/wp-content\/uploads\/2020\/05\/WhatsApp-Image-2020-05-18-at-07.09.49.jpeg",500,375,false]},"uagb_author_info":{"display_name":"Reda\u00e7\u00e3o geral","author_link":"https:\/\/blogopara.com.br\/index.php\/author\/blogopara"},"uagb_comment_info":0,"uagb_excerpt":"Na madrugada desta segunda-feira (18) uma guarni\u00e7\u00e3o do Corpo de Bombeiros em Senhor do Bomfim, foi acionada para debelar um inc\u00eandio em resid\u00eancia no Condom\u00ednio \u00c1guas Claras. O fogo destruiu todos os m\u00f3veis da resid\u00eancia, ainda n\u00e3o se sabe as causas do inc\u00eandio. Ascom CBMBA","jetpack_sharing_enabled":true,"jetpack_likes_enabled":true,"_links":{"self":[{"href":"https:\/\/blogopara.com.br\/index.php\/wp-json\/wp\/v2\/posts\/10656","targetHints":{"allow":["GET"]}}],"collection":[{"href":"https:\/\/blogopara.com.br\/index.php\/wp-json\/wp\/v2\/posts"}],"about":[{"href":"https:\/\/blogopara.com.br\/index.php\/wp-json\/wp\/v2\/types\/post"}],"author":[{"embeddable":true,"href":"https:\/\/blogopara.com.br\/index.php\/wp-json\/wp\/v2\/users\/1"}],"replies":[{"embeddable":true,"href":"https:\/\/blogopara.com.br\/index.php\/wp-json\/wp\/v2\/comments?post=10656"}],"version-history":[{"count":1,"href":"https:\/\/blogopara.com.br\/index.php\/wp-json\/wp\/v2\/posts\/10656\/revisions"}],"predecessor-version":[{"id":10660,"href":"https:\/\/blogopara.com.br\/index.php\/wp-json\/wp\/v2\/posts\/10656\/revisions\/10660"}],"wp:featuredmedia":[{"embeddable":true,"href":"https:\/\/blogopara.com.br\/index.php\/wp-json\/wp\/v2\/media\/10657"}],"wp:attachment":[{"href":"https:\/\/blogopara.com.br\/index.php\/wp-json\/wp\/v2\/media?parent=10656"}],"wp:term":[{"taxonomy":"category","embeddable":true,"href":"https:\/\/blogopara.com.br\/index.php\/wp-json\/wp\/v2\/categories?post=10656"},{"taxonomy":"post_tag","embeddable":true,"href":"https:\/\/blogopara.com.br\/index.php\/wp-json\/wp\/v2\/tags?post=10656"}],"curies":[{"name":"wp","href":"https:\/\/api.w.org\/{rel}","templated":true}]}}