{"id":10670,"date":"2020-05-18T12:10:13","date_gmt":"2020-05-18T15:10:13","guid":{"rendered":"http:\/\/blogopara.com.br\/?p=10670"},"modified":"2020-05-18T12:37:50","modified_gmt":"2020-05-18T15:37:50","slug":"e-decretado-toque-de-recolher-em-juazeiro","status":"publish","type":"post","link":"https:\/\/blogopara.com.br\/index.php\/2020\/05\/18\/e-decretado-toque-de-recolher-em-juazeiro","title":{"rendered":"\u00c9 decretado Toque de recolher em Juazeiro"},"content":{"rendered":"<p style=\"text-align: justify;\">O prefeito de Juazeiro, Paulo Bomfim, anunciou na manh\u00e3 desta segunda-feira, dia 18, novas medidas de combate ao Coronav\u00edrus. De acordo com o prefeito,\u00a0a cidade baiana ter\u00e1 a partir de amanh\u00e3 (19), toque de recolher que\u00a0ser\u00e1 das 22h at\u00e9 \u00e0s 05h. Neste per\u00edodo, somente servi\u00e7os essenciais ser\u00e3o autorizados a circular, tais como deliverys de farm\u00e1cias e restaurantes e pessoas que forem utilizar os servi\u00e7os de\u00a0sa\u00fade.<\/p>\n<p style=\"text-align: justify;\">Outra medida anunciada pelo prefeito \u00e9 que a partir de quarta-feira, dia 20, ter\u00e1 aferi\u00e7\u00e3o de temperatura na zona urbana e na zona rural.<\/p>\n<p style=\"text-align: justify;\">Preocupado com o avan\u00e7o da doen\u00e7a na cidade e com a conscientiza\u00e7\u00e3o da popula\u00e7\u00e3o para que entendam a gravidade do momento,\u00a0a prefeitura toma medidas importantes neste sentido.<\/p>\n<p style=\"text-align: justify;\"><strong>ABERTURA DO COM\u00c9RCIO<\/strong><\/p>\n<p style=\"text-align: justify;\">O prefeito Paulo Bomfim comentou sobre o assunto e disse que &#8220;mais de 70% do com\u00e9rcio est\u00e1 aberto. Farm\u00e1cias, lava-jatos, supermercados, casa de ra\u00e7\u00f5es&#8230;enfim, o nosso objetivo \u00e9 salvar vidas. A nossa inten\u00e7\u00e3o \u00e9 salvar a vida da popula\u00e7\u00e3o de Juazeiro&#8221; comentou.<\/p>\n<pre>Fonte de informa\u00e7\u00f5es: RedeGN<\/pre>\n","protected":false},"excerpt":{"rendered":"<p>O prefeito de Juazeiro, Paulo Bomfim, anunciou na manh\u00e3 desta segunda-feira, dia 18, novas medidas de combate ao Coronav\u00edrus. De acordo com o prefeito,\u00a0a cidade baiana ter\u00e1 a partir de amanh\u00e3 (19), toque de recolher que\u00a0ser\u00e1 das 22h at\u00e9 \u00e0s 05h. Neste per\u00edodo, somente servi\u00e7os essenciais ser\u00e3o autorizados a circular, tais como deliverys de farm\u00e1cias [&hellip;]<\/p>\n","protected":false},"author":1,"featured_media":10671,"comment_status":"open","ping_status":"open","sticky":false,"template":"","format":"standard","meta":{"_uag_custom_page_level_css":"","_monsterinsights_skip_tracking":false,"_monsterinsights_sitenote_active":false,"_monsterinsights_sitenote_note":"","_monsterinsights_sitenote_category":0,"jetpack_post_was_ever_published":false,"_jetpack_newsletter_access":"","_jetpack_dont_email_post_to_subs":false,"_jetpack_newsletter_tier_id":0,"_jetpack_memberships_contains_paywalled_content":false,"_jetpack_memberships_contains_paid_content":false,"footnotes":"","jetpack_publicize_message":"","jetpack_publicize_feature_enabled":true,"jetpack_social_post_already_shared":true,"jetpack_social_options":{"image_generator_settings":{"template":"highway","default_image_id":0,"font":"","enabled":false},"version":2}},"categories":[203,197,204],"tags":[],"class_list":["post-10670","post","type-post","status-publish","format-standard","has-post-thumbnail","hentry","category-juazeiro","category-politica","category-social"],"jetpack_publicize_connections":[],"jetpack_featured_media_url":"https:\/\/blogopara.com.br\/wp-content\/uploads\/2020\/05\/WhatsApp-Image-2020-05-18-at-09_34_11.jpeg","uagb_featured_image_src":{"full":["https:\/\/blogopara.com.br\/wp-content\/uploads\/2020\/05\/WhatsApp-Image-2020-05-18-at-09_34_11.jpeg",500,375,false],"thumbnail":["https:\/\/blogopara.com.br\/wp-content\/uploads\/2020\/05\/WhatsApp-Image-2020-05-18-at-09_34_11-150x150.jpeg",150,150,true],"medium":["https:\/\/blogopara.com.br\/wp-content\/uploads\/2020\/05\/WhatsApp-Image-2020-05-18-at-09_34_11-300x225.jpeg",300,225,true],"medium_large":["https:\/\/blogopara.com.br\/wp-content\/uploads\/2020\/05\/WhatsApp-Image-2020-05-18-at-09_34_11.jpeg",500,375,false],"large":["https:\/\/blogopara.com.br\/wp-content\/uploads\/2020\/05\/WhatsApp-Image-2020-05-18-at-09_34_11.jpeg",500,375,false],"1536x1536":["https:\/\/blogopara.com.br\/wp-content\/uploads\/2020\/05\/WhatsApp-Image-2020-05-18-at-09_34_11.jpeg",500,375,false],"2048x2048":["https:\/\/blogopara.com.br\/wp-content\/uploads\/2020\/05\/WhatsApp-Image-2020-05-18-at-09_34_11.jpeg",500,375,false],"mantranews-slider-large":["https:\/\/blogopara.com.br\/wp-content\/uploads\/2020\/05\/WhatsApp-Image-2020-05-18-at-09_34_11.jpeg",500,375,false],"mantranews-featured-medium":["https:\/\/blogopara.com.br\/wp-content\/uploads\/2020\/05\/WhatsApp-Image-2020-05-18-at-09_34_11-420x307.jpeg",420,307,true],"mantranews-featured-long":["https:\/\/blogopara.com.br\/wp-content\/uploads\/2020\/05\/WhatsApp-Image-2020-05-18-at-09_34_11-300x375.jpeg",300,375,true],"mantranews-block-medium":["https:\/\/blogopara.com.br\/wp-content\/uploads\/2020\/05\/WhatsApp-Image-2020-05-18-at-09_34_11-464x290.jpeg",464,290,true],"mantranews-carousel-image":["https:\/\/blogopara.com.br\/wp-content\/uploads\/2020\/05\/WhatsApp-Image-2020-05-18-at-09_34_11.jpeg",500,375,false],"mantranews-block-thumb":["https:\/\/blogopara.com.br\/wp-content\/uploads\/2020\/05\/WhatsApp-Image-2020-05-18-at-09_34_11.jpeg",307,230,false],"mantranews-single-large":["https:\/\/blogopara.com.br\/wp-content\/uploads\/2020\/05\/WhatsApp-Image-2020-05-18-at-09_34_11.jpeg",500,375,false]},"uagb_author_info":{"display_name":"Reda\u00e7\u00e3o geral","author_link":"https:\/\/blogopara.com.br\/index.php\/author\/blogopara"},"uagb_comment_info":0,"uagb_excerpt":"O prefeito de Juazeiro, Paulo Bomfim, anunciou na manh\u00e3 desta segunda-feira, dia 18, novas medidas de combate ao Coronav\u00edrus. De acordo com o prefeito,\u00a0a cidade baiana ter\u00e1 a partir de amanh\u00e3 (19), toque de recolher que\u00a0ser\u00e1 das 22h at\u00e9 \u00e0s 05h. Neste per\u00edodo, somente servi\u00e7os essenciais ser\u00e3o autorizados a circular, tais como deliverys de farm\u00e1cias&hellip;","jetpack_sharing_enabled":true,"jetpack_likes_enabled":true,"_links":{"self":[{"href":"https:\/\/blogopara.com.br\/index.php\/wp-json\/wp\/v2\/posts\/10670","targetHints":{"allow":["GET"]}}],"collection":[{"href":"https:\/\/blogopara.com.br\/index.php\/wp-json\/wp\/v2\/posts"}],"about":[{"href":"https:\/\/blogopara.com.br\/index.php\/wp-json\/wp\/v2\/types\/post"}],"author":[{"embeddable":true,"href":"https:\/\/blogopara.com.br\/index.php\/wp-json\/wp\/v2\/users\/1"}],"replies":[{"embeddable":true,"href":"https:\/\/blogopara.com.br\/index.php\/wp-json\/wp\/v2\/comments?post=10670"}],"version-history":[{"count":2,"href":"https:\/\/blogopara.com.br\/index.php\/wp-json\/wp\/v2\/posts\/10670\/revisions"}],"predecessor-version":[{"id":10673,"href":"https:\/\/blogopara.com.br\/index.php\/wp-json\/wp\/v2\/posts\/10670\/revisions\/10673"}],"wp:featuredmedia":[{"embeddable":true,"href":"https:\/\/blogopara.com.br\/index.php\/wp-json\/wp\/v2\/media\/10671"}],"wp:attachment":[{"href":"https:\/\/blogopara.com.br\/index.php\/wp-json\/wp\/v2\/media?parent=10670"}],"wp:term":[{"taxonomy":"category","embeddable":true,"href":"https:\/\/blogopara.com.br\/index.php\/wp-json\/wp\/v2\/categories?post=10670"},{"taxonomy":"post_tag","embeddable":true,"href":"https:\/\/blogopara.com.br\/index.php\/wp-json\/wp\/v2\/tags?post=10670"}],"curies":[{"name":"wp","href":"https:\/\/api.w.org\/{rel}","templated":true}]}}