{"id":10935,"date":"2020-05-26T06:33:00","date_gmt":"2020-05-26T09:33:00","guid":{"rendered":"http:\/\/blogopara.com.br\/?p=10935"},"modified":"2020-05-26T09:46:30","modified_gmt":"2020-05-26T12:46:30","slug":"juazeiro-uma-pesquisa-com-a-populacao-vai-decidir-a-reabertura-do-comercio","status":"publish","type":"post","link":"https:\/\/blogopara.com.br\/index.php\/2020\/05\/26\/juazeiro-uma-pesquisa-com-a-populacao-vai-decidir-a-reabertura-do-comercio","title":{"rendered":"Juazeiro: Uma pesquisa com a popula\u00e7\u00e3o vai decidir a reabertura do com\u00e9rcio?"},"content":{"rendered":"<p style=\"text-align: justify;\">Desde o dia 24 de mar\u00e7o que o com\u00e9rcio de Juazeiro est\u00e1 fechado. A determina\u00e7\u00e3o foi divulgada pela prefeitura municipal, ap\u00f3s reuni\u00e3o do Comit\u00ea de Preven\u00e7\u00e3o e Enfrentamento \u00e0 Covid-19 e ao H1N1. A medida foi tomada para enfrentar a propaga\u00e7\u00e3o do covid-19.<\/p>\n<p style=\"text-align: justify;\">A partir do primeiro decreto de fechamento, foi autorizado o funcionamento de lojas e atividades essenciais, tais como: supermercados, mercadinhos, padarias, a\u00e7ougues, casas de ra\u00e7\u00f5es, farm\u00e1cias e defensivos agr\u00edcolas, preservando o distanciamento e limite m\u00e1ximo de pessoas em cada ambiente.<\/p>\n<p style=\"text-align: justify;\">O prefeito j\u00e1 resistiu \u00e0 press\u00e3o das associa\u00e7\u00f5es de lojistas e de outras categorias para a reabertura do com\u00e9rcio, principalmente porque os casos de covid-19 tem aumentado na cidade, o \u00faltimo boletim divulgado pela SESAU informou que a cidade est\u00e1 com 538 casos suspeitos, 58 confirmados e 04 \u00f3bitos por covid-19.<\/p>\n<p style=\"text-align: justify;\">Mas, desde o final de semana muitos juazeirenses t\u00eam respondido por telefone uma entrevista de uma empresa de Recife (XP Propaganda e Marketing Ltda) entre tantas perguntas sobre o cen\u00e1rio pol\u00edtico para as elei\u00e7\u00f5es desse ano, est\u00e1 uma pergunta sobre a reabertura do com\u00e9rcio: Voc\u00ea acha que o com\u00e9rcio de Juazeiro deve reabrir de uma vez? A reabertura deve ser gradual? Ou n\u00e3o deve reabrir?<\/p>\n<p style=\"text-align: justify;\">Muito esquisita a pergunta, porque estamos diante um cen\u00e1rio de pandemia, n\u00e3o \u00e9 uma simples consulta sobre abertura de uma atividade econ\u00f4mica, mas \u00e9 sobre uma decis\u00e3o que pode ter resultados catastr\u00f3ficos se n\u00e3o for bem avaliada pelo Comit\u00ea de Preven\u00e7\u00e3o e Enfrentamento \u00e0 Covid-19 e ao H1N1.<\/p>\n<p style=\"text-align: justify;\">N\u00e3o \u00e9, e n\u00e3o vai ser um instituto de pesquisa que vai decidir sobre reabertura do com\u00e9rcio. N\u00e3o \u00e9, e n\u00e3o pode ser uma atitude pol\u00edtica, depois do sacrif\u00edcio todos com as pol\u00edticas restritivas impostas a toda popula\u00e7\u00e3o para o enfrentamento ao covid-19, mas v\u00e1rios atores, inclusive o CDL e demais institui\u00e7\u00f5es que j\u00e1 apresentaram um Plano para a Reabertura do com\u00e9rcio.<\/p>\n<p style=\"text-align: justify;\">A todo tempo foi pedido que todos se unissem e deixassem de lado a pol\u00edtica, para que Juazeiro pudessem ter \u00eaxito no enfretamento ao covid-19, o que se espera que nesse momento as decis\u00f5es continuem sendo tomadas para o bem da cidade.<\/p>\n","protected":false},"excerpt":{"rendered":"<p>Desde o dia 24 de mar\u00e7o que o com\u00e9rcio de Juazeiro est\u00e1 fechado. A determina\u00e7\u00e3o foi divulgada pela prefeitura municipal, ap\u00f3s reuni\u00e3o do Comit\u00ea de Preven\u00e7\u00e3o e Enfrentamento \u00e0 Covid-19 e ao H1N1. A medida foi tomada para enfrentar a propaga\u00e7\u00e3o do covid-19. A partir do primeiro decreto de fechamento, foi autorizado o funcionamento de [&hellip;]<\/p>\n","protected":false},"author":1,"featured_media":10942,"comment_status":"open","ping_status":"open","sticky":false,"template":"","format":"standard","meta":{"_uag_custom_page_level_css":"","_monsterinsights_skip_tracking":false,"_monsterinsights_sitenote_active":false,"_monsterinsights_sitenote_note":"","_monsterinsights_sitenote_category":0,"jetpack_post_was_ever_published":false,"_jetpack_newsletter_access":"","_jetpack_dont_email_post_to_subs":false,"_jetpack_newsletter_tier_id":0,"_jetpack_memberships_contains_paywalled_content":false,"_jetpack_memberships_contains_paid_content":false,"footnotes":"","jetpack_publicize_message":"","jetpack_publicize_feature_enabled":true,"jetpack_social_post_already_shared":true,"jetpack_social_options":{"image_generator_settings":{"template":"highway","default_image_id":0,"font":"","enabled":false},"version":2}},"categories":[203,204],"tags":[],"class_list":["post-10935","post","type-post","status-publish","format-standard","has-post-thumbnail","hentry","category-juazeiro","category-social"],"jetpack_publicize_connections":[],"jetpack_featured_media_url":"https:\/\/blogopara.com.br\/wp-content\/uploads\/2020\/05\/Com\u00e9rcio-Juazeiro-Fechado1-533x300-1.jpg","uagb_featured_image_src":{"full":["https:\/\/blogopara.com.br\/wp-content\/uploads\/2020\/05\/Com\u00e9rcio-Juazeiro-Fechado1-533x300-1.jpg",500,281,false],"thumbnail":["https:\/\/blogopara.com.br\/wp-content\/uploads\/2020\/05\/Com\u00e9rcio-Juazeiro-Fechado1-533x300-1-150x150.jpg",150,150,true],"medium":["https:\/\/blogopara.com.br\/wp-content\/uploads\/2020\/05\/Com\u00e9rcio-Juazeiro-Fechado1-533x300-1-300x169.jpg",300,169,true],"medium_large":["https:\/\/blogopara.com.br\/wp-content\/uploads\/2020\/05\/Com\u00e9rcio-Juazeiro-Fechado1-533x300-1.jpg",500,281,false],"large":["https:\/\/blogopara.com.br\/wp-content\/uploads\/2020\/05\/Com\u00e9rcio-Juazeiro-Fechado1-533x300-1.jpg",500,281,false],"1536x1536":["https:\/\/blogopara.com.br\/wp-content\/uploads\/2020\/05\/Com\u00e9rcio-Juazeiro-Fechado1-533x300-1.jpg",500,281,false],"2048x2048":["https:\/\/blogopara.com.br\/wp-content\/uploads\/2020\/05\/Com\u00e9rcio-Juazeiro-Fechado1-533x300-1.jpg",500,281,false],"mantranews-slider-large":["https:\/\/blogopara.com.br\/wp-content\/uploads\/2020\/05\/Com\u00e9rcio-Juazeiro-Fechado1-533x300-1.jpg",500,281,false],"mantranews-featured-medium":["https:\/\/blogopara.com.br\/wp-content\/uploads\/2020\/05\/Com\u00e9rcio-Juazeiro-Fechado1-533x300-1-420x281.jpg",420,281,true],"mantranews-featured-long":["https:\/\/blogopara.com.br\/wp-content\/uploads\/2020\/05\/Com\u00e9rcio-Juazeiro-Fechado1-533x300-1-300x281.jpg",300,281,true],"mantranews-block-medium":["https:\/\/blogopara.com.br\/wp-content\/uploads\/2020\/05\/Com\u00e9rcio-Juazeiro-Fechado1-533x300-1-464x281.jpg",464,281,true],"mantranews-carousel-image":["https:\/\/blogopara.com.br\/wp-content\/uploads\/2020\/05\/Com\u00e9rcio-Juazeiro-Fechado1-533x300-1.jpg",500,281,false],"mantranews-block-thumb":["https:\/\/blogopara.com.br\/wp-content\/uploads\/2020\/05\/Com\u00e9rcio-Juazeiro-Fechado1-533x300-1.jpg",322,181,false],"mantranews-single-large":["https:\/\/blogopara.com.br\/wp-content\/uploads\/2020\/05\/Com\u00e9rcio-Juazeiro-Fechado1-533x300-1.jpg",500,281,false]},"uagb_author_info":{"display_name":"Reda\u00e7\u00e3o geral","author_link":"https:\/\/blogopara.com.br\/index.php\/author\/blogopara"},"uagb_comment_info":0,"uagb_excerpt":"Desde o dia 24 de mar\u00e7o que o com\u00e9rcio de Juazeiro est\u00e1 fechado. A determina\u00e7\u00e3o foi divulgada pela prefeitura municipal, ap\u00f3s reuni\u00e3o do Comit\u00ea de Preven\u00e7\u00e3o e Enfrentamento \u00e0 Covid-19 e ao H1N1. A medida foi tomada para enfrentar a propaga\u00e7\u00e3o do covid-19. A partir do primeiro decreto de fechamento, foi autorizado o funcionamento de&hellip;","jetpack_sharing_enabled":true,"jetpack_likes_enabled":true,"_links":{"self":[{"href":"https:\/\/blogopara.com.br\/index.php\/wp-json\/wp\/v2\/posts\/10935","targetHints":{"allow":["GET"]}}],"collection":[{"href":"https:\/\/blogopara.com.br\/index.php\/wp-json\/wp\/v2\/posts"}],"about":[{"href":"https:\/\/blogopara.com.br\/index.php\/wp-json\/wp\/v2\/types\/post"}],"author":[{"embeddable":true,"href":"https:\/\/blogopara.com.br\/index.php\/wp-json\/wp\/v2\/users\/1"}],"replies":[{"embeddable":true,"href":"https:\/\/blogopara.com.br\/index.php\/wp-json\/wp\/v2\/comments?post=10935"}],"version-history":[{"count":5,"href":"https:\/\/blogopara.com.br\/index.php\/wp-json\/wp\/v2\/posts\/10935\/revisions"}],"predecessor-version":[{"id":10946,"href":"https:\/\/blogopara.com.br\/index.php\/wp-json\/wp\/v2\/posts\/10935\/revisions\/10946"}],"wp:featuredmedia":[{"embeddable":true,"href":"https:\/\/blogopara.com.br\/index.php\/wp-json\/wp\/v2\/media\/10942"}],"wp:attachment":[{"href":"https:\/\/blogopara.com.br\/index.php\/wp-json\/wp\/v2\/media?parent=10935"}],"wp:term":[{"taxonomy":"category","embeddable":true,"href":"https:\/\/blogopara.com.br\/index.php\/wp-json\/wp\/v2\/categories?post=10935"},{"taxonomy":"post_tag","embeddable":true,"href":"https:\/\/blogopara.com.br\/index.php\/wp-json\/wp\/v2\/tags?post=10935"}],"curies":[{"name":"wp","href":"https:\/\/api.w.org\/{rel}","templated":true}]}}