{"id":10953,"date":"2020-05-26T10:47:54","date_gmt":"2020-05-26T13:47:54","guid":{"rendered":"http:\/\/blogopara.com.br\/?p=10953"},"modified":"2020-05-26T10:47:57","modified_gmt":"2020-05-26T13:47:57","slug":"soldado-da-pm-e-preso-no-suburbio-ao-resgatar-traficantes-que-foram-baleados","status":"publish","type":"post","link":"https:\/\/blogopara.com.br\/index.php\/2020\/05\/26\/soldado-da-pm-e-preso-no-suburbio-ao-resgatar-traficantes-que-foram-baleados","title":{"rendered":"Soldado da PM \u00e9 preso no sub\u00farbio ao resgatar traficantes que foram baleados"},"content":{"rendered":"<p style=\"text-align: justify;\">Um soldado da PM lotado na 18\u00aa CIPM (Periperi) foi preso em flagrante, na noite de segunda-feira (25\/05), quando resgatava cinco homicidas e traficantes, no Sub\u00farbio Ferrovi\u00e1rio. Armas, muni\u00e7\u00f5es, colete bal\u00edstico e drogas foram apreendidos na a\u00e7\u00e3o da 19\u00aa CIPM (Paripe).<\/p>\n<div class=\"td-a-ad id_inline_ad0 id_ad_content-horiz-center\">\n<div>\n<p style=\"text-align: justify;\">As guarni\u00e7\u00f5es foram at\u00e9 as Ruas\u00a0Nova Bras\u00edlia\u00a0e Sete de Setembro apurar uma den\u00fancia de homens armados. No local, os militares da\u00a019\u00aa CIPM confirmaram que tr\u00eas homens acabaram atingidos por disparos de arma de fogo efetuados pela quadrilha e uma das v\u00edtimas possu\u00eda passagens por tr\u00e1fico de drogas.<\/p>\n<p style=\"text-align: justify;\">Durante varreduras os criminosos fugiram por um matagal na localidade Monte das Ora\u00e7\u00f5es. No momento das buscas, uma den\u00fancia chegou aos militares informando que um carro modelo Honda Civic, cor preto, tinha resgatado o grupo e seguiu pela BA-528 (Estrada do Derba).<\/p>\n<p style=\"text-align: justify;\">O carro foi interceptado na rodovia e quem dirigia era o soldado da 18\u00aa CIPM. Ele e os outros cinco criminosos acabaram presos em flagrante. Com o bando foram apreendidos uma carabina e tr\u00eas rev\u00f3lveres calibre 38, um colete bal\u00edstico, muni\u00e7\u00f5es, tr\u00eas pinos com coca\u00edna, celulares e 420 reais em esp\u00e9cie.<\/p>\n<p style=\"text-align: justify;\">O sexteto foi apresentado na Central de Flagrantes. A Corregedoria da PM foi at\u00e9 o local para conduzir o soldado.<\/p>\n<\/div>\n<\/div>\n","protected":false},"excerpt":{"rendered":"<p>Um soldado da PM lotado na 18\u00aa CIPM (Periperi) foi preso em flagrante, na noite de segunda-feira (25\/05), quando resgatava cinco homicidas e traficantes, no Sub\u00farbio Ferrovi\u00e1rio. Armas, muni\u00e7\u00f5es, colete bal\u00edstico e drogas foram apreendidos na a\u00e7\u00e3o da 19\u00aa CIPM (Paripe). As guarni\u00e7\u00f5es foram at\u00e9 as Ruas\u00a0Nova Bras\u00edlia\u00a0e Sete de Setembro apurar uma den\u00fancia de [&hellip;]<\/p>\n","protected":false},"author":1,"featured_media":10954,"comment_status":"open","ping_status":"open","sticky":false,"template":"","format":"standard","meta":{"_uag_custom_page_level_css":"","_monsterinsights_skip_tracking":false,"_monsterinsights_sitenote_active":false,"_monsterinsights_sitenote_note":"","_monsterinsights_sitenote_category":0,"jetpack_post_was_ever_published":false,"_jetpack_newsletter_access":"","_jetpack_dont_email_post_to_subs":false,"_jetpack_newsletter_tier_id":0,"_jetpack_memberships_contains_paywalled_content":false,"_jetpack_memberships_contains_paid_content":false,"footnotes":"","jetpack_publicize_message":"","jetpack_publicize_feature_enabled":true,"jetpack_social_post_already_shared":true,"jetpack_social_options":{"image_generator_settings":{"template":"highway","default_image_id":0,"font":"","enabled":false},"version":2}},"categories":[199,202],"tags":[],"class_list":["post-10953","post","type-post","status-publish","format-standard","has-post-thumbnail","hentry","category-bahia","category-policia"],"jetpack_publicize_connections":[],"jetpack_featured_media_url":"https:\/\/blogopara.com.br\/wp-content\/uploads\/2020\/05\/soldado.jpg","uagb_featured_image_src":{"full":["https:\/\/blogopara.com.br\/wp-content\/uploads\/2020\/05\/soldado.jpg",500,310,false],"thumbnail":["https:\/\/blogopara.com.br\/wp-content\/uploads\/2020\/05\/soldado-150x150.jpg",150,150,true],"medium":["https:\/\/blogopara.com.br\/wp-content\/uploads\/2020\/05\/soldado-300x186.jpg",300,186,true],"medium_large":["https:\/\/blogopara.com.br\/wp-content\/uploads\/2020\/05\/soldado.jpg",500,310,false],"large":["https:\/\/blogopara.com.br\/wp-content\/uploads\/2020\/05\/soldado.jpg",500,310,false],"1536x1536":["https:\/\/blogopara.com.br\/wp-content\/uploads\/2020\/05\/soldado.jpg",500,310,false],"2048x2048":["https:\/\/blogopara.com.br\/wp-content\/uploads\/2020\/05\/soldado.jpg",500,310,false],"mantranews-slider-large":["https:\/\/blogopara.com.br\/wp-content\/uploads\/2020\/05\/soldado.jpg",500,310,false],"mantranews-featured-medium":["https:\/\/blogopara.com.br\/wp-content\/uploads\/2020\/05\/soldado-420x307.jpg",420,307,true],"mantranews-featured-long":["https:\/\/blogopara.com.br\/wp-content\/uploads\/2020\/05\/soldado-300x310.jpg",300,310,true],"mantranews-block-medium":["https:\/\/blogopara.com.br\/wp-content\/uploads\/2020\/05\/soldado-464x290.jpg",464,290,true],"mantranews-carousel-image":["https:\/\/blogopara.com.br\/wp-content\/uploads\/2020\/05\/soldado.jpg",500,310,false],"mantranews-block-thumb":["https:\/\/blogopara.com.br\/wp-content\/uploads\/2020\/05\/soldado.jpg",322,200,false],"mantranews-single-large":["https:\/\/blogopara.com.br\/wp-content\/uploads\/2020\/05\/soldado.jpg",500,310,false]},"uagb_author_info":{"display_name":"Reda\u00e7\u00e3o geral","author_link":"https:\/\/blogopara.com.br\/index.php\/author\/blogopara"},"uagb_comment_info":0,"uagb_excerpt":"Um soldado da PM lotado na 18\u00aa CIPM (Periperi) foi preso em flagrante, na noite de segunda-feira (25\/05), quando resgatava cinco homicidas e traficantes, no Sub\u00farbio Ferrovi\u00e1rio. Armas, muni\u00e7\u00f5es, colete bal\u00edstico e drogas foram apreendidos na a\u00e7\u00e3o da 19\u00aa CIPM (Paripe). As guarni\u00e7\u00f5es foram at\u00e9 as Ruas\u00a0Nova Bras\u00edlia\u00a0e Sete de Setembro apurar uma den\u00fancia de&hellip;","jetpack_sharing_enabled":true,"jetpack_likes_enabled":true,"_links":{"self":[{"href":"https:\/\/blogopara.com.br\/index.php\/wp-json\/wp\/v2\/posts\/10953","targetHints":{"allow":["GET"]}}],"collection":[{"href":"https:\/\/blogopara.com.br\/index.php\/wp-json\/wp\/v2\/posts"}],"about":[{"href":"https:\/\/blogopara.com.br\/index.php\/wp-json\/wp\/v2\/types\/post"}],"author":[{"embeddable":true,"href":"https:\/\/blogopara.com.br\/index.php\/wp-json\/wp\/v2\/users\/1"}],"replies":[{"embeddable":true,"href":"https:\/\/blogopara.com.br\/index.php\/wp-json\/wp\/v2\/comments?post=10953"}],"version-history":[{"count":1,"href":"https:\/\/blogopara.com.br\/index.php\/wp-json\/wp\/v2\/posts\/10953\/revisions"}],"predecessor-version":[{"id":10955,"href":"https:\/\/blogopara.com.br\/index.php\/wp-json\/wp\/v2\/posts\/10953\/revisions\/10955"}],"wp:featuredmedia":[{"embeddable":true,"href":"https:\/\/blogopara.com.br\/index.php\/wp-json\/wp\/v2\/media\/10954"}],"wp:attachment":[{"href":"https:\/\/blogopara.com.br\/index.php\/wp-json\/wp\/v2\/media?parent=10953"}],"wp:term":[{"taxonomy":"category","embeddable":true,"href":"https:\/\/blogopara.com.br\/index.php\/wp-json\/wp\/v2\/categories?post=10953"},{"taxonomy":"post_tag","embeddable":true,"href":"https:\/\/blogopara.com.br\/index.php\/wp-json\/wp\/v2\/tags?post=10953"}],"curies":[{"name":"wp","href":"https:\/\/api.w.org\/{rel}","templated":true}]}}