{"id":10993,"date":"2020-05-27T09:28:15","date_gmt":"2020-05-27T12:28:15","guid":{"rendered":"http:\/\/blogopara.com.br\/?p=10993"},"modified":"2020-05-27T21:23:00","modified_gmt":"2020-05-28T00:23:00","slug":"cantor-targino-gondim-sofre-acidente-de-carro-um-grande-susto-diz-o-sanfoneiro","status":"publish","type":"post","link":"https:\/\/blogopara.com.br\/index.php\/2020\/05\/27\/cantor-targino-gondim-sofre-acidente-de-carro-um-grande-susto-diz-o-sanfoneiro","title":{"rendered":"Cantor Targino Gondim sofre acidente de carro. Um grande susto&#8221;, diz o sanfoneiro"},"content":{"rendered":"<p style=\"text-align: justify;\">O cantor e compositor Targino Gondim, sofreu um acidente de carro nesta ter\u00e7a-feira (26).<\/p>\n<p style=\"text-align: justify;\">O carro em que ele estava capotou. O acidente aconteceu no Km 169 da BA-099,&nbsp; pr\u00f3ximo a cidade do Conde (BA). &#8220;O carro capotou duas vezes. O carro atolado de \u00e1gua ficou sem estabilidade e n\u00e3o consegui controlar. Estou bem agora. S\u00f3 tenho gratid\u00e3o neste momento gra\u00e7as a Deus&#8221;.<\/p>\n<p style=\"text-align: justify;\">Targino Gondim realizou no \u00faltimo s\u00e1bado (23), sua live musical \u2018Show Sem Limites\u2019&nbsp;no YouTube e atingiu a marca que superou 110 mil visualiza\u00e7\u00f5es.<\/p>\n<p style=\"text-align: justify;\">&#8220;Gra\u00e7as a Deus foi um susto. Hoje dia de Santa Dulce e data nascimento do mestre Sivuca, eu aproveito para agradecer a preocupa\u00e7\u00e3o dos amigos, f\u00e3s. Estou bem&#8221;, declarou Targino.<\/p>\n<p style=\"text-align: justify;\">Com a suspens\u00e3o do S\u00e3o Jo\u00e3o devido a pandemia do novo coronav\u00edrus, o artista ir\u00e1 transformar a apresenta\u00e7\u00e3o em um verdadeiro S\u00e3o Jo\u00e3o virtual, com um repert\u00f3rio recheado de sucessos da carreira.<\/p>\n<p style=\"text-align: justify;\">No Projeto Targino sem Limites, Targino Gondim apresenta uma parceira com um grande nome da m\u00fasica do Brasil. Desta vez, a baiana Ivete Sangalo divide com o sanfoneiro a can\u00e7\u00e3o Culpa do meu Cora\u00e7\u00e3o. Nesta temporada j\u00e1 foram gravadas musicas com Zeca Baleiro, Mariene de Castro, Bel Marques e Carlinhos Brown, e tamb\u00e9m com Fagner, Gilberto Gil, Xandy Avi\u00f5es e Baiana System.<\/p>\n<p style=\"text-align: justify;\">Targino tem a chancela de grandes nomes do ritmo, a exemplo de Gilberto Gil, Fagner, Elba Ramalho, Geraldo Azevedo, Alceu Valen\u00e7a e Dominguinhos, o artista n\u00e3o se limitou apenas a fazer show.<\/p>\n<p style=\"text-align: justify;\">Empreendedor tem tocado eventos como Festival Internacional da Sanfona (Juazeiro-BA), que j\u00e1 \u00e9 o maior evento de acordeon da Am\u00e9rica Latina, Festival de Forr\u00f3 da Chapada (Mucug\u00ea-BA), Conecta Chapada (Andara\u00ed-BA), e Festival de Forr\u00f3 de Itacar\u00e9 (Itacar\u00e9-BA).<\/p>\n<p style=\"text-align: justify;\">Nas can\u00e7\u00f5es que o p\u00fablico confere em suas apresenta\u00e7\u00f5es est\u00e3o, \u2018Esperando na Janela\u2019 que lhe rendeu um Grammy Latino e tem uma vers\u00e3o na voz de Gilberto Gil, \u2018Pra Se Aninhar\u2019, \u2018Dance Forr\u00f3 Mais Eu\u2019, e \u2018Na Sombra Do Juazeiro\u2019.<\/p>\n","protected":false},"excerpt":{"rendered":"<p>O cantor e compositor Targino Gondim, sofreu um acidente de carro nesta ter\u00e7a-feira (26). O carro em que ele estava capotou. O acidente aconteceu no Km 169 da BA-099,&nbsp; pr\u00f3ximo a cidade do Conde (BA). &#8220;O carro capotou duas vezes. O carro atolado de \u00e1gua ficou sem estabilidade e n\u00e3o consegui controlar. Estou bem agora. [&hellip;]<\/p>\n","protected":false},"author":1,"featured_media":10994,"comment_status":"open","ping_status":"open","sticky":false,"template":"","format":"standard","meta":{"_uag_custom_page_level_css":"","_monsterinsights_skip_tracking":false,"_monsterinsights_sitenote_active":false,"_monsterinsights_sitenote_note":"","_monsterinsights_sitenote_category":0,"jetpack_post_was_ever_published":false,"_jetpack_newsletter_access":"","_jetpack_dont_email_post_to_subs":false,"_jetpack_newsletter_tier_id":0,"_jetpack_memberships_contains_paywalled_content":false,"_jetpack_memberships_contains_paid_content":false,"footnotes":"","jetpack_publicize_message":"","jetpack_publicize_feature_enabled":true,"jetpack_social_post_already_shared":true,"jetpack_social_options":{"image_generator_settings":{"template":"highway","default_image_id":0,"font":"","enabled":false},"version":2}},"categories":[203],"tags":[],"class_list":["post-10993","post","type-post","status-publish","format-standard","has-post-thumbnail","hentry","category-juazeiro"],"jetpack_publicize_connections":[],"jetpack_featured_media_url":"https:\/\/blogopara.com.br\/wp-content\/uploads\/2020\/05\/acidentetargino26.jpg","uagb_featured_image_src":{"full":["https:\/\/blogopara.com.br\/wp-content\/uploads\/2020\/05\/acidentetargino26.jpg",500,311,false],"thumbnail":["https:\/\/blogopara.com.br\/wp-content\/uploads\/2020\/05\/acidentetargino26-150x150.jpg",150,150,true],"medium":["https:\/\/blogopara.com.br\/wp-content\/uploads\/2020\/05\/acidentetargino26-300x187.jpg",300,187,true],"medium_large":["https:\/\/blogopara.com.br\/wp-content\/uploads\/2020\/05\/acidentetargino26.jpg",500,311,false],"large":["https:\/\/blogopara.com.br\/wp-content\/uploads\/2020\/05\/acidentetargino26.jpg",500,311,false],"1536x1536":["https:\/\/blogopara.com.br\/wp-content\/uploads\/2020\/05\/acidentetargino26.jpg",500,311,false],"2048x2048":["https:\/\/blogopara.com.br\/wp-content\/uploads\/2020\/05\/acidentetargino26.jpg",500,311,false],"mantranews-slider-large":["https:\/\/blogopara.com.br\/wp-content\/uploads\/2020\/05\/acidentetargino26.jpg",500,311,false],"mantranews-featured-medium":["https:\/\/blogopara.com.br\/wp-content\/uploads\/2020\/05\/acidentetargino26-420x307.jpg",420,307,true],"mantranews-featured-long":["https:\/\/blogopara.com.br\/wp-content\/uploads\/2020\/05\/acidentetargino26-300x311.jpg",300,311,true],"mantranews-block-medium":["https:\/\/blogopara.com.br\/wp-content\/uploads\/2020\/05\/acidentetargino26-464x290.jpg",464,290,true],"mantranews-carousel-image":["https:\/\/blogopara.com.br\/wp-content\/uploads\/2020\/05\/acidentetargino26.jpg",500,311,false],"mantranews-block-thumb":["https:\/\/blogopara.com.br\/wp-content\/uploads\/2020\/05\/acidentetargino26.jpg",322,200,false],"mantranews-single-large":["https:\/\/blogopara.com.br\/wp-content\/uploads\/2020\/05\/acidentetargino26.jpg",500,311,false]},"uagb_author_info":{"display_name":"Reda\u00e7\u00e3o geral","author_link":"https:\/\/blogopara.com.br\/index.php\/author\/blogopara"},"uagb_comment_info":0,"uagb_excerpt":"O cantor e compositor Targino Gondim, sofreu um acidente de carro nesta ter\u00e7a-feira (26). O carro em que ele estava capotou. O acidente aconteceu no Km 169 da BA-099,&nbsp; pr\u00f3ximo a cidade do Conde (BA). &#8220;O carro capotou duas vezes. O carro atolado de \u00e1gua ficou sem estabilidade e n\u00e3o consegui controlar. Estou bem agora.&hellip;","jetpack_sharing_enabled":true,"jetpack_likes_enabled":true,"_links":{"self":[{"href":"https:\/\/blogopara.com.br\/index.php\/wp-json\/wp\/v2\/posts\/10993","targetHints":{"allow":["GET"]}}],"collection":[{"href":"https:\/\/blogopara.com.br\/index.php\/wp-json\/wp\/v2\/posts"}],"about":[{"href":"https:\/\/blogopara.com.br\/index.php\/wp-json\/wp\/v2\/types\/post"}],"author":[{"embeddable":true,"href":"https:\/\/blogopara.com.br\/index.php\/wp-json\/wp\/v2\/users\/1"}],"replies":[{"embeddable":true,"href":"https:\/\/blogopara.com.br\/index.php\/wp-json\/wp\/v2\/comments?post=10993"}],"version-history":[{"count":2,"href":"https:\/\/blogopara.com.br\/index.php\/wp-json\/wp\/v2\/posts\/10993\/revisions"}],"predecessor-version":[{"id":11021,"href":"https:\/\/blogopara.com.br\/index.php\/wp-json\/wp\/v2\/posts\/10993\/revisions\/11021"}],"wp:featuredmedia":[{"embeddable":true,"href":"https:\/\/blogopara.com.br\/index.php\/wp-json\/wp\/v2\/media\/10994"}],"wp:attachment":[{"href":"https:\/\/blogopara.com.br\/index.php\/wp-json\/wp\/v2\/media?parent=10993"}],"wp:term":[{"taxonomy":"category","embeddable":true,"href":"https:\/\/blogopara.com.br\/index.php\/wp-json\/wp\/v2\/categories?post=10993"},{"taxonomy":"post_tag","embeddable":true,"href":"https:\/\/blogopara.com.br\/index.php\/wp-json\/wp\/v2\/tags?post=10993"}],"curies":[{"name":"wp","href":"https:\/\/api.w.org\/{rel}","templated":true}]}}