{"id":11014,"date":"2020-05-28T09:03:00","date_gmt":"2020-05-28T12:03:00","guid":{"rendered":"http:\/\/blogopara.com.br\/?p=11014"},"modified":"2020-05-28T12:33:24","modified_gmt":"2020-05-28T15:33:24","slug":"geraldo-de-coleta-confirma-apoio-ao-pre-candidato-a-vereador-gildasio-soares","status":"publish","type":"post","link":"https:\/\/blogopara.com.br\/index.php\/2020\/05\/28\/geraldo-de-coleta-confirma-apoio-ao-pre-candidato-a-vereador-gildasio-soares","title":{"rendered":"Geraldo de Coleta confirma apoio ao pr\u00e9-candidato a vereador Gild\u00e1sio Soares"},"content":{"rendered":"<p style=\"text-align: justify;\">Duas grandes lideran\u00e7as de Mani\u00e7oba e regi\u00e3o ir\u00e3o est\u00e1 juntas nas elei\u00e7\u00f5es de outubro. Geraldo de Coleta confirma apoio a Gild\u00e1sio Soares para as elei\u00e7\u00f5es de outubro.&nbsp; Gild\u00e1sio Soares expressou a sua alegria em ter ao seu lado essa grande lideran\u00e7a regional: &#8220;\u00c9 com muita satisfa\u00e7\u00e3o e alegria que recebemos hoje o apoio de Geraldo de Coleta, uma grande lideran\u00e7a de Mani\u00e7oba e regi\u00e3o&#8221;.<\/p>\n<p style=\"text-align: justify;\">Geraldo tem uma grande experi\u00eancia na pol\u00edtica e \u00e9 o l\u00edder de sua fam\u00edlia na quest\u00e3o pol\u00edtica sempre, \u00e9 o que mostra o melhor candidato a seus amigos e familiares.<\/p>\n<p style=\"text-align: justify;\">&#8220;Temos certeza que um apoio desse porte s\u00f3 vai fortalecer nossa luta para conseguirmos um mandato que venha trazer melhorias para nossa regi\u00e3o&#8221;, ressaltou Gild\u00e1sio.<\/p>\n<p>Ascom Gild\u00e1sio Soares<\/p>\n","protected":false},"excerpt":{"rendered":"<p>Duas grandes lideran\u00e7as de Mani\u00e7oba e regi\u00e3o ir\u00e3o est\u00e1 juntas nas elei\u00e7\u00f5es de outubro. Geraldo de Coleta confirma apoio a Gild\u00e1sio Soares para as elei\u00e7\u00f5es de outubro.&nbsp; Gild\u00e1sio Soares expressou a sua alegria em ter ao seu lado essa grande lideran\u00e7a regional: &#8220;\u00c9 com muita satisfa\u00e7\u00e3o e alegria que recebemos hoje o apoio de Geraldo [&hellip;]<\/p>\n","protected":false},"author":1,"featured_media":11016,"comment_status":"open","ping_status":"open","sticky":false,"template":"","format":"standard","meta":{"_uag_custom_page_level_css":"","_monsterinsights_skip_tracking":false,"_monsterinsights_sitenote_active":false,"_monsterinsights_sitenote_note":"","_monsterinsights_sitenote_category":0,"jetpack_post_was_ever_published":false,"_jetpack_newsletter_access":"","_jetpack_dont_email_post_to_subs":false,"_jetpack_newsletter_tier_id":0,"_jetpack_memberships_contains_paywalled_content":false,"_jetpack_memberships_contains_paid_content":false,"footnotes":"","jetpack_publicize_message":"","jetpack_publicize_feature_enabled":true,"jetpack_social_post_already_shared":true,"jetpack_social_options":{"image_generator_settings":{"template":"highway","default_image_id":0,"font":"","enabled":false},"version":2}},"categories":[203,197],"tags":[],"class_list":["post-11014","post","type-post","status-publish","format-standard","has-post-thumbnail","hentry","category-juazeiro","category-politica"],"jetpack_publicize_connections":[],"jetpack_featured_media_url":"https:\/\/blogopara.com.br\/wp-content\/uploads\/2020\/05\/WhatsApp-Image-2020-05-27-at-19.54.58.jpeg","uagb_featured_image_src":{"full":["https:\/\/blogopara.com.br\/wp-content\/uploads\/2020\/05\/WhatsApp-Image-2020-05-27-at-19.54.58.jpeg",341,500,false],"thumbnail":["https:\/\/blogopara.com.br\/wp-content\/uploads\/2020\/05\/WhatsApp-Image-2020-05-27-at-19.54.58-150x150.jpeg",150,150,true],"medium":["https:\/\/blogopara.com.br\/wp-content\/uploads\/2020\/05\/WhatsApp-Image-2020-05-27-at-19.54.58-205x300.jpeg",205,300,true],"medium_large":["https:\/\/blogopara.com.br\/wp-content\/uploads\/2020\/05\/WhatsApp-Image-2020-05-27-at-19.54.58.jpeg",341,500,false],"large":["https:\/\/blogopara.com.br\/wp-content\/uploads\/2020\/05\/WhatsApp-Image-2020-05-27-at-19.54.58.jpeg",341,500,false],"1536x1536":["https:\/\/blogopara.com.br\/wp-content\/uploads\/2020\/05\/WhatsApp-Image-2020-05-27-at-19.54.58.jpeg",341,500,false],"2048x2048":["https:\/\/blogopara.com.br\/wp-content\/uploads\/2020\/05\/WhatsApp-Image-2020-05-27-at-19.54.58.jpeg",341,500,false],"mantranews-slider-large":["https:\/\/blogopara.com.br\/wp-content\/uploads\/2020\/05\/WhatsApp-Image-2020-05-27-at-19.54.58.jpeg",341,500,false],"mantranews-featured-medium":["https:\/\/blogopara.com.br\/wp-content\/uploads\/2020\/05\/WhatsApp-Image-2020-05-27-at-19.54.58-341x307.jpeg",341,307,true],"mantranews-featured-long":["https:\/\/blogopara.com.br\/wp-content\/uploads\/2020\/05\/WhatsApp-Image-2020-05-27-at-19.54.58-300x443.jpeg",300,443,true],"mantranews-block-medium":["https:\/\/blogopara.com.br\/wp-content\/uploads\/2020\/05\/WhatsApp-Image-2020-05-27-at-19.54.58-341x290.jpeg",341,290,true],"mantranews-carousel-image":["https:\/\/blogopara.com.br\/wp-content\/uploads\/2020\/05\/WhatsApp-Image-2020-05-27-at-19.54.58.jpeg",341,500,false],"mantranews-block-thumb":["https:\/\/blogopara.com.br\/wp-content\/uploads\/2020\/05\/WhatsApp-Image-2020-05-27-at-19.54.58.jpeg",157,230,false],"mantranews-single-large":["https:\/\/blogopara.com.br\/wp-content\/uploads\/2020\/05\/WhatsApp-Image-2020-05-27-at-19.54.58.jpeg",341,500,false]},"uagb_author_info":{"display_name":"Reda\u00e7\u00e3o geral","author_link":"https:\/\/blogopara.com.br\/index.php\/author\/blogopara"},"uagb_comment_info":0,"uagb_excerpt":"Duas grandes lideran\u00e7as de Mani\u00e7oba e regi\u00e3o ir\u00e3o est\u00e1 juntas nas elei\u00e7\u00f5es de outubro. Geraldo de Coleta confirma apoio a Gild\u00e1sio Soares para as elei\u00e7\u00f5es de outubro.&nbsp; Gild\u00e1sio Soares expressou a sua alegria em ter ao seu lado essa grande lideran\u00e7a regional: &#8220;\u00c9 com muita satisfa\u00e7\u00e3o e alegria que recebemos hoje o apoio de Geraldo&hellip;","jetpack_sharing_enabled":true,"jetpack_likes_enabled":true,"_links":{"self":[{"href":"https:\/\/blogopara.com.br\/index.php\/wp-json\/wp\/v2\/posts\/11014","targetHints":{"allow":["GET"]}}],"collection":[{"href":"https:\/\/blogopara.com.br\/index.php\/wp-json\/wp\/v2\/posts"}],"about":[{"href":"https:\/\/blogopara.com.br\/index.php\/wp-json\/wp\/v2\/types\/post"}],"author":[{"embeddable":true,"href":"https:\/\/blogopara.com.br\/index.php\/wp-json\/wp\/v2\/users\/1"}],"replies":[{"embeddable":true,"href":"https:\/\/blogopara.com.br\/index.php\/wp-json\/wp\/v2\/comments?post=11014"}],"version-history":[{"count":4,"href":"https:\/\/blogopara.com.br\/index.php\/wp-json\/wp\/v2\/posts\/11014\/revisions"}],"predecessor-version":[{"id":11057,"href":"https:\/\/blogopara.com.br\/index.php\/wp-json\/wp\/v2\/posts\/11014\/revisions\/11057"}],"wp:featuredmedia":[{"embeddable":true,"href":"https:\/\/blogopara.com.br\/index.php\/wp-json\/wp\/v2\/media\/11016"}],"wp:attachment":[{"href":"https:\/\/blogopara.com.br\/index.php\/wp-json\/wp\/v2\/media?parent=11014"}],"wp:term":[{"taxonomy":"category","embeddable":true,"href":"https:\/\/blogopara.com.br\/index.php\/wp-json\/wp\/v2\/categories?post=11014"},{"taxonomy":"post_tag","embeddable":true,"href":"https:\/\/blogopara.com.br\/index.php\/wp-json\/wp\/v2\/tags?post=11014"}],"curies":[{"name":"wp","href":"https:\/\/api.w.org\/{rel}","templated":true}]}}