{"id":1103,"date":"2019-07-03T22:03:20","date_gmt":"2019-07-04T01:03:20","guid":{"rendered":"http:\/\/blogopara.com.br\/?p=1103"},"modified":"2019-07-06T14:07:35","modified_gmt":"2019-07-06T17:07:35","slug":"moradores-do-distrito-de-manicoba-reclamam-da-ubs-fechada","status":"publish","type":"post","link":"https:\/\/blogopara.com.br\/index.php\/2019\/07\/03\/moradores-do-distrito-de-manicoba-reclamam-da-ubs-fechada","title":{"rendered":"MORADORES DO DISTRITO DE MANI\u00c7OBA RECLAMAM DA UBS FECHADA"},"content":{"rendered":"<p style=\"text-align: justify;\">Quem pensa que o fechamento da UPA \u00e9 o grande problema da sa\u00fade p\u00fablica de Juazeiro, precisa percorrer o interior para saber mais sobre a situa\u00e7\u00e3o ca\u00f3tica em que se encontra a Rede de Sa\u00fade.<\/p>\n<p style=\"text-align: justify;\">A Unidade B\u00e1sica de Sa\u00fade (UBS) Jardilina Alves dos Santos, localizada no Distrito de Mani\u00e7oba, \u00e9 uma das maiores unidade de sa\u00fade da Rede. Os moradores do Distrito est\u00e3o reclamando que h\u00e1 02 dois anos a UBS fica parcialmente fechada, e para piorar a situa\u00e7\u00e3o, agora fica totalmente fechada durante a noite, inclusive sem seguran\u00e7a.<\/p>\n<p>Confirma a den\u00fancia do morador:<\/p>\n<div style=\"width: 640px;\" class=\"wp-video\"><!--[if lt IE 9]><script>document.createElement('video');<\/script><![endif]-->\n<video class=\"wp-video-shortcode\" id=\"video-1103-1\" width=\"640\" height=\"352\" preload=\"metadata\" controls=\"controls\"><source type=\"video\/mp4\" src=\"https:\/\/blogopara.com.br\/wp-content\/uploads\/2019\/07\/morador.mp4?_=1\" \/><a href=\"https:\/\/blogopara.com.br\/wp-content\/uploads\/2019\/07\/morador.mp4\">https:\/\/blogopara.com.br\/wp-content\/uploads\/2019\/07\/morador.mp4<\/a><\/video><\/div>\n","protected":false},"excerpt":{"rendered":"<p>Essa \u00e9 a realidade da sa\u00fade em Juazeiro. A tend\u00eancia \u00e9 de piorar, em raz\u00e3o da gest\u00e3o municipal inchar a folha de pagamento.<\/p>\n","protected":false},"author":1,"featured_media":1105,"comment_status":"open","ping_status":"open","sticky":false,"template":"","format":"standard","meta":{"_uag_custom_page_level_css":"","_monsterinsights_skip_tracking":false,"_monsterinsights_sitenote_active":false,"_monsterinsights_sitenote_note":"","_monsterinsights_sitenote_category":0,"jetpack_post_was_ever_published":false,"_jetpack_newsletter_access":"","_jetpack_dont_email_post_to_subs":false,"_jetpack_newsletter_tier_id":0,"_jetpack_memberships_contains_paywalled_content":false,"_jetpack_memberships_contains_paid_content":false,"footnotes":"","jetpack_publicize_message":"","jetpack_publicize_feature_enabled":true,"jetpack_social_post_already_shared":true,"jetpack_social_options":{"image_generator_settings":{"template":"highway","default_image_id":0,"font":"","enabled":false},"version":2}},"categories":[207,203,205],"tags":[176,143,15],"class_list":["post-1103","post","type-post","status-publish","format-standard","has-post-thumbnail","hentry","category-denuncia","category-juazeiro","category-saude","tag-distrito-de-manicoba","tag-juazeiro-da-bahia","tag-paulo-bomfim"],"jetpack_publicize_connections":[],"jetpack_featured_media_url":"https:\/\/blogopara.com.br\/wp-content\/uploads\/2019\/07\/mani\u00e7oba.jpg","uagb_featured_image_src":{"full":["https:\/\/blogopara.com.br\/wp-content\/uploads\/2019\/07\/mani\u00e7oba.jpg",780,1040,false],"thumbnail":["https:\/\/blogopara.com.br\/wp-content\/uploads\/2019\/07\/mani\u00e7oba-150x150.jpg",150,150,true],"medium":["https:\/\/blogopara.com.br\/wp-content\/uploads\/2019\/07\/mani\u00e7oba-225x300.jpg",225,300,true],"medium_large":["https:\/\/blogopara.com.br\/wp-content\/uploads\/2019\/07\/mani\u00e7oba-768x1024.jpg",640,853,true],"large":["https:\/\/blogopara.com.br\/wp-content\/uploads\/2019\/07\/mani\u00e7oba-768x1024.jpg",640,853,true],"1536x1536":["https:\/\/blogopara.com.br\/wp-content\/uploads\/2019\/07\/mani\u00e7oba.jpg",780,1040,false],"2048x2048":["https:\/\/blogopara.com.br\/wp-content\/uploads\/2019\/07\/mani\u00e7oba.jpg",780,1040,false],"mantranews-slider-large":["https:\/\/blogopara.com.br\/wp-content\/uploads\/2019\/07\/mani\u00e7oba.jpg",556,741,false],"mantranews-featured-medium":["https:\/\/blogopara.com.br\/wp-content\/uploads\/2019\/07\/mani\u00e7oba.jpg",230,307,false],"mantranews-featured-long":["https:\/\/blogopara.com.br\/wp-content\/uploads\/2019\/07\/mani\u00e7oba.jpg",300,400,false],"mantranews-block-medium":["https:\/\/blogopara.com.br\/wp-content\/uploads\/2019\/07\/mani\u00e7oba.jpg",218,290,false],"mantranews-carousel-image":["https:\/\/blogopara.com.br\/wp-content\/uploads\/2019\/07\/mani\u00e7oba.jpg",375,500,false],"mantranews-block-thumb":["https:\/\/blogopara.com.br\/wp-content\/uploads\/2019\/07\/mani\u00e7oba.jpg",173,230,false],"mantranews-single-large":["https:\/\/blogopara.com.br\/wp-content\/uploads\/2019\/07\/mani\u00e7oba.jpg",482,642,false]},"uagb_author_info":{"display_name":"Reda\u00e7\u00e3o geral","author_link":"https:\/\/blogopara.com.br\/index.php\/author\/blogopara"},"uagb_comment_info":1,"uagb_excerpt":"Essa \u00e9 a realidade da sa\u00fade em Juazeiro. A tend\u00eancia \u00e9 de piorar, em raz\u00e3o da gest\u00e3o municipal inchar a folha de pagamento.","jetpack_sharing_enabled":true,"jetpack_likes_enabled":true,"_links":{"self":[{"href":"https:\/\/blogopara.com.br\/index.php\/wp-json\/wp\/v2\/posts\/1103","targetHints":{"allow":["GET"]}}],"collection":[{"href":"https:\/\/blogopara.com.br\/index.php\/wp-json\/wp\/v2\/posts"}],"about":[{"href":"https:\/\/blogopara.com.br\/index.php\/wp-json\/wp\/v2\/types\/post"}],"author":[{"embeddable":true,"href":"https:\/\/blogopara.com.br\/index.php\/wp-json\/wp\/v2\/users\/1"}],"replies":[{"embeddable":true,"href":"https:\/\/blogopara.com.br\/index.php\/wp-json\/wp\/v2\/comments?post=1103"}],"version-history":[{"count":6,"href":"https:\/\/blogopara.com.br\/index.php\/wp-json\/wp\/v2\/posts\/1103\/revisions"}],"predecessor-version":[{"id":1213,"href":"https:\/\/blogopara.com.br\/index.php\/wp-json\/wp\/v2\/posts\/1103\/revisions\/1213"}],"wp:featuredmedia":[{"embeddable":true,"href":"https:\/\/blogopara.com.br\/index.php\/wp-json\/wp\/v2\/media\/1105"}],"wp:attachment":[{"href":"https:\/\/blogopara.com.br\/index.php\/wp-json\/wp\/v2\/media?parent=1103"}],"wp:term":[{"taxonomy":"category","embeddable":true,"href":"https:\/\/blogopara.com.br\/index.php\/wp-json\/wp\/v2\/categories?post=1103"},{"taxonomy":"post_tag","embeddable":true,"href":"https:\/\/blogopara.com.br\/index.php\/wp-json\/wp\/v2\/tags?post=1103"}],"curies":[{"name":"wp","href":"https:\/\/api.w.org\/{rel}","templated":true}]}}