{"id":11143,"date":"2020-05-30T20:09:10","date_gmt":"2020-05-30T23:09:10","guid":{"rendered":"http:\/\/blogopara.com.br\/?p=11143"},"modified":"2020-05-30T20:09:23","modified_gmt":"2020-05-30T23:09:23","slug":"operadora-claro-e-acusada-de-cobrar-indevidamente-nas-ligacoes","status":"publish","type":"post","link":"https:\/\/blogopara.com.br\/index.php\/2020\/05\/30\/operadora-claro-e-acusada-de-cobrar-indevidamente-nas-ligacoes","title":{"rendered":"Operadora Claro \u00e9 acusada de cobrar indevidamente nas liga\u00e7\u00f5es"},"content":{"rendered":"<p style=\"text-align: justify;\">A Associa\u00e7\u00e3o do Ic\u00f3, situada na Cidade de Cura\u00e7\u00e1-Ba, vem trav\u00e9s deste comunicado reclamar da operadora Claro que vem agindo de forma desonesta cobrando deslocamento na \u00e1rea (74) regi\u00e3o de Cura\u00e7\u00e1\/Ba, (87) Santa Maria da Boa vista.<\/p>\n<p style=\"text-align: justify;\">Existe um entendimento da ANATEL que cidades metropolitanas n\u00e3o ser\u00e1 cobrado deslocamentos, assim como \u00e1rea (RIDE) Regi\u00e3o Integrada Desenvolvimento Econ\u00f4mico que abrange quatro Munic\u00edpios da Bahia: sendo elas Casa Nova, Sobradinho, Juazeiro e Cura\u00e7\u00e1 e de Pernambuco s\u00e3o: Petrolina, Lagoa Grande, Santa Maria da Boa Vista e Oroc\u00f3.<\/p>\n<p style=\"text-align: justify;\">As tornando assim liga\u00e7\u00f5es locais, mas a empresa vem cobrando dos telefones pr\u00e9-pago como se estivessem fora de sua \u00e1rea de cobertura causando assim quebra de acordo com os usu\u00e1rios da claro e gerando transtornos pois assim que desconta os cr\u00e9ditos da nossa linha telef\u00f4nica ficamos sem poder receber e efetuar liga\u00e7\u00f5es.<\/p>\n<p style=\"text-align: justify;\">Desde de j\u00e1 fica o nosso repudio a tal ato criminoso contra a popula\u00e7\u00e3o ribeirinha do vale do S\u00e3o Francisco. J\u00e1 foram feitas reclama\u00e7\u00f5es na ANATEL sobre protocolo de n\u00famero 202005046391428.<\/p>\n<pre>Ascom Associa\u00e7\u00e3o do Ic\u00f3 e Adjac\u00eancias.<\/pre>\n","protected":false},"excerpt":{"rendered":"<p>A Associa\u00e7\u00e3o do Ic\u00f3, situada na Cidade de Cura\u00e7\u00e1-Ba, vem trav\u00e9s deste comunicado reclamar da operadora Claro que vem agindo de forma desonesta cobrando deslocamento na \u00e1rea (74) regi\u00e3o de Cura\u00e7\u00e1\/Ba, (87) Santa Maria da Boa vista. Existe um entendimento da ANATEL que cidades metropolitanas n\u00e3o ser\u00e1 cobrado deslocamentos, assim como \u00e1rea (RIDE) Regi\u00e3o Integrada [&hellip;]<\/p>\n","protected":false},"author":1,"featured_media":11144,"comment_status":"open","ping_status":"open","sticky":false,"template":"","format":"standard","meta":{"_uag_custom_page_level_css":"","_monsterinsights_skip_tracking":false,"_monsterinsights_sitenote_active":false,"_monsterinsights_sitenote_note":"","_monsterinsights_sitenote_category":0,"jetpack_post_was_ever_published":false,"_jetpack_newsletter_access":"","_jetpack_dont_email_post_to_subs":false,"_jetpack_newsletter_tier_id":0,"_jetpack_memberships_contains_paywalled_content":false,"_jetpack_memberships_contains_paid_content":false,"footnotes":"","jetpack_publicize_message":"","jetpack_publicize_feature_enabled":true,"jetpack_social_post_already_shared":true,"jetpack_social_options":{"image_generator_settings":{"template":"highway","default_image_id":0,"font":"","enabled":false},"version":2}},"categories":[203],"tags":[],"class_list":["post-11143","post","type-post","status-publish","format-standard","has-post-thumbnail","hentry","category-juazeiro"],"jetpack_publicize_connections":[],"jetpack_featured_media_url":"https:\/\/blogopara.com.br\/wp-content\/uploads\/2020\/05\/claro-pos-pago.jpeg","uagb_featured_image_src":{"full":["https:\/\/blogopara.com.br\/wp-content\/uploads\/2020\/05\/claro-pos-pago.jpeg",500,354,false],"thumbnail":["https:\/\/blogopara.com.br\/wp-content\/uploads\/2020\/05\/claro-pos-pago-150x150.jpeg",150,150,true],"medium":["https:\/\/blogopara.com.br\/wp-content\/uploads\/2020\/05\/claro-pos-pago-300x212.jpeg",300,212,true],"medium_large":["https:\/\/blogopara.com.br\/wp-content\/uploads\/2020\/05\/claro-pos-pago.jpeg",500,354,false],"large":["https:\/\/blogopara.com.br\/wp-content\/uploads\/2020\/05\/claro-pos-pago.jpeg",500,354,false],"1536x1536":["https:\/\/blogopara.com.br\/wp-content\/uploads\/2020\/05\/claro-pos-pago.jpeg",500,354,false],"2048x2048":["https:\/\/blogopara.com.br\/wp-content\/uploads\/2020\/05\/claro-pos-pago.jpeg",500,354,false],"mantranews-slider-large":["https:\/\/blogopara.com.br\/wp-content\/uploads\/2020\/05\/claro-pos-pago.jpeg",500,354,false],"mantranews-featured-medium":["https:\/\/blogopara.com.br\/wp-content\/uploads\/2020\/05\/claro-pos-pago-420x307.jpeg",420,307,true],"mantranews-featured-long":["https:\/\/blogopara.com.br\/wp-content\/uploads\/2020\/05\/claro-pos-pago-300x354.jpeg",300,354,true],"mantranews-block-medium":["https:\/\/blogopara.com.br\/wp-content\/uploads\/2020\/05\/claro-pos-pago-464x290.jpeg",464,290,true],"mantranews-carousel-image":["https:\/\/blogopara.com.br\/wp-content\/uploads\/2020\/05\/claro-pos-pago.jpeg",500,354,false],"mantranews-block-thumb":["https:\/\/blogopara.com.br\/wp-content\/uploads\/2020\/05\/claro-pos-pago.jpeg",322,228,false],"mantranews-single-large":["https:\/\/blogopara.com.br\/wp-content\/uploads\/2020\/05\/claro-pos-pago.jpeg",500,354,false]},"uagb_author_info":{"display_name":"Reda\u00e7\u00e3o geral","author_link":"https:\/\/blogopara.com.br\/index.php\/author\/blogopara"},"uagb_comment_info":0,"uagb_excerpt":"A Associa\u00e7\u00e3o do Ic\u00f3, situada na Cidade de Cura\u00e7\u00e1-Ba, vem trav\u00e9s deste comunicado reclamar da operadora Claro que vem agindo de forma desonesta cobrando deslocamento na \u00e1rea (74) regi\u00e3o de Cura\u00e7\u00e1\/Ba, (87) Santa Maria da Boa vista. Existe um entendimento da ANATEL que cidades metropolitanas n\u00e3o ser\u00e1 cobrado deslocamentos, assim como \u00e1rea (RIDE) Regi\u00e3o Integrada&hellip;","jetpack_sharing_enabled":true,"jetpack_likes_enabled":true,"_links":{"self":[{"href":"https:\/\/blogopara.com.br\/index.php\/wp-json\/wp\/v2\/posts\/11143","targetHints":{"allow":["GET"]}}],"collection":[{"href":"https:\/\/blogopara.com.br\/index.php\/wp-json\/wp\/v2\/posts"}],"about":[{"href":"https:\/\/blogopara.com.br\/index.php\/wp-json\/wp\/v2\/types\/post"}],"author":[{"embeddable":true,"href":"https:\/\/blogopara.com.br\/index.php\/wp-json\/wp\/v2\/users\/1"}],"replies":[{"embeddable":true,"href":"https:\/\/blogopara.com.br\/index.php\/wp-json\/wp\/v2\/comments?post=11143"}],"version-history":[{"count":1,"href":"https:\/\/blogopara.com.br\/index.php\/wp-json\/wp\/v2\/posts\/11143\/revisions"}],"predecessor-version":[{"id":11145,"href":"https:\/\/blogopara.com.br\/index.php\/wp-json\/wp\/v2\/posts\/11143\/revisions\/11145"}],"wp:featuredmedia":[{"embeddable":true,"href":"https:\/\/blogopara.com.br\/index.php\/wp-json\/wp\/v2\/media\/11144"}],"wp:attachment":[{"href":"https:\/\/blogopara.com.br\/index.php\/wp-json\/wp\/v2\/media?parent=11143"}],"wp:term":[{"taxonomy":"category","embeddable":true,"href":"https:\/\/blogopara.com.br\/index.php\/wp-json\/wp\/v2\/categories?post=11143"},{"taxonomy":"post_tag","embeddable":true,"href":"https:\/\/blogopara.com.br\/index.php\/wp-json\/wp\/v2\/tags?post=11143"}],"curies":[{"name":"wp","href":"https:\/\/api.w.org\/{rel}","templated":true}]}}