{"id":11243,"date":"2020-06-03T09:49:24","date_gmt":"2020-06-03T12:49:24","guid":{"rendered":"http:\/\/blogopara.com.br\/?p=11243"},"modified":"2020-06-03T09:49:28","modified_gmt":"2020-06-03T12:49:28","slug":"movimento-coletivo-em-defesa-de-juazeiro-cresce-a-cada-dia","status":"publish","type":"post","link":"https:\/\/blogopara.com.br\/index.php\/2020\/06\/03\/movimento-coletivo-em-defesa-de-juazeiro-cresce-a-cada-dia","title":{"rendered":"Movimento coletivo em defesa de Juazeiro cresce a cada dia"},"content":{"rendered":"<p style=\"text-align: justify;\">Mais uma reuni\u00e3o com lideran\u00e7as pol\u00edticas e vereadores aconteceu na \u00faltima sexta-feira (29), com o objetivo de dialogar sobre projetos e propostas que contribuam com o desenvolvimento econ\u00f4mico, pol\u00edtico e social da cidade.<\/p>\n<p style=\"text-align: justify;\">Estiveram presentes Carlos Neiva, M\u00e1rio Sp\u00ednola, Valdemar Borges e Wank Medrado, filiados ao Partido Verde (PV), Jo\u00e3o Victor, presidente do PV e os vereadores An\u00edbal Ara\u00fajo (PTC), Allan Jones (PSDB), Doming\u00e3o (PRTB) e Ben\u00e9 Marques (PSDB).<\/p>\n<p style=\"text-align: justify;\">Esses ciclos de di\u00e1logos e reuni\u00f5es com v\u00e1rios nomes da pol\u00edtica local, tem contribuindo para o desenho de um projeto comum, que vai possibilitar a retomada do desenvolvimento de Juazeiro, estagnado por uma gest\u00e3o ineficiente.<\/p>\n<p style=\"text-align: justify;\">As conversas continuar\u00e3o com os partidos pol\u00edticos, lideran\u00e7as, com outros pr\u00e9-candidatos a prefeito e, principalmente, com todos cidad\u00e3os e cidad\u00e3s juazeirense que desejem uma Juazeiro livre do descaso e do engano. A equipe segue unida, determinada e confiante na certeza de que dias melhores vir\u00e3o.<\/p>\n<pre style=\"text-align: justify;\">ASCOM PV<\/pre>\n","protected":false},"excerpt":{"rendered":"<p>Mais uma reuni\u00e3o com lideran\u00e7as pol\u00edticas e vereadores aconteceu na \u00faltima sexta-feira (29), com o objetivo de dialogar sobre projetos e propostas que contribuam com o desenvolvimento econ\u00f4mico, pol\u00edtico e social da cidade. Estiveram presentes Carlos Neiva, M\u00e1rio Sp\u00ednola, Valdemar Borges e Wank Medrado, filiados ao Partido Verde (PV), Jo\u00e3o Victor, presidente do PV e [&hellip;]<\/p>\n","protected":false},"author":1,"featured_media":11244,"comment_status":"open","ping_status":"open","sticky":false,"template":"","format":"standard","meta":{"_uag_custom_page_level_css":"","_monsterinsights_skip_tracking":false,"_monsterinsights_sitenote_active":false,"_monsterinsights_sitenote_note":"","_monsterinsights_sitenote_category":0,"jetpack_post_was_ever_published":false,"_jetpack_newsletter_access":"","_jetpack_dont_email_post_to_subs":false,"_jetpack_newsletter_tier_id":0,"_jetpack_memberships_contains_paywalled_content":false,"_jetpack_memberships_contains_paid_content":false,"footnotes":"","jetpack_publicize_message":"","jetpack_publicize_feature_enabled":true,"jetpack_social_post_already_shared":true,"jetpack_social_options":{"image_generator_settings":{"template":"highway","default_image_id":0,"font":"","enabled":false},"version":2}},"categories":[203,197],"tags":[],"class_list":["post-11243","post","type-post","status-publish","format-standard","has-post-thumbnail","hentry","category-juazeiro","category-politica"],"jetpack_publicize_connections":[],"jetpack_featured_media_url":"https:\/\/blogopara.com.br\/wp-content\/uploads\/2020\/06\/WhatsApp-Image-2020-06-02-at-06.47.57.jpeg","uagb_featured_image_src":{"full":["https:\/\/blogopara.com.br\/wp-content\/uploads\/2020\/06\/WhatsApp-Image-2020-06-02-at-06.47.57.jpeg",500,296,false],"thumbnail":["https:\/\/blogopara.com.br\/wp-content\/uploads\/2020\/06\/WhatsApp-Image-2020-06-02-at-06.47.57-150x150.jpeg",150,150,true],"medium":["https:\/\/blogopara.com.br\/wp-content\/uploads\/2020\/06\/WhatsApp-Image-2020-06-02-at-06.47.57-300x178.jpeg",300,178,true],"medium_large":["https:\/\/blogopara.com.br\/wp-content\/uploads\/2020\/06\/WhatsApp-Image-2020-06-02-at-06.47.57.jpeg",500,296,false],"large":["https:\/\/blogopara.com.br\/wp-content\/uploads\/2020\/06\/WhatsApp-Image-2020-06-02-at-06.47.57.jpeg",500,296,false],"1536x1536":["https:\/\/blogopara.com.br\/wp-content\/uploads\/2020\/06\/WhatsApp-Image-2020-06-02-at-06.47.57.jpeg",500,296,false],"2048x2048":["https:\/\/blogopara.com.br\/wp-content\/uploads\/2020\/06\/WhatsApp-Image-2020-06-02-at-06.47.57.jpeg",500,296,false],"mantranews-slider-large":["https:\/\/blogopara.com.br\/wp-content\/uploads\/2020\/06\/WhatsApp-Image-2020-06-02-at-06.47.57.jpeg",500,296,false],"mantranews-featured-medium":["https:\/\/blogopara.com.br\/wp-content\/uploads\/2020\/06\/WhatsApp-Image-2020-06-02-at-06.47.57-420x296.jpeg",420,296,true],"mantranews-featured-long":["https:\/\/blogopara.com.br\/wp-content\/uploads\/2020\/06\/WhatsApp-Image-2020-06-02-at-06.47.57-300x296.jpeg",300,296,true],"mantranews-block-medium":["https:\/\/blogopara.com.br\/wp-content\/uploads\/2020\/06\/WhatsApp-Image-2020-06-02-at-06.47.57-464x290.jpeg",464,290,true],"mantranews-carousel-image":["https:\/\/blogopara.com.br\/wp-content\/uploads\/2020\/06\/WhatsApp-Image-2020-06-02-at-06.47.57.jpeg",500,296,false],"mantranews-block-thumb":["https:\/\/blogopara.com.br\/wp-content\/uploads\/2020\/06\/WhatsApp-Image-2020-06-02-at-06.47.57.jpeg",322,191,false],"mantranews-single-large":["https:\/\/blogopara.com.br\/wp-content\/uploads\/2020\/06\/WhatsApp-Image-2020-06-02-at-06.47.57.jpeg",500,296,false]},"uagb_author_info":{"display_name":"Reda\u00e7\u00e3o geral","author_link":"https:\/\/blogopara.com.br\/index.php\/author\/blogopara"},"uagb_comment_info":0,"uagb_excerpt":"Mais uma reuni\u00e3o com lideran\u00e7as pol\u00edticas e vereadores aconteceu na \u00faltima sexta-feira (29), com o objetivo de dialogar sobre projetos e propostas que contribuam com o desenvolvimento econ\u00f4mico, pol\u00edtico e social da cidade. Estiveram presentes Carlos Neiva, M\u00e1rio Sp\u00ednola, Valdemar Borges e Wank Medrado, filiados ao Partido Verde (PV), Jo\u00e3o Victor, presidente do PV e&hellip;","jetpack_sharing_enabled":true,"jetpack_likes_enabled":true,"_links":{"self":[{"href":"https:\/\/blogopara.com.br\/index.php\/wp-json\/wp\/v2\/posts\/11243","targetHints":{"allow":["GET"]}}],"collection":[{"href":"https:\/\/blogopara.com.br\/index.php\/wp-json\/wp\/v2\/posts"}],"about":[{"href":"https:\/\/blogopara.com.br\/index.php\/wp-json\/wp\/v2\/types\/post"}],"author":[{"embeddable":true,"href":"https:\/\/blogopara.com.br\/index.php\/wp-json\/wp\/v2\/users\/1"}],"replies":[{"embeddable":true,"href":"https:\/\/blogopara.com.br\/index.php\/wp-json\/wp\/v2\/comments?post=11243"}],"version-history":[{"count":1,"href":"https:\/\/blogopara.com.br\/index.php\/wp-json\/wp\/v2\/posts\/11243\/revisions"}],"predecessor-version":[{"id":11245,"href":"https:\/\/blogopara.com.br\/index.php\/wp-json\/wp\/v2\/posts\/11243\/revisions\/11245"}],"wp:featuredmedia":[{"embeddable":true,"href":"https:\/\/blogopara.com.br\/index.php\/wp-json\/wp\/v2\/media\/11244"}],"wp:attachment":[{"href":"https:\/\/blogopara.com.br\/index.php\/wp-json\/wp\/v2\/media?parent=11243"}],"wp:term":[{"taxonomy":"category","embeddable":true,"href":"https:\/\/blogopara.com.br\/index.php\/wp-json\/wp\/v2\/categories?post=11243"},{"taxonomy":"post_tag","embeddable":true,"href":"https:\/\/blogopara.com.br\/index.php\/wp-json\/wp\/v2\/tags?post=11243"}],"curies":[{"name":"wp","href":"https:\/\/api.w.org\/{rel}","templated":true}]}}