{"id":11246,"date":"2020-06-03T12:50:00","date_gmt":"2020-06-03T15:50:00","guid":{"rendered":"http:\/\/blogopara.com.br\/?p=11246"},"modified":"2020-06-03T09:53:55","modified_gmt":"2020-06-03T12:53:55","slug":"policia-acaba-festa-em-casa-de-luxo-com-quase-40-pessoas-em-vilas-do-atlantico","status":"publish","type":"post","link":"https:\/\/blogopara.com.br\/index.php\/2020\/06\/03\/policia-acaba-festa-em-casa-de-luxo-com-quase-40-pessoas-em-vilas-do-atlantico","title":{"rendered":"Pol\u00edcia acaba festa em casa de luxo com quase 40 pessoas em Vilas do Atl\u00e2ntico"},"content":{"rendered":"<p style=\"text-align: justify;\">Um evento intitulado &#8216;Pandemia Fest&#8217;, que era realizado em uma casa alugada, na Rua de Tramanda\u00ed, \u00a0em Vilas do Atl\u00e2ntico, com a participa\u00e7\u00e3o de 22 homens e 17 mulheres acabou interrompido, na noite de ter\u00e7a-feira (2) pela pol\u00edcia. De acordo com informa\u00e7\u00f5es da Secretaria de Seguran\u00e7a P\u00fablica da Bahia (SSP), o evento foi realizado por moradores do Sub\u00farbio Ferrovi\u00e1rio de Salvador, que festejavam com som alto e uso excessivo de bebida alco\u00f3lica.<\/p>\n<p class=\"bodytext\" style=\"text-align: justify;\">Ap\u00f3s uma den\u00fancia, uma For\u00e7a Tarefa composta pela\u00a052\u00aa Companhia Independente da Pol\u00edcia Militar (CIPM\/Lauro de Freitas) e equipes da prefeitura de Lauro de Freitas terminou com a quinta festa irregular que era realizada na Regi\u00e3o Metropolitana de Salvador (RMS).<\/p>\n<p class=\"bodytext\" style=\"text-align: justify;\">Em nota, a SSP informou que, com a chegada das equipes de fiscaliza\u00e7\u00e3o, o grupo consentiu com o encerramento da festa e deixou o local.\u00a0&#8220;Recebemos a den\u00fancia atrav\u00e9s do telefone 156. Agradecemos pela contribui\u00e7\u00e3o da popula\u00e7\u00e3o&#8221;, explicou o comandante da\u00a052\u00aa CIPM, major Everton Monteiro. Ele disse ainda que o dono do im\u00f3vel ser\u00e1 notificado pela prefeitura.<\/p>\n<pre>Fonte: Correio da Bahia<\/pre>\n","protected":false},"excerpt":{"rendered":"<p>Evento contou com 22 homens e 17 mulheres moradores do Sub\u00farbio, que festejavam com som alto e uso de bebida alco\u00f3lica <\/p>\n","protected":false},"author":1,"featured_media":11247,"comment_status":"open","ping_status":"open","sticky":false,"template":"","format":"standard","meta":{"_uag_custom_page_level_css":"","_monsterinsights_skip_tracking":false,"_monsterinsights_sitenote_active":false,"_monsterinsights_sitenote_note":"","_monsterinsights_sitenote_category":0,"jetpack_post_was_ever_published":false,"_jetpack_newsletter_access":"","_jetpack_dont_email_post_to_subs":false,"_jetpack_newsletter_tier_id":0,"_jetpack_memberships_contains_paywalled_content":false,"_jetpack_memberships_contains_paid_content":false,"footnotes":"","jetpack_publicize_message":"","jetpack_publicize_feature_enabled":true,"jetpack_social_post_already_shared":true,"jetpack_social_options":{"image_generator_settings":{"template":"highway","default_image_id":0,"font":"","enabled":false},"version":2}},"categories":[203],"tags":[],"class_list":["post-11246","post","type-post","status-publish","format-standard","has-post-thumbnail","hentry","category-juazeiro"],"jetpack_publicize_connections":[],"jetpack_featured_media_url":"https:\/\/blogopara.com.br\/wp-content\/uploads\/2020\/06\/csm_03062020_pm_acaba_com_festa_em_casa_de_luxo_em_vilas_2ea01b8a41.jpeg","uagb_featured_image_src":{"full":["https:\/\/blogopara.com.br\/wp-content\/uploads\/2020\/06\/csm_03062020_pm_acaba_com_festa_em_casa_de_luxo_em_vilas_2ea01b8a41.jpeg",500,375,false],"thumbnail":["https:\/\/blogopara.com.br\/wp-content\/uploads\/2020\/06\/csm_03062020_pm_acaba_com_festa_em_casa_de_luxo_em_vilas_2ea01b8a41-150x150.jpeg",150,150,true],"medium":["https:\/\/blogopara.com.br\/wp-content\/uploads\/2020\/06\/csm_03062020_pm_acaba_com_festa_em_casa_de_luxo_em_vilas_2ea01b8a41-300x225.jpeg",300,225,true],"medium_large":["https:\/\/blogopara.com.br\/wp-content\/uploads\/2020\/06\/csm_03062020_pm_acaba_com_festa_em_casa_de_luxo_em_vilas_2ea01b8a41.jpeg",500,375,false],"large":["https:\/\/blogopara.com.br\/wp-content\/uploads\/2020\/06\/csm_03062020_pm_acaba_com_festa_em_casa_de_luxo_em_vilas_2ea01b8a41.jpeg",500,375,false],"1536x1536":["https:\/\/blogopara.com.br\/wp-content\/uploads\/2020\/06\/csm_03062020_pm_acaba_com_festa_em_casa_de_luxo_em_vilas_2ea01b8a41.jpeg",500,375,false],"2048x2048":["https:\/\/blogopara.com.br\/wp-content\/uploads\/2020\/06\/csm_03062020_pm_acaba_com_festa_em_casa_de_luxo_em_vilas_2ea01b8a41.jpeg",500,375,false],"mantranews-slider-large":["https:\/\/blogopara.com.br\/wp-content\/uploads\/2020\/06\/csm_03062020_pm_acaba_com_festa_em_casa_de_luxo_em_vilas_2ea01b8a41.jpeg",500,375,false],"mantranews-featured-medium":["https:\/\/blogopara.com.br\/wp-content\/uploads\/2020\/06\/csm_03062020_pm_acaba_com_festa_em_casa_de_luxo_em_vilas_2ea01b8a41-420x307.jpeg",420,307,true],"mantranews-featured-long":["https:\/\/blogopara.com.br\/wp-content\/uploads\/2020\/06\/csm_03062020_pm_acaba_com_festa_em_casa_de_luxo_em_vilas_2ea01b8a41-300x375.jpeg",300,375,true],"mantranews-block-medium":["https:\/\/blogopara.com.br\/wp-content\/uploads\/2020\/06\/csm_03062020_pm_acaba_com_festa_em_casa_de_luxo_em_vilas_2ea01b8a41-464x290.jpeg",464,290,true],"mantranews-carousel-image":["https:\/\/blogopara.com.br\/wp-content\/uploads\/2020\/06\/csm_03062020_pm_acaba_com_festa_em_casa_de_luxo_em_vilas_2ea01b8a41.jpeg",500,375,false],"mantranews-block-thumb":["https:\/\/blogopara.com.br\/wp-content\/uploads\/2020\/06\/csm_03062020_pm_acaba_com_festa_em_casa_de_luxo_em_vilas_2ea01b8a41.jpeg",307,230,false],"mantranews-single-large":["https:\/\/blogopara.com.br\/wp-content\/uploads\/2020\/06\/csm_03062020_pm_acaba_com_festa_em_casa_de_luxo_em_vilas_2ea01b8a41.jpeg",500,375,false]},"uagb_author_info":{"display_name":"Reda\u00e7\u00e3o geral","author_link":"https:\/\/blogopara.com.br\/index.php\/author\/blogopara"},"uagb_comment_info":0,"uagb_excerpt":"Evento contou com 22 homens e 17 mulheres moradores do Sub\u00farbio, que festejavam com som alto e uso de bebida alco\u00f3lica","jetpack_sharing_enabled":true,"jetpack_likes_enabled":true,"_links":{"self":[{"href":"https:\/\/blogopara.com.br\/index.php\/wp-json\/wp\/v2\/posts\/11246","targetHints":{"allow":["GET"]}}],"collection":[{"href":"https:\/\/blogopara.com.br\/index.php\/wp-json\/wp\/v2\/posts"}],"about":[{"href":"https:\/\/blogopara.com.br\/index.php\/wp-json\/wp\/v2\/types\/post"}],"author":[{"embeddable":true,"href":"https:\/\/blogopara.com.br\/index.php\/wp-json\/wp\/v2\/users\/1"}],"replies":[{"embeddable":true,"href":"https:\/\/blogopara.com.br\/index.php\/wp-json\/wp\/v2\/comments?post=11246"}],"version-history":[{"count":3,"href":"https:\/\/blogopara.com.br\/index.php\/wp-json\/wp\/v2\/posts\/11246\/revisions"}],"predecessor-version":[{"id":11250,"href":"https:\/\/blogopara.com.br\/index.php\/wp-json\/wp\/v2\/posts\/11246\/revisions\/11250"}],"wp:featuredmedia":[{"embeddable":true,"href":"https:\/\/blogopara.com.br\/index.php\/wp-json\/wp\/v2\/media\/11247"}],"wp:attachment":[{"href":"https:\/\/blogopara.com.br\/index.php\/wp-json\/wp\/v2\/media?parent=11246"}],"wp:term":[{"taxonomy":"category","embeddable":true,"href":"https:\/\/blogopara.com.br\/index.php\/wp-json\/wp\/v2\/categories?post=11246"},{"taxonomy":"post_tag","embeddable":true,"href":"https:\/\/blogopara.com.br\/index.php\/wp-json\/wp\/v2\/tags?post=11246"}],"curies":[{"name":"wp","href":"https:\/\/api.w.org\/{rel}","templated":true}]}}