{"id":11254,"date":"2020-06-04T08:03:00","date_gmt":"2020-06-04T11:03:00","guid":{"rendered":"http:\/\/blogopara.com.br\/?p=11254"},"modified":"2020-06-03T14:06:57","modified_gmt":"2020-06-03T17:06:57","slug":"a-dor-que-vem-do-feminino-a-cura-que-vem-do-masculino","status":"publish","type":"post","link":"https:\/\/blogopara.com.br\/index.php\/2020\/06\/04\/a-dor-que-vem-do-feminino-a-cura-que-vem-do-masculino","title":{"rendered":"A dor que vem do FEMININO. A Cura que vem do MASCULINO."},"content":{"rendered":"<p style=\"text-align: justify;\">\nE me refiro \u00e0 natureza feminina, e n\u00e3o \u00e0 mulher. Falo da natureza masculina, e n\u00e3o do homem.<br \/>\n<span class=\"text_exposed_show\"><br \/>\nMas \u00e9 um fato, e n\u00e3o uma opini\u00e3o, que a mulher desenvolveu a natureza masculina ao sair para o mercado de trabalho, mas o contr\u00e1rio, na sua maioria, n\u00e3o aconteceu.<\/p>\n<p>E esse texto \u00e9 um pedido de socorro.<br \/>\nPara os homens da nossa vida.<br \/>\nPor uma cura profunda das nossas gera\u00e7\u00f5es.<\/p>\n<p>Por favor, precisamos de voc\u00eas! Precisamos que voc\u00eas se curem. Precisamos que voc\u00eas procurem. Precisamos que voc\u00eas se olhem.<br \/>\nE aprendam a lidar com o que veem.<br \/>\nPois o que voc\u00eas sempre negaram \u00e9 o pavor de uma humanidade inteira: a vulnerabilidade.<\/p>\n<p>Essa nega\u00e7\u00e3o ancestral masculina de n\u00e3o olhar para a emo\u00e7\u00e3o, de n\u00e3o sustentar a presen\u00e7a diante da falta de saber o que fazer, \u00e9 o que precisa ser curado.<\/p>\n<p>N\u00e3o, n\u00e3o queremos que voc\u00eas solucionem as coisas. Queremos que voc\u00eas fiquem perto para olharmos juntos para o que est\u00e1 dif\u00edcil. Queremos que voc\u00eas olhem a verdade, mesmo que n\u00e3o saibam o que fazer com ela.<\/span><\/p>\n<p style=\"text-align: justify;\"><span class=\"text_exposed_show\">Queremos que voc\u00eas se mexam. Se mexam para se curar e jogar fora os lixos do passado. Parem de agir desconectados do sentido. Parem de negar a import\u00e2ncia de algumas coisas. N\u00f3s sabemos que est\u00e1 insustent\u00e1vel para voc\u00eas tamb\u00e9m.<\/p>\n<p>Por isso paramos todos. Para olharmos para o sentido. Para viver dentro de casa, como as mulheres fizeram durante gera\u00e7\u00f5es. Para entendermos o desespero que \u00e9 ter crian\u00e7a, trabalho, sobreviver \u00e0s contas, fazer comida e limpar a casa. Estando sem dormir, exaustas e doentes.<br \/>\nOu seja, impot\u00eancia, vulnerabilidade e culpa.<br \/>\nN\u00f3s sabemos sentir isso.<\/p>\n<p>Precisamos que voc\u00eas aprendam a sentir tamb\u00e9m. Aprendam no sentido de saber lidar. Porque sozinhas n\u00e3o conseguiremos descobrir como parar.<\/p>\n<p>O mundo parou, n\u00e3o foi para acharmos a vacina do v\u00edrus.<br \/>\nO mundo parou foi para encontrarmos a cura para um desequil\u00edbrio.<\/p>\n<p>Assim como o v\u00edrus, n\u00e3o \u00e9 uma solu\u00e7\u00e3o f\u00e1cil, mas ser\u00e1 poss\u00edvel se estivermos de m\u00e3os dadas enfrentando a realidade.<\/p>\n<p>E como a gente faz para curar a vulnerabilidade? A gente n\u00e3o cura, a gente s\u00f3 olha e desperta com ela. Ent\u00e3o a cura se faz!<\/span><\/p>\n<pre style=\"text-align: justify;\"><span class=\"text_exposed_show\">Texto Autoral: Roberta Rigaud<\/span><\/pre>\n","protected":false},"excerpt":{"rendered":"<p>E me refiro \u00e0 natureza feminina, e n\u00e3o \u00e0 mulher. Falo da natureza masculina, e n\u00e3o do homem. Mas \u00e9 um fato, e n\u00e3o uma opini\u00e3o, que a mulher desenvolveu a natureza masculina ao sair para o mercado de trabalho, mas o contr\u00e1rio, na sua maioria, n\u00e3o aconteceu. E esse texto \u00e9 um pedido de [&hellip;]<\/p>\n","protected":false},"author":1,"featured_media":11255,"comment_status":"open","ping_status":"open","sticky":false,"template":"","format":"standard","meta":{"_uag_custom_page_level_css":"","_monsterinsights_skip_tracking":false,"_monsterinsights_sitenote_active":false,"_monsterinsights_sitenote_note":"","_monsterinsights_sitenote_category":0,"jetpack_post_was_ever_published":false,"_jetpack_newsletter_access":"","_jetpack_dont_email_post_to_subs":false,"_jetpack_newsletter_tier_id":0,"_jetpack_memberships_contains_paywalled_content":false,"_jetpack_memberships_contains_paid_content":false,"footnotes":"","jetpack_publicize_message":"","jetpack_publicize_feature_enabled":true,"jetpack_social_post_already_shared":true,"jetpack_social_options":{"image_generator_settings":{"template":"highway","default_image_id":0,"font":"","enabled":false},"version":2}},"categories":[203],"tags":[],"class_list":["post-11254","post","type-post","status-publish","format-standard","has-post-thumbnail","hentry","category-juazeiro"],"jetpack_publicize_connections":[],"jetpack_featured_media_url":"https:\/\/blogopara.com.br\/wp-content\/uploads\/2020\/06\/rg.jpg","uagb_featured_image_src":{"full":["https:\/\/blogopara.com.br\/wp-content\/uploads\/2020\/06\/rg.jpg",500,500,false],"thumbnail":["https:\/\/blogopara.com.br\/wp-content\/uploads\/2020\/06\/rg-150x150.jpg",150,150,true],"medium":["https:\/\/blogopara.com.br\/wp-content\/uploads\/2020\/06\/rg-300x300.jpg",300,300,true],"medium_large":["https:\/\/blogopara.com.br\/wp-content\/uploads\/2020\/06\/rg.jpg",500,500,false],"large":["https:\/\/blogopara.com.br\/wp-content\/uploads\/2020\/06\/rg.jpg",500,500,false],"1536x1536":["https:\/\/blogopara.com.br\/wp-content\/uploads\/2020\/06\/rg.jpg",500,500,false],"2048x2048":["https:\/\/blogopara.com.br\/wp-content\/uploads\/2020\/06\/rg.jpg",500,500,false],"mantranews-slider-large":["https:\/\/blogopara.com.br\/wp-content\/uploads\/2020\/06\/rg.jpg",500,500,false],"mantranews-featured-medium":["https:\/\/blogopara.com.br\/wp-content\/uploads\/2020\/06\/rg-420x307.jpg",420,307,true],"mantranews-featured-long":["https:\/\/blogopara.com.br\/wp-content\/uploads\/2020\/06\/rg-300x443.jpg",300,443,true],"mantranews-block-medium":["https:\/\/blogopara.com.br\/wp-content\/uploads\/2020\/06\/rg-464x290.jpg",464,290,true],"mantranews-carousel-image":["https:\/\/blogopara.com.br\/wp-content\/uploads\/2020\/06\/rg.jpg",500,500,false],"mantranews-block-thumb":["https:\/\/blogopara.com.br\/wp-content\/uploads\/2020\/06\/rg-500x500.jpg",230,230,true],"mantranews-single-large":["https:\/\/blogopara.com.br\/wp-content\/uploads\/2020\/06\/rg.jpg",500,500,false]},"uagb_author_info":{"display_name":"Reda\u00e7\u00e3o geral","author_link":"https:\/\/blogopara.com.br\/index.php\/author\/blogopara"},"uagb_comment_info":0,"uagb_excerpt":"E me refiro \u00e0 natureza feminina, e n\u00e3o \u00e0 mulher. Falo da natureza masculina, e n\u00e3o do homem. Mas \u00e9 um fato, e n\u00e3o uma opini\u00e3o, que a mulher desenvolveu a natureza masculina ao sair para o mercado de trabalho, mas o contr\u00e1rio, na sua maioria, n\u00e3o aconteceu. E esse texto \u00e9 um pedido de&hellip;","jetpack_sharing_enabled":true,"jetpack_likes_enabled":true,"_links":{"self":[{"href":"https:\/\/blogopara.com.br\/index.php\/wp-json\/wp\/v2\/posts\/11254","targetHints":{"allow":["GET"]}}],"collection":[{"href":"https:\/\/blogopara.com.br\/index.php\/wp-json\/wp\/v2\/posts"}],"about":[{"href":"https:\/\/blogopara.com.br\/index.php\/wp-json\/wp\/v2\/types\/post"}],"author":[{"embeddable":true,"href":"https:\/\/blogopara.com.br\/index.php\/wp-json\/wp\/v2\/users\/1"}],"replies":[{"embeddable":true,"href":"https:\/\/blogopara.com.br\/index.php\/wp-json\/wp\/v2\/comments?post=11254"}],"version-history":[{"count":1,"href":"https:\/\/blogopara.com.br\/index.php\/wp-json\/wp\/v2\/posts\/11254\/revisions"}],"predecessor-version":[{"id":11256,"href":"https:\/\/blogopara.com.br\/index.php\/wp-json\/wp\/v2\/posts\/11254\/revisions\/11256"}],"wp:featuredmedia":[{"embeddable":true,"href":"https:\/\/blogopara.com.br\/index.php\/wp-json\/wp\/v2\/media\/11255"}],"wp:attachment":[{"href":"https:\/\/blogopara.com.br\/index.php\/wp-json\/wp\/v2\/media?parent=11254"}],"wp:term":[{"taxonomy":"category","embeddable":true,"href":"https:\/\/blogopara.com.br\/index.php\/wp-json\/wp\/v2\/categories?post=11254"},{"taxonomy":"post_tag","embeddable":true,"href":"https:\/\/blogopara.com.br\/index.php\/wp-json\/wp\/v2\/tags?post=11254"}],"curies":[{"name":"wp","href":"https:\/\/api.w.org\/{rel}","templated":true}]}}