{"id":11257,"date":"2020-06-04T07:01:00","date_gmt":"2020-06-04T10:01:00","guid":{"rendered":"http:\/\/blogopara.com.br\/?p=11257"},"modified":"2020-06-03T17:08:04","modified_gmt":"2020-06-03T20:08:04","slug":"o-drama-do-hospital-regional-em-juazeiro-medicos-demitidos-fazem-rifa-para-sobreviver","status":"publish","type":"post","link":"https:\/\/blogopara.com.br\/index.php\/2020\/06\/04\/o-drama-do-hospital-regional-em-juazeiro-medicos-demitidos-fazem-rifa-para-sobreviver","title":{"rendered":"O drama do Hospital Regional em Juazeiro. M\u00e9dicos demitidos fazem rifa para sobreviver"},"content":{"rendered":"<p style=\"text-align: justify;\">O Hospital Regional em Juazeiro vive dias pra l\u00e1 de intensos. Profissionais do hospital de refer\u00eancia para o Covid-19 revelam falta de pagamentos, m\u00e9dicos demitidos e outros pedindo demiss\u00e3o. Al\u00e9m do sal\u00e1rio, condi\u00e7\u00f5es de trabalho s\u00e3o sempre citados como os problemas na unidade de sa\u00fade.<\/p>\n<p style=\"text-align: justify;\">No dia de hoje (03), uma m\u00e9dica foi demitida sem ao menos receber o aviso pr\u00e9vio. Tal acontecimento, pode desencadear o desligamento de outros profissionais em meio a uma pandemia. Segundo informa\u00e7\u00f5es, esta profissional fazia parte de um grupo que fazia cobran\u00e7as para melhorias do hospital, tanto sal\u00e1rio, como condi\u00e7\u00f5es de trabalho.<\/p>\n<p style=\"text-align: justify;\">Segundo relatos de profissionais do hospital ao Portal Zap, situa\u00e7\u00f5es constrangedoras acontecem:\u00a0<em>\u201cPor falta de sal\u00e1rios, funcion\u00e1rios est\u00e3o fazendo rifa para poder sobreviver. Em meio a uma pandemia, al\u00e9m de arriscar suas vidas, ainda precisam lutar para conseguir recursos para se manter\u201d<\/em>\u00a0disse uma fonte que n\u00e3o quis se identificar.<\/p>\n<p style=\"text-align: justify;\">De acordo com\u00a0 Dr. Franclen Carvalho, em entrevista ao programa Geraldo Jos\u00e9, disse que o problema do hospital<em>\u00a0\u201c\u00e9 muito mais do que falta de sal\u00e1rio, \u00e9 por melhoria dos servi\u00e7os. O HRJ est\u00e1 totalmente desabastecido e totalmente sucateado e est\u00e1 colocando em risco a vida da popula\u00e7\u00e3o do Vale do S\u00e3o Francisco\u201d<\/em>\u00a0disse ele que ainda revela sua maior preocupa\u00e7\u00e3o:<em>\u00a0\u201cO HRJ \u00e9 refer\u00eancia em Covid-19 e com essas demiss\u00f5es, quem \u00e9 que vai preencher a escala de quem saiu? N\u00e3o recebe sal\u00e1rio e n\u00e3o pode falar?\u201d\u00a0<\/em>finalizou.<\/p>\n<p style=\"text-align: justify;\">A APMI, empresa respons\u00e1vel pela administra\u00e7\u00e3o do HRJ diz que o Governo do Estado n\u00e3o tem feito o repasse para quitar sal\u00e1rios de seus funcion\u00e1rios. Segundo o deputado Roberto Carlos (PDT), que vem fazendo den\u00fancias e acompanhando o processo informou que: \u201c<em>o valor para o pagamento destes sal\u00e1rios foram repassados ontem, 02\/06, para a empresa que administra o HRJ em Juazeiro. O mesmo deve est\u00e1 dispon\u00edvel na conta da empresa no dia 03\/06, mais tardar na sexta feira\u201d<\/em>\u00a0disse.<\/p>\n","protected":false},"excerpt":{"rendered":"<p>O Hospital Regional em Juazeiro vive dias pra l\u00e1 de intensos. Profissionais do hospital de refer\u00eancia para o Covid-19 revelam falta de pagamentos, m\u00e9dicos demitidos e outros pedindo demiss\u00e3o. Al\u00e9m do sal\u00e1rio, condi\u00e7\u00f5es de trabalho s\u00e3o sempre citados como os problemas na unidade de sa\u00fade. No dia de hoje (03), uma m\u00e9dica foi demitida sem [&hellip;]<\/p>\n","protected":false},"author":1,"featured_media":1725,"comment_status":"open","ping_status":"open","sticky":false,"template":"","format":"standard","meta":{"_uag_custom_page_level_css":"","_monsterinsights_skip_tracking":false,"_monsterinsights_sitenote_active":false,"_monsterinsights_sitenote_note":"","_monsterinsights_sitenote_category":0,"jetpack_post_was_ever_published":false,"_jetpack_newsletter_access":"","_jetpack_dont_email_post_to_subs":false,"_jetpack_newsletter_tier_id":0,"_jetpack_memberships_contains_paywalled_content":false,"_jetpack_memberships_contains_paid_content":false,"footnotes":"","jetpack_publicize_message":"","jetpack_publicize_feature_enabled":true,"jetpack_social_post_already_shared":true,"jetpack_social_options":{"image_generator_settings":{"template":"highway","default_image_id":0,"font":"","enabled":false},"version":2}},"categories":[203],"tags":[],"class_list":["post-11257","post","type-post","status-publish","format-standard","has-post-thumbnail","hentry","category-juazeiro"],"jetpack_publicize_connections":[],"jetpack_featured_media_url":"https:\/\/blogopara.com.br\/wp-content\/uploads\/2019\/07\/Hospital-Regional-Juazeiro-750x422-e1727868187285.jpg","uagb_featured_image_src":{"full":["https:\/\/blogopara.com.br\/wp-content\/uploads\/2019\/07\/Hospital-Regional-Juazeiro-750x422-e1727868187285.jpg",500,281,false],"thumbnail":["https:\/\/blogopara.com.br\/wp-content\/uploads\/2019\/07\/Hospital-Regional-Juazeiro-750x422-150x150.jpg",150,150,true],"medium":["https:\/\/blogopara.com.br\/wp-content\/uploads\/2019\/07\/Hospital-Regional-Juazeiro-750x422-300x169.jpg",300,169,true],"medium_large":["https:\/\/blogopara.com.br\/wp-content\/uploads\/2019\/07\/Hospital-Regional-Juazeiro-750x422-e1727868187285.jpg",500,281,false],"large":["https:\/\/blogopara.com.br\/wp-content\/uploads\/2019\/07\/Hospital-Regional-Juazeiro-750x422-e1727868187285.jpg",500,281,false],"1536x1536":["https:\/\/blogopara.com.br\/wp-content\/uploads\/2019\/07\/Hospital-Regional-Juazeiro-750x422-e1727868187285.jpg",500,281,false],"2048x2048":["https:\/\/blogopara.com.br\/wp-content\/uploads\/2019\/07\/Hospital-Regional-Juazeiro-750x422-e1727868187285.jpg",500,281,false],"mantranews-slider-large":["https:\/\/blogopara.com.br\/wp-content\/uploads\/2019\/07\/Hospital-Regional-Juazeiro-750x422-e1727868187285.jpg",500,281,false],"mantranews-featured-medium":["https:\/\/blogopara.com.br\/wp-content\/uploads\/2019\/07\/Hospital-Regional-Juazeiro-750x422-e1727868187285.jpg",420,236,false],"mantranews-featured-long":["https:\/\/blogopara.com.br\/wp-content\/uploads\/2019\/07\/Hospital-Regional-Juazeiro-750x422-e1727868187285.jpg",300,169,false],"mantranews-block-medium":["https:\/\/blogopara.com.br\/wp-content\/uploads\/2019\/07\/Hospital-Regional-Juazeiro-750x422-e1727868187285.jpg",464,261,false],"mantranews-carousel-image":["https:\/\/blogopara.com.br\/wp-content\/uploads\/2019\/07\/Hospital-Regional-Juazeiro-750x422-e1727868187285.jpg",500,281,false],"mantranews-block-thumb":["https:\/\/blogopara.com.br\/wp-content\/uploads\/2019\/07\/Hospital-Regional-Juazeiro-750x422-e1727868187285.jpg",322,181,false],"mantranews-single-large":["https:\/\/blogopara.com.br\/wp-content\/uploads\/2019\/07\/Hospital-Regional-Juazeiro-750x422-e1727868187285.jpg",500,281,false]},"uagb_author_info":{"display_name":"Reda\u00e7\u00e3o geral","author_link":"https:\/\/blogopara.com.br\/index.php\/author\/blogopara"},"uagb_comment_info":0,"uagb_excerpt":"O Hospital Regional em Juazeiro vive dias pra l\u00e1 de intensos. Profissionais do hospital de refer\u00eancia para o Covid-19 revelam falta de pagamentos, m\u00e9dicos demitidos e outros pedindo demiss\u00e3o. Al\u00e9m do sal\u00e1rio, condi\u00e7\u00f5es de trabalho s\u00e3o sempre citados como os problemas na unidade de sa\u00fade. No dia de hoje (03), uma m\u00e9dica foi demitida sem&hellip;","jetpack_sharing_enabled":true,"jetpack_likes_enabled":true,"_links":{"self":[{"href":"https:\/\/blogopara.com.br\/index.php\/wp-json\/wp\/v2\/posts\/11257","targetHints":{"allow":["GET"]}}],"collection":[{"href":"https:\/\/blogopara.com.br\/index.php\/wp-json\/wp\/v2\/posts"}],"about":[{"href":"https:\/\/blogopara.com.br\/index.php\/wp-json\/wp\/v2\/types\/post"}],"author":[{"embeddable":true,"href":"https:\/\/blogopara.com.br\/index.php\/wp-json\/wp\/v2\/users\/1"}],"replies":[{"embeddable":true,"href":"https:\/\/blogopara.com.br\/index.php\/wp-json\/wp\/v2\/comments?post=11257"}],"version-history":[{"count":2,"href":"https:\/\/blogopara.com.br\/index.php\/wp-json\/wp\/v2\/posts\/11257\/revisions"}],"predecessor-version":[{"id":11259,"href":"https:\/\/blogopara.com.br\/index.php\/wp-json\/wp\/v2\/posts\/11257\/revisions\/11259"}],"wp:featuredmedia":[{"embeddable":true,"href":"https:\/\/blogopara.com.br\/index.php\/wp-json\/wp\/v2\/media\/1725"}],"wp:attachment":[{"href":"https:\/\/blogopara.com.br\/index.php\/wp-json\/wp\/v2\/media?parent=11257"}],"wp:term":[{"taxonomy":"category","embeddable":true,"href":"https:\/\/blogopara.com.br\/index.php\/wp-json\/wp\/v2\/categories?post=11257"},{"taxonomy":"post_tag","embeddable":true,"href":"https:\/\/blogopara.com.br\/index.php\/wp-json\/wp\/v2\/tags?post=11257"}],"curies":[{"name":"wp","href":"https:\/\/api.w.org\/{rel}","templated":true}]}}