{"id":11275,"date":"2020-06-04T09:32:47","date_gmt":"2020-06-04T12:32:47","guid":{"rendered":"http:\/\/blogopara.com.br\/?p=11275"},"modified":"2020-06-04T09:32:52","modified_gmt":"2020-06-04T12:32:52","slug":"assassino-do-policial-fredson-poro-vai-a-juri-na-manha-dessa-quinta-feira-4-em-juazeiro","status":"publish","type":"post","link":"https:\/\/blogopara.com.br\/index.php\/2020\/06\/04\/assassino-do-policial-fredson-poro-vai-a-juri-na-manha-dessa-quinta-feira-4-em-juazeiro","title":{"rendered":"Assassino do policial Fredson (Por\u00f3) vai a j\u00fari na manh\u00e3 dessa quinta-feira (4) em Juazeiro"},"content":{"rendered":"<div style=\"text-align: justify;\">Nessa quinta-feira (4) acontecer\u00e1 o j\u00fari popular do assassino do falecido Policial Fredson (Por\u00f3) que foi covardemente assassinado.<\/div>\n<div style=\"text-align: justify;\"><\/div>\n<div style=\"text-align: justify;\">O j\u00fari ocorrer\u00e1 \u00e1s 8hs no F\u00f3rum Conselheiro Lu\u00eds Viana em Juazeiro-BA. Estaremos unidos e confiantes para qu\u00ea seja feito a justi\u00e7a t\u00e3o esperada em mem\u00f3ria e honra do saudoso e amado Por\u00f3.<\/div>\n<div style=\"text-align: justify;\"><\/div>\n<div>\n<div style=\"text-align: justify;\">O j\u00fari ser\u00e1 aberto e a presen\u00e7a de todos familiares e amigos \u00e9 importante nesse momento.<\/div>\n<div><\/div>\n<pre>Fonte: BVF<\/pre>\n<\/div>\n","protected":false},"excerpt":{"rendered":"<p>Nessa quinta-feira (4) acontecer\u00e1 o j\u00fari popular do assassino do falecido Policial Fredson (Por\u00f3) que foi covardemente assassinado. O j\u00fari ocorrer\u00e1 \u00e1s 8hs no F\u00f3rum Conselheiro Lu\u00eds Viana em Juazeiro-BA. Estaremos unidos e confiantes para qu\u00ea seja feito a justi\u00e7a t\u00e3o esperada em mem\u00f3ria e honra do saudoso e amado Por\u00f3. O j\u00fari ser\u00e1 aberto [&hellip;]<\/p>\n","protected":false},"author":1,"featured_media":11276,"comment_status":"open","ping_status":"open","sticky":false,"template":"","format":"standard","meta":{"_uag_custom_page_level_css":"","_monsterinsights_skip_tracking":false,"_monsterinsights_sitenote_active":false,"_monsterinsights_sitenote_note":"","_monsterinsights_sitenote_category":0,"jetpack_post_was_ever_published":false,"_jetpack_newsletter_access":"","_jetpack_dont_email_post_to_subs":false,"_jetpack_newsletter_tier_id":0,"_jetpack_memberships_contains_paywalled_content":false,"_jetpack_memberships_contains_paid_content":false,"footnotes":"","jetpack_publicize_message":"","jetpack_publicize_feature_enabled":true,"jetpack_social_post_already_shared":true,"jetpack_social_options":{"image_generator_settings":{"template":"highway","default_image_id":0,"font":"","enabled":false},"version":2}},"categories":[203,202],"tags":[],"class_list":["post-11275","post","type-post","status-publish","format-standard","has-post-thumbnail","hentry","category-juazeiro","category-policia"],"jetpack_publicize_connections":[],"jetpack_featured_media_url":"https:\/\/blogopara.com.br\/wp-content\/uploads\/2020\/06\/forum-conselheiro-luiz-viana-620x466-1.jpg","uagb_featured_image_src":{"full":["https:\/\/blogopara.com.br\/wp-content\/uploads\/2020\/06\/forum-conselheiro-luiz-viana-620x466-1.jpg",500,375,false],"thumbnail":["https:\/\/blogopara.com.br\/wp-content\/uploads\/2020\/06\/forum-conselheiro-luiz-viana-620x466-1-150x150.jpg",150,150,true],"medium":["https:\/\/blogopara.com.br\/wp-content\/uploads\/2020\/06\/forum-conselheiro-luiz-viana-620x466-1-300x225.jpg",300,225,true],"medium_large":["https:\/\/blogopara.com.br\/wp-content\/uploads\/2020\/06\/forum-conselheiro-luiz-viana-620x466-1.jpg",500,375,false],"large":["https:\/\/blogopara.com.br\/wp-content\/uploads\/2020\/06\/forum-conselheiro-luiz-viana-620x466-1.jpg",500,375,false],"1536x1536":["https:\/\/blogopara.com.br\/wp-content\/uploads\/2020\/06\/forum-conselheiro-luiz-viana-620x466-1.jpg",500,375,false],"2048x2048":["https:\/\/blogopara.com.br\/wp-content\/uploads\/2020\/06\/forum-conselheiro-luiz-viana-620x466-1.jpg",500,375,false],"mantranews-slider-large":["https:\/\/blogopara.com.br\/wp-content\/uploads\/2020\/06\/forum-conselheiro-luiz-viana-620x466-1.jpg",500,375,false],"mantranews-featured-medium":["https:\/\/blogopara.com.br\/wp-content\/uploads\/2020\/06\/forum-conselheiro-luiz-viana-620x466-1-420x307.jpg",420,307,true],"mantranews-featured-long":["https:\/\/blogopara.com.br\/wp-content\/uploads\/2020\/06\/forum-conselheiro-luiz-viana-620x466-1-300x375.jpg",300,375,true],"mantranews-block-medium":["https:\/\/blogopara.com.br\/wp-content\/uploads\/2020\/06\/forum-conselheiro-luiz-viana-620x466-1-464x290.jpg",464,290,true],"mantranews-carousel-image":["https:\/\/blogopara.com.br\/wp-content\/uploads\/2020\/06\/forum-conselheiro-luiz-viana-620x466-1.jpg",500,375,false],"mantranews-block-thumb":["https:\/\/blogopara.com.br\/wp-content\/uploads\/2020\/06\/forum-conselheiro-luiz-viana-620x466-1.jpg",307,230,false],"mantranews-single-large":["https:\/\/blogopara.com.br\/wp-content\/uploads\/2020\/06\/forum-conselheiro-luiz-viana-620x466-1.jpg",500,375,false]},"uagb_author_info":{"display_name":"Reda\u00e7\u00e3o geral","author_link":"https:\/\/blogopara.com.br\/index.php\/author\/blogopara"},"uagb_comment_info":0,"uagb_excerpt":"Nessa quinta-feira (4) acontecer\u00e1 o j\u00fari popular do assassino do falecido Policial Fredson (Por\u00f3) que foi covardemente assassinado. O j\u00fari ocorrer\u00e1 \u00e1s 8hs no F\u00f3rum Conselheiro Lu\u00eds Viana em Juazeiro-BA. Estaremos unidos e confiantes para qu\u00ea seja feito a justi\u00e7a t\u00e3o esperada em mem\u00f3ria e honra do saudoso e amado Por\u00f3. O j\u00fari ser\u00e1 aberto&hellip;","jetpack_sharing_enabled":true,"jetpack_likes_enabled":true,"_links":{"self":[{"href":"https:\/\/blogopara.com.br\/index.php\/wp-json\/wp\/v2\/posts\/11275","targetHints":{"allow":["GET"]}}],"collection":[{"href":"https:\/\/blogopara.com.br\/index.php\/wp-json\/wp\/v2\/posts"}],"about":[{"href":"https:\/\/blogopara.com.br\/index.php\/wp-json\/wp\/v2\/types\/post"}],"author":[{"embeddable":true,"href":"https:\/\/blogopara.com.br\/index.php\/wp-json\/wp\/v2\/users\/1"}],"replies":[{"embeddable":true,"href":"https:\/\/blogopara.com.br\/index.php\/wp-json\/wp\/v2\/comments?post=11275"}],"version-history":[{"count":1,"href":"https:\/\/blogopara.com.br\/index.php\/wp-json\/wp\/v2\/posts\/11275\/revisions"}],"predecessor-version":[{"id":11277,"href":"https:\/\/blogopara.com.br\/index.php\/wp-json\/wp\/v2\/posts\/11275\/revisions\/11277"}],"wp:featuredmedia":[{"embeddable":true,"href":"https:\/\/blogopara.com.br\/index.php\/wp-json\/wp\/v2\/media\/11276"}],"wp:attachment":[{"href":"https:\/\/blogopara.com.br\/index.php\/wp-json\/wp\/v2\/media?parent=11275"}],"wp:term":[{"taxonomy":"category","embeddable":true,"href":"https:\/\/blogopara.com.br\/index.php\/wp-json\/wp\/v2\/categories?post=11275"},{"taxonomy":"post_tag","embeddable":true,"href":"https:\/\/blogopara.com.br\/index.php\/wp-json\/wp\/v2\/tags?post=11275"}],"curies":[{"name":"wp","href":"https:\/\/api.w.org\/{rel}","templated":true}]}}