{"id":11280,"date":"2020-06-04T18:27:12","date_gmt":"2020-06-04T21:27:12","guid":{"rendered":"http:\/\/blogopara.com.br\/?p=11280"},"modified":"2020-06-04T18:27:17","modified_gmt":"2020-06-04T21:27:17","slug":"denuncias-de-superfaturamento-e-falsas-informacoes-no-hospital-regional-de-juazeiro","status":"publish","type":"post","link":"https:\/\/blogopara.com.br\/index.php\/2020\/06\/04\/denuncias-de-superfaturamento-e-falsas-informacoes-no-hospital-regional-de-juazeiro","title":{"rendered":"DEN\u00daNCIAS DE SUPERFATURAMENTO E FALSAS INFORMA\u00c7\u00d5ES NO HOSPITAL REGIONAL DE JUAZEIRO"},"content":{"rendered":"<p style=\"text-align: justify;\">Seguidas den\u00fancias e reclama\u00e7\u00f5es de funcion\u00e1rios levaram o Presidente da C\u00e2mara de Vereadores de Juazeiro, Alex Tanuri (PP) e integrantes da Comiss\u00e3o de Sa\u00fade a visitarem na tarde desta quarta-feira (03\/06) diversos setores do Hospital Regional de Juazeiro.<\/p>\n<p style=\"text-align: justify;\">As reclama\u00e7\u00f5es dizem respeito ao atraso de tr\u00eas meses de sal\u00e1rios dos funcion\u00e1rios; a informa\u00e7\u00e3o da exist\u00eancia dez leitos de UTI, quando s\u00f3 existem cinco, a falta de medicamentos e insumos do dia a dia e at\u00e9 a falta de treinamento para o uso correto dos EPIs, tamb\u00e9m insuficientes, por parte dos funcion\u00e1rios.<\/p>\n<p style=\"text-align: justify;\">A Presidente da Comiss\u00e3o, Neguinha da Santa Casa; o vereador e m\u00e9dico Alan Jones, o Vereador Anast\u00e1cio, o Vereador Pastor Roberto e o Presidente da C\u00e2mara, Alex Tanuri foram recebidos pela Diretora Geral do Hospital Regional de Juazeiro, Hucilene Sim\u00f5es e pelo Diretor Jur\u00eddico, Manoel Silva Junior.<\/p>\n<p style=\"text-align: justify;\">Para as quest\u00f5es colocadas pelo presidente foi explicado que \u201ch\u00e1 intercorr\u00eancias em todos os casos e o n\u00e3o atendimento do paciente foi uma destas intercorr\u00eancias\u201d \u2013 diz Hucilene Sim\u00f5es, dispondo-se mostrar a ala de UTI para verifica\u00e7\u00e3o da exist\u00eancia dos equipamentos.<\/p>\n<p style=\"text-align: justify;\">Sobre o sal\u00e1rio, para a Diretora o atraso \u00e9 de \u201capenas\u201d dois meses: \u201cO que deveria ter sido recebido dia 5 de abril e 5 de maio ser\u00e1 pago ainda esta semana, pois recebemos a nota e o empenho do Governo do Estado\u201d.<\/p>\n<p style=\"text-align: justify;\">Os vereadores acompanharam a Diretora \u00e0 farm\u00e1cia e almoxarifado, constataram a exist\u00eancia dos insumos, mas insuficientes, para uma margem m\u00ednima de seguran\u00e7a. Quem explica a situa\u00e7\u00e3o \u00e9 o Vereador Alan Jones: \u201cPor exemplo, se h\u00e1 um consumo de dez caixas de soro diariamente, h\u00e1 de ter um estoque m\u00ednimo que garanta o consumo de uma semana pelo menos. Depender da entrega, comprar sem uma programa\u00e7\u00e3o, \u00e9 arriscar-se diante do imprevis\u00edvel e colocar vidas em risco\u201d.<\/p>\n<p style=\"text-align: justify;\">\u201cPode at\u00e9 n\u00e3o ser responsabilidade da empresa que administra o Hospital, pois os repasses do Estado parece que n\u00e3o obedecem a datas\u201d \u2013 diz Alex Tanuri \u2013 \u201cMas, n\u00e3o se justifica atraso de dois meses de sal\u00e1rios para profissionais da sa\u00fade, essenciais e que merecem todo o respeito poss\u00edvel\u201d.<\/p>\n<p style=\"text-align: justify;\">Na reuni\u00e3o, tensa, entre vereadores e Diretoria do Hospital, foi apresentado um relat\u00f3rio da Vigil\u00e2ncia Sanit\u00e1ria da \u00faltima segunda-feira que d\u00e1 veracidade \u00e0s den\u00fancias. A conclus\u00e3o da inspe\u00e7\u00e3o da Vigil\u00e2ncia, entre outras coisas, diz: O Hospital Regional de Juazeiro dever\u00e1 ser monitorado quanto a disponibilidade de EPIs para os funcion\u00e1rios e medicamentos para os pacientes\u201d.<\/p>\n<p style=\"text-align: justify;\">A informa\u00e7\u00e3o que pacientes regulados com suspeita ou confirma\u00e7\u00e3o de COVID 19 podem ser deslocados para Paulo Afonso, Salvador ou Remanso causou estranheza aos vereadores: \u201cVai contra toda a l\u00f3gica trazer o paciente para o Regional de Juazeiro e encaminh\u00e1-lo para outra cidade. \u00c9 custo e risco. N\u00e3o h\u00e1 sentido nisso\u201d \u2013 concordam Alan Jones e Alex Tanuri.<\/p>\n<p style=\"text-align: justify;\">A explica\u00e7\u00e3o \u00e9 para n\u00e3o sobrecarregar os dez leitos dispon\u00edveis. \u201cEnt\u00e3o que o governo providencie leitos em n\u00famero suficiente para atender Juazeiro\u201d \u2013 concordam novamente os vereadores da Comiss\u00e3o.<\/p>\n","protected":false},"excerpt":{"rendered":"<p>Seguidas den\u00fancias e reclama\u00e7\u00f5es de funcion\u00e1rios levaram o Presidente da C\u00e2mara de Vereadores de Juazeiro, Alex Tanuri (PP) e integrantes da Comiss\u00e3o de Sa\u00fade a visitarem na tarde desta quarta-feira (03\/06) diversos setores do Hospital Regional de Juazeiro. As reclama\u00e7\u00f5es dizem respeito ao atraso de tr\u00eas meses de sal\u00e1rios dos funcion\u00e1rios; a informa\u00e7\u00e3o da exist\u00eancia [&hellip;]<\/p>\n","protected":false},"author":1,"featured_media":11281,"comment_status":"open","ping_status":"open","sticky":false,"template":"","format":"standard","meta":{"_uag_custom_page_level_css":"","_monsterinsights_skip_tracking":false,"_monsterinsights_sitenote_active":false,"_monsterinsights_sitenote_note":"","_monsterinsights_sitenote_category":0,"jetpack_post_was_ever_published":false,"_jetpack_newsletter_access":"","_jetpack_dont_email_post_to_subs":false,"_jetpack_newsletter_tier_id":0,"_jetpack_memberships_contains_paywalled_content":false,"_jetpack_memberships_contains_paid_content":false,"footnotes":"","jetpack_publicize_message":"","jetpack_publicize_feature_enabled":true,"jetpack_social_post_already_shared":true,"jetpack_social_options":{"image_generator_settings":{"template":"highway","default_image_id":0,"font":"","enabled":false},"version":2}},"categories":[203,205],"tags":[],"class_list":["post-11280","post","type-post","status-publish","format-standard","has-post-thumbnail","hentry","category-juazeiro","category-saude"],"jetpack_publicize_connections":[],"jetpack_featured_media_url":"https:\/\/blogopara.com.br\/wp-content\/uploads\/2020\/06\/blogqsp-Dir-JUridico-do-Regional-m\u00e1scara-pre\u00e7o-alterados-500-por-cento-750x563-1.jpg","uagb_featured_image_src":{"full":["https:\/\/blogopara.com.br\/wp-content\/uploads\/2020\/06\/blogqsp-Dir-JUridico-do-Regional-m\u00e1scara-pre\u00e7o-alterados-500-por-cento-750x563-1.jpg",500,375,false],"thumbnail":["https:\/\/blogopara.com.br\/wp-content\/uploads\/2020\/06\/blogqsp-Dir-JUridico-do-Regional-m\u00e1scara-pre\u00e7o-alterados-500-por-cento-750x563-1-150x150.jpg",150,150,true],"medium":["https:\/\/blogopara.com.br\/wp-content\/uploads\/2020\/06\/blogqsp-Dir-JUridico-do-Regional-m\u00e1scara-pre\u00e7o-alterados-500-por-cento-750x563-1-300x225.jpg",300,225,true],"medium_large":["https:\/\/blogopara.com.br\/wp-content\/uploads\/2020\/06\/blogqsp-Dir-JUridico-do-Regional-m\u00e1scara-pre\u00e7o-alterados-500-por-cento-750x563-1.jpg",500,375,false],"large":["https:\/\/blogopara.com.br\/wp-content\/uploads\/2020\/06\/blogqsp-Dir-JUridico-do-Regional-m\u00e1scara-pre\u00e7o-alterados-500-por-cento-750x563-1.jpg",500,375,false],"1536x1536":["https:\/\/blogopara.com.br\/wp-content\/uploads\/2020\/06\/blogqsp-Dir-JUridico-do-Regional-m\u00e1scara-pre\u00e7o-alterados-500-por-cento-750x563-1.jpg",500,375,false],"2048x2048":["https:\/\/blogopara.com.br\/wp-content\/uploads\/2020\/06\/blogqsp-Dir-JUridico-do-Regional-m\u00e1scara-pre\u00e7o-alterados-500-por-cento-750x563-1.jpg",500,375,false],"mantranews-slider-large":["https:\/\/blogopara.com.br\/wp-content\/uploads\/2020\/06\/blogqsp-Dir-JUridico-do-Regional-m\u00e1scara-pre\u00e7o-alterados-500-por-cento-750x563-1.jpg",500,375,false],"mantranews-featured-medium":["https:\/\/blogopara.com.br\/wp-content\/uploads\/2020\/06\/blogqsp-Dir-JUridico-do-Regional-m\u00e1scara-pre\u00e7o-alterados-500-por-cento-750x563-1-420x307.jpg",420,307,true],"mantranews-featured-long":["https:\/\/blogopara.com.br\/wp-content\/uploads\/2020\/06\/blogqsp-Dir-JUridico-do-Regional-m\u00e1scara-pre\u00e7o-alterados-500-por-cento-750x563-1-300x375.jpg",300,375,true],"mantranews-block-medium":["https:\/\/blogopara.com.br\/wp-content\/uploads\/2020\/06\/blogqsp-Dir-JUridico-do-Regional-m\u00e1scara-pre\u00e7o-alterados-500-por-cento-750x563-1-464x290.jpg",464,290,true],"mantranews-carousel-image":["https:\/\/blogopara.com.br\/wp-content\/uploads\/2020\/06\/blogqsp-Dir-JUridico-do-Regional-m\u00e1scara-pre\u00e7o-alterados-500-por-cento-750x563-1.jpg",500,375,false],"mantranews-block-thumb":["https:\/\/blogopara.com.br\/wp-content\/uploads\/2020\/06\/blogqsp-Dir-JUridico-do-Regional-m\u00e1scara-pre\u00e7o-alterados-500-por-cento-750x563-1.jpg",307,230,false],"mantranews-single-large":["https:\/\/blogopara.com.br\/wp-content\/uploads\/2020\/06\/blogqsp-Dir-JUridico-do-Regional-m\u00e1scara-pre\u00e7o-alterados-500-por-cento-750x563-1.jpg",500,375,false]},"uagb_author_info":{"display_name":"Reda\u00e7\u00e3o geral","author_link":"https:\/\/blogopara.com.br\/index.php\/author\/blogopara"},"uagb_comment_info":0,"uagb_excerpt":"Seguidas den\u00fancias e reclama\u00e7\u00f5es de funcion\u00e1rios levaram o Presidente da C\u00e2mara de Vereadores de Juazeiro, Alex Tanuri (PP) e integrantes da Comiss\u00e3o de Sa\u00fade a visitarem na tarde desta quarta-feira (03\/06) diversos setores do Hospital Regional de Juazeiro. As reclama\u00e7\u00f5es dizem respeito ao atraso de tr\u00eas meses de sal\u00e1rios dos funcion\u00e1rios; a informa\u00e7\u00e3o da exist\u00eancia&hellip;","jetpack_sharing_enabled":true,"jetpack_likes_enabled":true,"_links":{"self":[{"href":"https:\/\/blogopara.com.br\/index.php\/wp-json\/wp\/v2\/posts\/11280","targetHints":{"allow":["GET"]}}],"collection":[{"href":"https:\/\/blogopara.com.br\/index.php\/wp-json\/wp\/v2\/posts"}],"about":[{"href":"https:\/\/blogopara.com.br\/index.php\/wp-json\/wp\/v2\/types\/post"}],"author":[{"embeddable":true,"href":"https:\/\/blogopara.com.br\/index.php\/wp-json\/wp\/v2\/users\/1"}],"replies":[{"embeddable":true,"href":"https:\/\/blogopara.com.br\/index.php\/wp-json\/wp\/v2\/comments?post=11280"}],"version-history":[{"count":1,"href":"https:\/\/blogopara.com.br\/index.php\/wp-json\/wp\/v2\/posts\/11280\/revisions"}],"predecessor-version":[{"id":11282,"href":"https:\/\/blogopara.com.br\/index.php\/wp-json\/wp\/v2\/posts\/11280\/revisions\/11282"}],"wp:featuredmedia":[{"embeddable":true,"href":"https:\/\/blogopara.com.br\/index.php\/wp-json\/wp\/v2\/media\/11281"}],"wp:attachment":[{"href":"https:\/\/blogopara.com.br\/index.php\/wp-json\/wp\/v2\/media?parent=11280"}],"wp:term":[{"taxonomy":"category","embeddable":true,"href":"https:\/\/blogopara.com.br\/index.php\/wp-json\/wp\/v2\/categories?post=11280"},{"taxonomy":"post_tag","embeddable":true,"href":"https:\/\/blogopara.com.br\/index.php\/wp-json\/wp\/v2\/tags?post=11280"}],"curies":[{"name":"wp","href":"https:\/\/api.w.org\/{rel}","templated":true}]}}