{"id":11283,"date":"2020-06-05T05:27:00","date_gmt":"2020-06-05T08:27:00","guid":{"rendered":"http:\/\/blogopara.com.br\/?p=11283"},"modified":"2020-06-04T19:32:12","modified_gmt":"2020-06-04T22:32:12","slug":"defensoria-pede-ao-stj-saida-urgente-de-sergio-camargo-da-fundacao-palmares","status":"publish","type":"post","link":"https:\/\/blogopara.com.br\/index.php\/2020\/06\/05\/defensoria-pede-ao-stj-saida-urgente-de-sergio-camargo-da-fundacao-palmares","title":{"rendered":"Defensoria pede ao STJ sa\u00edda urgente de S\u00e9rgio Camargo da Funda\u00e7\u00e3o Palmares"},"content":{"rendered":"<div class=\"mc-column content-text active-extra-styles \" data-block-type=\"unstyled\" data-block-weight=\"41\" data-block-id=\"3\">\n<p class=\"content-text__container \" style=\"text-align: justify;\" data-track-category=\"Link no Texto\" data-track-links=\"\">O recurso foi apresentado nesta quarta-feira (3) ao\u00a0<a href=\"https:\/\/g1.globo.com\/tudo-sobre\/superior-tribunal-de-justica\/\">Superior Tribunal de Justi\u00e7a<\/a>\u00a0(STJ) e \u00e9 endere\u00e7ado ao presidente da Corte, Jo\u00e3o Ot\u00e1vio de Noronha. Em fevereiro deste ano, o ministro atendeu\u00a0<a href=\"https:\/\/g1.globo.com\/politica\/blog\/andreia-sadi\/post\/2019\/12\/09\/governo-recorre-da-decisao-que-suspendeu-nomeacao-de-sergio-camargo-para-fundacao-palmares.ghtml\">pedido do governo<\/a>\u00a0e\u00a0<a href=\"https:\/\/g1.globo.com\/politica\/noticia\/2020\/02\/12\/stj-atende-recurso-da-agu-e-retoma-nomeacao-de-sergio-camargo-para-a-fundacao-palmares.ghtml\">liberou a nomea\u00e7\u00e3o de Camargo<\/a>.<\/p>\n<\/div>\n<div class=\"mc-column content-text active-extra-styles \" style=\"text-align: justify;\" data-block-type=\"unstyled\" data-block-weight=\"35\" data-block-id=\"4\">\n<p class=\"content-text__container \" data-track-category=\"Link no Texto\" data-track-links=\"\">Na pr\u00e1tica, a defensoria quer que, enquanto o STJ n\u00e3o julga o caso definitivamente, sejam restabelecidos os efeitos de uma\u00a0<a href=\"https:\/\/g1.globo.com\/ce\/ceara\/noticia\/2019\/12\/04\/justica-federal-no-ceara-suspende-nomeacao-do-presidente-da-fundacao-palmares.ghtml\">decis\u00e3o da Justi\u00e7a Federal do Cear\u00e1<\/a>\u00a0que suspendeu a nomea\u00e7\u00e3o em novembro de 2019.<\/p>\n<\/div>\n<div class=\"mc-column content-text active-extra-styles \" style=\"text-align: justify;\" data-block-type=\"unstyled\" data-block-weight=\"23\" data-block-id=\"5\">\n<p class=\"content-text__container \" data-track-category=\"Link no Texto\" data-track-links=\"\">De acordo com o juiz federal Emanuel Jos\u00e9 Matias Guerra,\u00a0<a href=\"https:\/\/g1.globo.com\/ce\/ceara\/noticia\/2019\/12\/04\/justica-federal-no-ceara-suspende-nomeacao-do-presidente-da-fundacao-palmares.ghtml\">o chefe da Funda\u00e7\u00e3o Palmares &#8220;ofende&#8221; a popula\u00e7\u00e3o negra, a quem deveria defender.<\/a><\/p>\n<\/div>\n<div class=\"mc-column content-text active-extra-styles \" style=\"text-align: justify;\" data-block-type=\"unstyled\" data-block-weight=\"42\" data-block-id=\"6\">\n<p class=\"content-text__container \" data-track-category=\"Link no Texto\" data-track-links=\"\">A Funda\u00e7\u00e3o Cultural Palmares foi criada em 1988 para promover e preservar os valores culturais, hist\u00f3ricos, sociais e econ\u00f4micos decorrentes da influ\u00eancia negra na forma\u00e7\u00e3o da sociedade brasileira. A organiza\u00e7\u00e3o tem entre suas compet\u00eancias a emiss\u00e3o de certid\u00e3o \u00e0s comunidades quilombolas.<\/p>\n<\/div>\n<div class=\"mc-column content-text active-extra-styles \" style=\"text-align: justify;\" data-block-type=\"unstyled\" data-block-weight=\"16\" data-block-id=\"7\">\n<p class=\"content-text__container \" data-track-category=\"Link no Texto\" data-track-links=\"\">Hoje, a organiza\u00e7\u00e3o est\u00e1 vinculada \u00e0 Secretaria da Cultura e, consequentemente, ao Minist\u00e9rio do Turismo.<\/p>\n<\/div>\n<div class=\"mc-column content-text active-extra-styles\" style=\"text-align: justify;\" data-block-type=\"raw\" data-block-weight=\"4\" data-block-id=\"8\">\n<div class=\"content-intertitle\">\n<h2>Desrespeito &#8216;concreto e evidente&#8217;<\/h2>\n<\/div>\n<\/div>\n<div class=\"mc-column content-text active-extra-styles \" style=\"text-align: justify;\" data-block-type=\"unstyled\" data-block-weight=\"29\" data-block-id=\"9\">\n<p class=\"content-text__container \" data-track-category=\"Link no Texto\" data-track-links=\"\">Ao STJ, a defensoria argumenta que a gest\u00e3o de S\u00e9rgio Camargo &#8220;desviou a Funda\u00e7\u00e3o Cultural Palmares de suas finalidades legais e dos imperativos que devem reger a administra\u00e7\u00e3o p\u00fablica&#8221;.<\/p>\n<\/div>\n<div class=\"mc-column content-text active-extra-styles \" style=\"text-align: justify;\" data-block-type=\"unstyled\" data-block-weight=\"54\" data-block-id=\"11\">\n<p class=\"content-text__container \" data-track-category=\"Link no Texto\" data-track-links=\"\">&#8220;O que antes a decis\u00e3o da presid\u00eancia do Superior Tribunal de Justi\u00e7a que suspendeu a liminar caracterizou como um excesso &#8216;em manifesta\u00e7\u00f5es em redes sociais&#8217; tornou-se um concreto e evidente desrespeito ao ordenamento jur\u00eddico, apto a justificar a reconsidera\u00e7\u00e3o da suspens\u00e3o e o restabelecimento do determinado pela primeira inst\u00e2ncia federal&#8221;, afirma a DPU.<\/p>\n<\/div>\n<div class=\"mc-column content-text active-extra-styles \" style=\"text-align: justify;\" data-block-type=\"unstyled\" data-block-weight=\"32\" data-block-id=\"12\">\n<p class=\"content-text__container \" data-track-category=\"Link no Texto\" data-track-links=\"\">No pedido, a defensoria ressalta ser exigido de quem preside a funda\u00e7\u00e3o &#8220;integral ades\u00e3o aos prop\u00f3sitos&#8221; atribu\u00eddos por lei \u00e0 organiza\u00e7\u00e3o, &#8220;o que, de forma muito transparente, n\u00e3o acontece no presente caso&#8221;.<\/p>\n<\/div>\n<div class=\"mc-column content-text active-extra-styles \" style=\"text-align: justify;\" data-block-type=\"unstyled\" data-block-weight=\"69\" data-block-id=\"13\">\n<p class=\"content-text__container \" data-track-category=\"Link no Texto\" data-track-links=\"\">&#8220;Mais claro imposs\u00edvel: a exist\u00eancia da ra\u00e7a negra \u00e9 a premissa normativaconstitucional para a cria\u00e7\u00e3o da Funda\u00e7\u00e3o Cultural Palmares que resta flagrantemente violada pela publica\u00e7\u00e3o dos textos em sua p\u00e1gina na internet durante a gest\u00e3o do Sr. S\u00e9rgio Nascimento de Camargo. Nesses termos, o desvio de finalidade na sua nomea\u00e7\u00e3o ganha a realidade e faz urgente a reconsidera\u00e7\u00e3o da decis\u00e3o da presid\u00eancia do Superior Tribunal&#8221;, cita DPU.<\/p>\n<\/div>\n<div class=\"mc-column content-text active-extra-styles\" style=\"text-align: justify;\" data-block-type=\"raw\" data-block-weight=\"1\" data-block-id=\"14\">\n<div class=\"content-intertitle\">\n<h2>Hist\u00f3rico<\/h2>\n<\/div>\n<\/div>\n<div class=\"mc-column content-text active-extra-styles \" style=\"text-align: justify;\" data-block-type=\"unstyled\" data-block-weight=\"29\" data-block-id=\"15\">\n<p class=\"content-text__container \" data-track-category=\"Link no Texto\" data-track-links=\"\">A nomea\u00e7\u00e3o de S\u00e9rgio Camargo para a presid\u00eancia da Funda\u00e7\u00e3o Cultural Palmares foi oficializada em 27 de novembro de 2019 e<a href=\"https:\/\/g1.globo.com\/jornal-nacional\/noticia\/2019\/11\/28\/declaracoes-do-novo-presidente-da-fundacao-palmares-geram-criticas-e-indignacao.ghtml\">\u00a0<\/a><a href=\"https:\/\/g1.globo.com\/jornal-nacional\/noticia\/2019\/11\/28\/declaracoes-do-novo-presidente-da-fundacao-palmares-geram-criticas-e-indignacao.ghtml\">gerou uma s\u00e9rie de cr\u00edticas e indigna\u00e7\u00e3o<\/a>.<\/p>\n<\/div>\n<div class=\"mc-column content-text active-extra-styles \" style=\"text-align: justify;\" data-block-type=\"unstyled\" data-block-weight=\"36\" data-block-id=\"16\">\n<p class=\"content-text__container \" data-track-category=\"Link no Texto\" data-track-links=\"\">Numa publica\u00e7\u00e3o antes de ser nomeado para o cargo, o jornalista\u00a0<a href=\"https:\/\/g1.globo.com\/rj\/rio-de-janeiro\/noticia\/2019\/11\/28\/novo-presidente-da-fundacao-palmares-minimiza-racismo-no-brasil-em-post.ghtml\">classificou o racismo no Brasil como &#8220;nutella&#8221;.<\/a>\u00a0&#8220;Racismo real existe nos Estados Unidos. A negrada daqui reclama porque \u00e9 imbecil e desinformada pela esquerda&#8221;, afirmou.<\/p>\n<\/div>\n<div class=\"row medium-uncollapsed content-media content-photo\" style=\"text-align: justify;\" data-block-type=\"backstage-photo\" data-block-id=\"17\">\n<div class=\"mc-column content-media__container\">\n<figure><img decoding=\"async\" class=\"i-amphtml-fill-content i-amphtml-replaced-content\" src=\"https:\/\/s2.glbimg.com\/vhBMMJIpjtUANhT-n4WHQ6uRjXw=\/0x0:508x399\/984x0\/smart\/filters:strip_icc()\/i.s3.glbimg.com\/v1\/AUTH_59edd422c0c84a879bd37670ae4f538a\/internal_photos\/bs\/2019\/6\/A\/rC8v6bSiGvbtBGbdjmqw\/whatsapp-image-2019-11-28-at-10.59.52.jpeg\" sizes=\"(max-width: 1366px) 648px, 100vw\" srcset=\"https:\/\/s2.glbimg.com\/1Nj4vmkHhSRLWZGrnebnL2ENMDA=\/0x0:508x399\/1000x0\/smart\/filters:strip_icc()\/i.s3.glbimg.com\/v1\/AUTH_59edd422c0c84a879bd37670ae4f538a\/internal_photos\/bs\/2019\/6\/A\/rC8v6bSiGvbtBGbdjmqw\/whatsapp-image-2019-11-28-at-10.59.52.jpeg 1000w, https:\/\/s2.glbimg.com\/vhBMMJIpjtUANhT-n4WHQ6uRjXw=\/0x0:508x399\/984x0\/smart\/filters:strip_icc()\/i.s3.glbimg.com\/v1\/AUTH_59edd422c0c84a879bd37670ae4f538a\/internal_photos\/bs\/2019\/6\/A\/rC8v6bSiGvbtBGbdjmqw\/whatsapp-image-2019-11-28-at-10.59.52.jpeg 984w, https:\/\/s2.glbimg.com\/Ib2lIMXy4k8GztJ9hqJ5OLN0g6c=\/0x0:508x399\/640x0\/smart\/filters:strip_icc()\/i.s3.glbimg.com\/v1\/AUTH_59edd422c0c84a879bd37670ae4f538a\/internal_photos\/bs\/2019\/6\/A\/rC8v6bSiGvbtBGbdjmqw\/whatsapp-image-2019-11-28-at-10.59.52.jpeg 640w, https:\/\/s2.glbimg.com\/s2gvlbHd5Jx3Dahw0A3pz9GBXSE=\/0x0:508x399\/600x0\/smart\/filters:strip_icc()\/i.s3.glbimg.com\/v1\/AUTH_59edd422c0c84a879bd37670ae4f538a\/internal_photos\/bs\/2019\/6\/A\/rC8v6bSiGvbtBGbdjmqw\/whatsapp-image-2019-11-28-at-10.59.52.jpeg 600w\" alt=\"Declara\u00e7\u00e3o do novo presidente da Funda\u00e7\u00e3o Cultural Palmares, S\u00e9rgio Nascimento de Camargo, publicada em rede social \u2014 Foto: Reprodu\u00e7\u00e3o\" \/><\/figure>\n<pre class=\"content-media__description \">Declara\u00e7\u00e3o do novo presidente da Funda\u00e7\u00e3o Cultural Palmares, S\u00e9rgio Nascimento de Camargo, publicada em rede social \u2014 Foto: Reprodu\u00e7\u00e3o<\/pre>\n<\/div>\n<\/div>\n<div class=\"content-ads content-ads--reveal\" style=\"text-align: justify;\" data-block-type=\"ads\" data-block-id=\"18\">\n<div id=\"banner_materia__f9a9aa15-f1c8-447a-bcb8-1f02bed50a73\" class=\"tag-manager-publicidade-container mc-has-reveal mc-has-ad-lazyload tag-manager-publicidade-banner_materia__f9a9aa15-f1c8-447a-bcb8-1f02bed50a73 tag-manager-publicidade-container--carregado tag-manager-publicidade-container--visivel\" data-id=\"banner_materia__f9a9aa15-f1c8-447a-bcb8-1f02bed50a73\" data-google-query-id=\"CKLs78ea6ekCFekAuQYdd04HOQ\" data-cid=\"138312733585\" data-lid=\"5378572512\">\n<div id=\"google_ads_iframe_\/95377733\/tvg_G1\/Politica_3__container__\"><\/div>\n<\/div>\n<\/div>\n<div class=\"mc-column content-text active-extra-styles \" style=\"text-align: justify;\" data-block-type=\"unstyled\" data-block-weight=\"30\" data-block-id=\"19\">\n<p class=\"content-text__container \" data-track-category=\"Link no Texto\" data-track-links=\"\">Ele tamb\u00e9m postou, em agosto de 2019, que &#8220;a escravid\u00e3o foi terr\u00edvel, mas ben\u00e9fica para os descendentes&#8221;. &#8220;Negros do Brasil vivem melhor que os negros da \u00c1frica&#8221;, completava a publica\u00e7\u00e3o<\/p>\n<\/div>\n<div class=\"mc-column content-text active-extra-styles \" style=\"text-align: justify;\" data-block-type=\"unstyled\" data-block-weight=\"61\" data-block-id=\"20\">\n<p class=\"content-text__container \" data-track-category=\"Link no Texto\" data-track-links=\"\">Sobre o Dia da Consci\u00eancia Negra, S\u00e9rgio Camargo afirmou que o &#8220;<a href=\"https:\/\/g1.globo.com\/politica\/noticia\/2019\/12\/10\/dia-da-consciencia-negra-propaga-vitimismo-diz-chefe-da-fundacao-palmares-apos-reuniao-com-bolsonaro.ghtml\">feriado precisa ser abolido nacionalmente por decreto presidencial<\/a>&#8220;. Ele disse que a data &#8220;causa incalcul\u00e1veis perdas \u00e0 economia do pa\u00eds, em nome de um falso her\u00f3i dos negros (Zumbi dos Palmares, que escravizava negros) e de uma agenda pol\u00edtica que alimenta o revanchismo hist\u00f3rico e doutrina o negro no vitimismo&#8221;.<\/p>\n<\/div>\n<div class=\"mc-column content-text active-extra-styles \" style=\"text-align: justify;\" data-block-type=\"unstyled\" data-block-weight=\"33\" data-block-id=\"21\">\n<p class=\"content-text__container \" data-track-category=\"Link no Texto\" data-track-links=\"\">S\u00e9rgio publicou uma mensagem numa rede social na qual disse que &#8220;sente vergonha e asco da negrada militante&#8221;. &#8220;\u00c0s vezes, [sinto] pena. Se acham revolucion\u00e1rios, mas n\u00e3o passam de escravos da esquerda&#8221;, escreveu.<\/p>\n<\/div>\n<div class=\"mc-column content-text active-extra-styles \" style=\"text-align: justify;\" data-block-type=\"unstyled\" data-block-weight=\"38\" data-block-id=\"22\">\n<p class=\"content-text__container \" data-track-category=\"Link no Texto\" data-track-links=\"\">Em 13 de maio, anivers\u00e1rio da Lei \u00c1urea, S\u00e9rgio Camargo publicou artigos depreciativos a Zumbi no site oficial da institui\u00e7\u00e3o. Em redes sociais, disse que Zumbi \u00e9 &#8220;her\u00f3i da esquerda racialista; n\u00e3o do povo brasileiro. Repudiamos Zumbi!&#8221;.<\/p>\n<\/div>\n<div class=\"mc-column content-text active-extra-styles\" style=\"text-align: justify;\" data-block-type=\"raw\" data-block-weight=\"15\" data-block-id=\"23\"><span style=\"font-size: inherit;\">O Minist\u00e9rio P\u00fablico Federal apresentou uma representa\u00e7\u00e3o <\/span><a style=\"font-size: inherit;\" href=\"https:\/\/g1.globo.com\/politica\/noticia\/2020\/05\/14\/mpf-aponta-improbidade-em-post-de-sergio-camargo-da-fundacao-palmares-com-repudio-a-zumbi.ghtml\">para que o presidente da funda\u00e7\u00e3o responda na Justi\u00e7a por improbidade administrativa<\/a><span style=\"font-size: inherit;\">.<\/span><\/div>\n<div class=\"mc-column content-text active-extra-styles \" style=\"text-align: justify;\" data-block-type=\"unstyled\" data-block-weight=\"37\" data-block-id=\"25\">\n<p class=\"content-text__container \" data-track-category=\"Link no Texto\" data-track-links=\"\">Neste m\u00eas, o jornal &#8220;O Estado de S. Paulo&#8221; trechos de uma reuni\u00e3o da qual Camargo participou. Na grava\u00e7\u00e3o feita sem o conhecimento dele, o<a href=\"https:\/\/g1.globo.com\/politica\/noticia\/2020\/06\/02\/sergio-camargo-presidente-da-fundacao-palmares-chama-movimento-negro-de-escoria-maldita-em-reuniao.ghtml\">\u00a0presidente da funda\u00e7\u00e3o chamou o movimento negro de &#8220;esc\u00f3ria maldita&#8221;<\/a>.<\/p>\n<\/div>\n<div class=\"mc-column content-text active-extra-styles \" style=\"text-align: justify;\" data-block-type=\"unstyled\" data-block-weight=\"37\" data-block-id=\"26\">\n<p class=\"content-text__container \" data-track-category=\"Link no Texto\" data-track-links=\"\">Na ocasi\u00e3o, Camargo tamb\u00e9m disse que Zumbi era &#8220;filho da puta que escravizava pretos&#8221;, criticou o Dia da Consci\u00eancia Negra, falou em demitir &#8220;esquerdista&#8221; e usou o termo &#8220;macumbeira&#8221; para se referir a uma m\u00e3e de santo.<\/p>\n<\/div>\n<div class=\"mc-column content-text active-extra-styles \" style=\"text-align: justify;\" data-block-type=\"unstyled\" data-block-weight=\"32\" data-block-id=\"27\">\n<p class=\"content-text__container \" data-track-category=\"Link no Texto\" data-track-links=\"\">De acordo com a publica\u00e7\u00e3o, o encontro, ocorrido em 30 de abril, teve participa\u00e7\u00e3o de outros dois servidores da funda\u00e7\u00e3o e serviu para tratar do desaparecimento de um celular corporativo de Camargo.<\/p>\n<\/div>\n<div class=\"mc-column content-text active-extra-styles \" style=\"text-align: justify;\" data-block-type=\"unstyled\" data-block-weight=\"52\" data-block-id=\"29\">\n<p class=\"content-text__container \" data-track-category=\"Link no Texto\" data-track-links=\"\">Na mesma reuni\u00e3o, a m\u00e3e de santo Baiana de Oy\u00e1 foi xingada de &#8220;filha da puta&#8221;, &#8220;macumbeira&#8221; e &#8220;miser\u00e1vel&#8221; por S\u00e9rgio Camargo. Ela \u00e9 coordenadora de Pol\u00edticas de Promo\u00e7\u00e3o e Prote\u00e7\u00e3o da Diversidade Religiosa da Secretaria de Justi\u00e7a do Distrito Federal e denunciou Camargo por inj\u00faria racial, discrimina\u00e7\u00e3o racial e discrimina\u00e7\u00e3o religiosa.<\/p>\n<\/div>\n<div data-track-category=\"multicontent\" data-track-action=\"ultimo chunk conteudo\" data-track-noninteraction=\"false\" data-track-scroll=\"view\">\n<div class=\"row medium-uncollapsed content-media content-photo\" data-block-type=\"backstage-photo\" data-block-id=\"30\">\n<div class=\"mc-column content-media__container\" style=\"text-align: justify;\">\n<figure><img decoding=\"async\" class=\"i-amphtml-fill-content i-amphtml-replaced-content\" src=\"https:\/\/s2.glbimg.com\/oTeQ59bZZDqqse6021YCKlDbGnQ=\/0x0:1188x792\/984x0\/smart\/filters:strip_icc()\/i.s3.glbimg.com\/v1\/AUTH_59edd422c0c84a879bd37670ae4f538a\/internal_photos\/bs\/2020\/t\/p\/tuqGWdSYALmkRHOtE9XA\/whatsapp-image-2020-06-03-at-18.27.53.jpeg\" sizes=\"(max-width: 1366px) 648px, 100vw\" srcset=\"https:\/\/s2.glbimg.com\/UHdJqkcr7JZ0Eu7ByiNX12Yq_xI=\/0x0:1188x792\/1000x0\/smart\/filters:strip_icc()\/i.s3.glbimg.com\/v1\/AUTH_59edd422c0c84a879bd37670ae4f538a\/internal_photos\/bs\/2020\/t\/p\/tuqGWdSYALmkRHOtE9XA\/whatsapp-image-2020-06-03-at-18.27.53.jpeg 1000w, https:\/\/s2.glbimg.com\/oTeQ59bZZDqqse6021YCKlDbGnQ=\/0x0:1188x792\/984x0\/smart\/filters:strip_icc()\/i.s3.glbimg.com\/v1\/AUTH_59edd422c0c84a879bd37670ae4f538a\/internal_photos\/bs\/2020\/t\/p\/tuqGWdSYALmkRHOtE9XA\/whatsapp-image-2020-06-03-at-18.27.53.jpeg 984w, https:\/\/s2.glbimg.com\/t1m4paBfUQ-AhnppT-VyOC-kWJg=\/0x0:1188x792\/640x0\/smart\/filters:strip_icc()\/i.s3.glbimg.com\/v1\/AUTH_59edd422c0c84a879bd37670ae4f538a\/internal_photos\/bs\/2020\/t\/p\/tuqGWdSYALmkRHOtE9XA\/whatsapp-image-2020-06-03-at-18.27.53.jpeg 640w, https:\/\/s2.glbimg.com\/4Re4mbEdhCg0Cn4kQfGTdjjQ_hY=\/0x0:1188x792\/600x0\/smart\/filters:strip_icc()\/i.s3.glbimg.com\/v1\/AUTH_59edd422c0c84a879bd37670ae4f538a\/internal_photos\/bs\/2020\/t\/p\/tuqGWdSYALmkRHOtE9XA\/whatsapp-image-2020-06-03-at-18.27.53.jpeg 600w\" alt=\"M\u00e3e Baiana de Oy\u00e1 registra queixa contra S\u00e9rgio Camargo em delegacia no DF \u2014 Foto: \u00d2gan Luiz Alves\/Projeto On\u00edbod\u00ea\" \/><\/figure>\n<pre class=\"content-media__description \">M\u00e3e Baiana de Oy\u00e1 registra queixa contra S\u00e9rgio Camargo em delegacia no DF \u2014 Foto: \u00d2gan Luiz Alves\/Projeto On\u00edbod\u00ea<\/pre>\n<\/div>\n<\/div>\n<\/div>\n","protected":false},"excerpt":{"rendered":"<p>Em fevereiro, presidente do tribunal atendeu pedido do governo e liberou a nomea\u00e7\u00e3o. Camargo j\u00e1 chamou movimento negro de &#8216;esc\u00f3ria&#8217; e desqualificou Zumbi.<\/p>\n","protected":false},"author":1,"featured_media":11284,"comment_status":"open","ping_status":"open","sticky":false,"template":"","format":"standard","meta":{"_uag_custom_page_level_css":"","_monsterinsights_skip_tracking":false,"_monsterinsights_sitenote_active":false,"_monsterinsights_sitenote_note":"","_monsterinsights_sitenote_category":0,"jetpack_post_was_ever_published":false,"_jetpack_newsletter_access":"","_jetpack_dont_email_post_to_subs":false,"_jetpack_newsletter_tier_id":0,"_jetpack_memberships_contains_paywalled_content":false,"_jetpack_memberships_contains_paid_content":false,"footnotes":"","jetpack_publicize_message":"","jetpack_publicize_feature_enabled":true,"jetpack_social_post_already_shared":true,"jetpack_social_options":{"image_generator_settings":{"template":"highway","default_image_id":0,"font":"","enabled":false},"version":2}},"categories":[200],"tags":[],"class_list":["post-11283","post","type-post","status-publish","format-standard","has-post-thumbnail","hentry","category-brasil"],"jetpack_publicize_connections":[],"jetpack_featured_media_url":"https:\/\/blogopara.com.br\/wp-content\/uploads\/2020\/06\/xsergiocamargopagespeedic3zc9vtbrkq.jpg","uagb_featured_image_src":{"full":["https:\/\/blogopara.com.br\/wp-content\/uploads\/2020\/06\/xsergiocamargopagespeedic3zc9vtbrkq.jpg",500,300,false],"thumbnail":["https:\/\/blogopara.com.br\/wp-content\/uploads\/2020\/06\/xsergiocamargopagespeedic3zc9vtbrkq-150x150.jpg",150,150,true],"medium":["https:\/\/blogopara.com.br\/wp-content\/uploads\/2020\/06\/xsergiocamargopagespeedic3zc9vtbrkq-300x180.jpg",300,180,true],"medium_large":["https:\/\/blogopara.com.br\/wp-content\/uploads\/2020\/06\/xsergiocamargopagespeedic3zc9vtbrkq.jpg",500,300,false],"large":["https:\/\/blogopara.com.br\/wp-content\/uploads\/2020\/06\/xsergiocamargopagespeedic3zc9vtbrkq.jpg",500,300,false],"1536x1536":["https:\/\/blogopara.com.br\/wp-content\/uploads\/2020\/06\/xsergiocamargopagespeedic3zc9vtbrkq.jpg",500,300,false],"2048x2048":["https:\/\/blogopara.com.br\/wp-content\/uploads\/2020\/06\/xsergiocamargopagespeedic3zc9vtbrkq.jpg",500,300,false],"mantranews-slider-large":["https:\/\/blogopara.com.br\/wp-content\/uploads\/2020\/06\/xsergiocamargopagespeedic3zc9vtbrkq.jpg",500,300,false],"mantranews-featured-medium":["https:\/\/blogopara.com.br\/wp-content\/uploads\/2020\/06\/xsergiocamargopagespeedic3zc9vtbrkq-420x300.jpg",420,300,true],"mantranews-featured-long":["https:\/\/blogopara.com.br\/wp-content\/uploads\/2020\/06\/xsergiocamargopagespeedic3zc9vtbrkq-300x300.jpg",300,300,true],"mantranews-block-medium":["https:\/\/blogopara.com.br\/wp-content\/uploads\/2020\/06\/xsergiocamargopagespeedic3zc9vtbrkq-464x290.jpg",464,290,true],"mantranews-carousel-image":["https:\/\/blogopara.com.br\/wp-content\/uploads\/2020\/06\/xsergiocamargopagespeedic3zc9vtbrkq.jpg",500,300,false],"mantranews-block-thumb":["https:\/\/blogopara.com.br\/wp-content\/uploads\/2020\/06\/xsergiocamargopagespeedic3zc9vtbrkq.jpg",322,193,false],"mantranews-single-large":["https:\/\/blogopara.com.br\/wp-content\/uploads\/2020\/06\/xsergiocamargopagespeedic3zc9vtbrkq.jpg",500,300,false]},"uagb_author_info":{"display_name":"Reda\u00e7\u00e3o geral","author_link":"https:\/\/blogopara.com.br\/index.php\/author\/blogopara"},"uagb_comment_info":0,"uagb_excerpt":"Em fevereiro, presidente do tribunal atendeu pedido do governo e liberou a nomea\u00e7\u00e3o. Camargo j\u00e1 chamou movimento negro de 'esc\u00f3ria' e desqualificou Zumbi.","jetpack_sharing_enabled":true,"jetpack_likes_enabled":true,"_links":{"self":[{"href":"https:\/\/blogopara.com.br\/index.php\/wp-json\/wp\/v2\/posts\/11283","targetHints":{"allow":["GET"]}}],"collection":[{"href":"https:\/\/blogopara.com.br\/index.php\/wp-json\/wp\/v2\/posts"}],"about":[{"href":"https:\/\/blogopara.com.br\/index.php\/wp-json\/wp\/v2\/types\/post"}],"author":[{"embeddable":true,"href":"https:\/\/blogopara.com.br\/index.php\/wp-json\/wp\/v2\/users\/1"}],"replies":[{"embeddable":true,"href":"https:\/\/blogopara.com.br\/index.php\/wp-json\/wp\/v2\/comments?post=11283"}],"version-history":[{"count":1,"href":"https:\/\/blogopara.com.br\/index.php\/wp-json\/wp\/v2\/posts\/11283\/revisions"}],"predecessor-version":[{"id":11285,"href":"https:\/\/blogopara.com.br\/index.php\/wp-json\/wp\/v2\/posts\/11283\/revisions\/11285"}],"wp:featuredmedia":[{"embeddable":true,"href":"https:\/\/blogopara.com.br\/index.php\/wp-json\/wp\/v2\/media\/11284"}],"wp:attachment":[{"href":"https:\/\/blogopara.com.br\/index.php\/wp-json\/wp\/v2\/media?parent=11283"}],"wp:term":[{"taxonomy":"category","embeddable":true,"href":"https:\/\/blogopara.com.br\/index.php\/wp-json\/wp\/v2\/categories?post=11283"},{"taxonomy":"post_tag","embeddable":true,"href":"https:\/\/blogopara.com.br\/index.php\/wp-json\/wp\/v2\/tags?post=11283"}],"curies":[{"name":"wp","href":"https:\/\/api.w.org\/{rel}","templated":true}]}}