{"id":11467,"date":"2020-06-09T16:44:49","date_gmt":"2020-06-09T19:44:49","guid":{"rendered":"http:\/\/blogopara.com.br\/?p=11467"},"modified":"2020-06-09T16:44:53","modified_gmt":"2020-06-09T19:44:53","slug":"juristas-estranham-a-pge-recorrer-para-manter-processo-de-respiradores-na-bahia","status":"publish","type":"post","link":"https:\/\/blogopara.com.br\/index.php\/2020\/06\/09\/juristas-estranham-a-pge-recorrer-para-manter-processo-de-respiradores-na-bahia","title":{"rendered":"Juristas estranham a PGE recorrer para manter processo de respiradores na Bahia"},"content":{"rendered":"<p style=\"text-align: justify;\">A Procuradoria-Geral do Estado (PGE) recorreu da decis\u00e3o da ju\u00edza Virg\u00ednia Silveira, da 2\u00aa Vara Criminal Especializada de Salvador, de enviar o processo que investiga a compra de respiradores pelo Cons\u00f3rcio do Nordeste para o Superior Tribunal de Justi\u00e7a (STJ) (<a href=\"https:\/\/www.bahianoticias.com.br\/noticia\/249555-apuracao-de-compra-de-respiradores-pelo-consorcio-do-nordeste-vai-para-o-stj.html\" target=\"_blank\" rel=\"noopener noreferrer\">leia aqui<\/a>).<\/p>\n<p style=\"text-align: justify;\">Na decis\u00e3o, a magistrada acatou o pedido do Minist\u00e9rio P\u00fablico da Bahia (MP-BA), que citou a presen\u00e7a de \u201csupostos atores com prerrogativa de fun\u00e7\u00e3o junto ao STJ\u201d, al\u00e9m de haver informa\u00e7\u00f5es preliminares de que h\u00e1 recursos federais nos R$ 49 milh\u00f5es pagos pelos respiradores que n\u00e3o foram entregues.<\/p>\n<p style=\"text-align: justify;\">O pagamento pelos equipamentos seria fruto de verba oriunda do SUS e do Fundo Estadual de Sa\u00fade, \u201cambos abastecidos por recursos federais\u201d. O MP-BA tamb\u00e9m indicou que j\u00e1 existe uma investiga\u00e7\u00e3o no Minist\u00e9rio P\u00fablico Federal (MPF) sobre o tema. O inqu\u00e9rito no MPF foi confirmado nesta ter\u00e7a (9) pelo pr\u00f3prio MPF (<a href=\"https:\/\/www.bahianoticias.com.br\/justica\/noticia\/62703-mpf-instaura-inquerito-para-apurar-compra-de-respiradores-pelo-consorcio-nordeste.html\" target=\"_blank\" rel=\"noopener noreferrer\">veja aqui<\/a>).<\/p>\n<p style=\"text-align: justify;\">Especialistas consultados pelo Bahia Not\u00edcias apontam, por\u00e9m, que n\u00e3o \u00e9 comum a Procuradoria-Geral do Estado recorrer de uma decis\u00e3o da qual ela n\u00e3o \u00e9 parte.<\/p>\n<p style=\"text-align: justify;\">O advogado criminalista Brenno Cavalcanti, mestre em Direito P\u00fablico pela Universidade Federal da Bahia (UFBA), levantou d\u00favidas sobre a \u201clegitimidade da Procuradoria em recorrer\u201d.<\/p>\n<p style=\"text-align: justify;\">\u201cA PGE via de regra n\u00e3o figura como parte ou mesmo interessada em uma a\u00e7\u00e3o de natureza criminal. Ent\u00e3o ela tem essa legitimidade questionada, porque quem representa os interesses do Estado seria o pr\u00f3prio Minist\u00e9rio P\u00fablico, que foi quem reconheceu a hip\u00f3tese do decl\u00ednio de compet\u00eancia\u201d, pontuou. \u201cA Procuradoria-Geral poderia estar inaugurando um novo tipo de recurso\u201d, acrescentou o advogado.<\/p>\n<p style=\"text-align: justify;\">A professora de direito processual penal Diana Furtado Caldas tamb\u00e9m enxerga a decis\u00e3o da Procuradoria-Geral do Estado de recorrer em um processo criminal, da qual n\u00e3o \u00e9 parte, \u201cestranha\u201d.<\/p>\n<p style=\"text-align: justify;\">\u201cMe causa at\u00e9 uma estranheza. Ela n\u00e3o poderia recorrer, porque \u00e9 um processo criminal e ela n\u00e3o \u00e9 parte. \u00c9 de causar uma certa surpresa. \u00c9 normal que durante a investiga\u00e7\u00e3o surjam informa\u00e7\u00f5es novas que fa\u00e7am mudar a compet\u00eancia. Mas a Procuradoria-Geral do Estado n\u00e3o tem nada a ver com o processo criminal, ent\u00e3o n\u00e3o teria o porqu\u00ea recorrer\u201d, falou.<\/p>\n<pre>Fonte de informa\u00e7\u00f5es: Bahia Noticias<\/pre>\n<p style=\"text-align: justify;\">\n","protected":false},"excerpt":{"rendered":"<p>A Procuradoria-Geral do Estado (PGE) recorreu da decis\u00e3o da ju\u00edza Virg\u00ednia Silveira, da 2\u00aa Vara Criminal Especializada de Salvador, de enviar o processo que investiga a compra de respiradores pelo Cons\u00f3rcio do Nordeste para o Superior Tribunal de Justi\u00e7a (STJ) (leia aqui). Na decis\u00e3o, a magistrada acatou o pedido do Minist\u00e9rio P\u00fablico da Bahia (MP-BA), [&hellip;]<\/p>\n","protected":false},"author":1,"featured_media":11468,"comment_status":"open","ping_status":"open","sticky":false,"template":"","format":"standard","meta":{"_uag_custom_page_level_css":"","_monsterinsights_skip_tracking":false,"_monsterinsights_sitenote_active":false,"_monsterinsights_sitenote_note":"","_monsterinsights_sitenote_category":0,"jetpack_post_was_ever_published":false,"_jetpack_newsletter_access":"","_jetpack_dont_email_post_to_subs":false,"_jetpack_newsletter_tier_id":0,"_jetpack_memberships_contains_paywalled_content":false,"_jetpack_memberships_contains_paid_content":false,"footnotes":"","jetpack_publicize_message":"","jetpack_publicize_feature_enabled":true,"jetpack_social_post_already_shared":true,"jetpack_social_options":{"image_generator_settings":{"template":"highway","default_image_id":0,"font":"","enabled":false},"version":2}},"categories":[199,202,205],"tags":[],"class_list":["post-11467","post","type-post","status-publish","format-standard","has-post-thumbnail","hentry","category-bahia","category-policia","category-saude"],"jetpack_publicize_connections":[],"jetpack_featured_media_url":"https:\/\/blogopara.com.br\/wp-content\/uploads\/2020\/06\/IMAGEM_NOTICIA_5-1-1.jpg","uagb_featured_image_src":{"full":["https:\/\/blogopara.com.br\/wp-content\/uploads\/2020\/06\/IMAGEM_NOTICIA_5-1-1.jpg",400,294,false],"thumbnail":["https:\/\/blogopara.com.br\/wp-content\/uploads\/2020\/06\/IMAGEM_NOTICIA_5-1-1-150x150.jpg",150,150,true],"medium":["https:\/\/blogopara.com.br\/wp-content\/uploads\/2020\/06\/IMAGEM_NOTICIA_5-1-1-300x221.jpg",300,221,true],"medium_large":["https:\/\/blogopara.com.br\/wp-content\/uploads\/2020\/06\/IMAGEM_NOTICIA_5-1-1.jpg",400,294,false],"large":["https:\/\/blogopara.com.br\/wp-content\/uploads\/2020\/06\/IMAGEM_NOTICIA_5-1-1.jpg",400,294,false],"1536x1536":["https:\/\/blogopara.com.br\/wp-content\/uploads\/2020\/06\/IMAGEM_NOTICIA_5-1-1.jpg",400,294,false],"2048x2048":["https:\/\/blogopara.com.br\/wp-content\/uploads\/2020\/06\/IMAGEM_NOTICIA_5-1-1.jpg",400,294,false],"mantranews-slider-large":["https:\/\/blogopara.com.br\/wp-content\/uploads\/2020\/06\/IMAGEM_NOTICIA_5-1-1.jpg",400,294,false],"mantranews-featured-medium":["https:\/\/blogopara.com.br\/wp-content\/uploads\/2020\/06\/IMAGEM_NOTICIA_5-1-1.jpg",400,294,false],"mantranews-featured-long":["https:\/\/blogopara.com.br\/wp-content\/uploads\/2020\/06\/IMAGEM_NOTICIA_5-1-1-300x294.jpg",300,294,true],"mantranews-block-medium":["https:\/\/blogopara.com.br\/wp-content\/uploads\/2020\/06\/IMAGEM_NOTICIA_5-1-1-400x290.jpg",400,290,true],"mantranews-carousel-image":["https:\/\/blogopara.com.br\/wp-content\/uploads\/2020\/06\/IMAGEM_NOTICIA_5-1-1.jpg",400,294,false],"mantranews-block-thumb":["https:\/\/blogopara.com.br\/wp-content\/uploads\/2020\/06\/IMAGEM_NOTICIA_5-1-1.jpg",313,230,false],"mantranews-single-large":["https:\/\/blogopara.com.br\/wp-content\/uploads\/2020\/06\/IMAGEM_NOTICIA_5-1-1.jpg",400,294,false]},"uagb_author_info":{"display_name":"Reda\u00e7\u00e3o geral","author_link":"https:\/\/blogopara.com.br\/index.php\/author\/blogopara"},"uagb_comment_info":0,"uagb_excerpt":"A Procuradoria-Geral do Estado (PGE) recorreu da decis\u00e3o da ju\u00edza Virg\u00ednia Silveira, da 2\u00aa Vara Criminal Especializada de Salvador, de enviar o processo que investiga a compra de respiradores pelo Cons\u00f3rcio do Nordeste para o Superior Tribunal de Justi\u00e7a (STJ) (leia aqui). Na decis\u00e3o, a magistrada acatou o pedido do Minist\u00e9rio P\u00fablico da Bahia (MP-BA),&hellip;","jetpack_sharing_enabled":true,"jetpack_likes_enabled":true,"_links":{"self":[{"href":"https:\/\/blogopara.com.br\/index.php\/wp-json\/wp\/v2\/posts\/11467","targetHints":{"allow":["GET"]}}],"collection":[{"href":"https:\/\/blogopara.com.br\/index.php\/wp-json\/wp\/v2\/posts"}],"about":[{"href":"https:\/\/blogopara.com.br\/index.php\/wp-json\/wp\/v2\/types\/post"}],"author":[{"embeddable":true,"href":"https:\/\/blogopara.com.br\/index.php\/wp-json\/wp\/v2\/users\/1"}],"replies":[{"embeddable":true,"href":"https:\/\/blogopara.com.br\/index.php\/wp-json\/wp\/v2\/comments?post=11467"}],"version-history":[{"count":1,"href":"https:\/\/blogopara.com.br\/index.php\/wp-json\/wp\/v2\/posts\/11467\/revisions"}],"predecessor-version":[{"id":11469,"href":"https:\/\/blogopara.com.br\/index.php\/wp-json\/wp\/v2\/posts\/11467\/revisions\/11469"}],"wp:featuredmedia":[{"embeddable":true,"href":"https:\/\/blogopara.com.br\/index.php\/wp-json\/wp\/v2\/media\/11468"}],"wp:attachment":[{"href":"https:\/\/blogopara.com.br\/index.php\/wp-json\/wp\/v2\/media?parent=11467"}],"wp:term":[{"taxonomy":"category","embeddable":true,"href":"https:\/\/blogopara.com.br\/index.php\/wp-json\/wp\/v2\/categories?post=11467"},{"taxonomy":"post_tag","embeddable":true,"href":"https:\/\/blogopara.com.br\/index.php\/wp-json\/wp\/v2\/tags?post=11467"}],"curies":[{"name":"wp","href":"https:\/\/api.w.org\/{rel}","templated":true}]}}