{"id":11613,"date":"2020-06-11T19:38:19","date_gmt":"2020-06-11T22:38:19","guid":{"rendered":"http:\/\/blogopara.com.br\/?p=11613"},"modified":"2020-06-11T19:38:25","modified_gmt":"2020-06-11T22:38:25","slug":"prefeitura-de-petrolina-diz-que-o-vereador-valgueiro-engana-a-populacao","status":"publish","type":"post","link":"https:\/\/blogopara.com.br\/index.php\/2020\/06\/11\/prefeitura-de-petrolina-diz-que-o-vereador-valgueiro-engana-a-populacao","title":{"rendered":"Prefeitura de Petrolina diz que o vereador Valgueiro engana a popula\u00e7\u00e3o"},"content":{"rendered":"<p style=\"text-align: justify;\">O vereador Paulo Vagueiro encaminhou <a href=\"https:\/\/blogopara.com.br\/index.php\/2020\/06\/11\/vereador-paulo-valgueiro-denuncia-a-policia-federal-superfaturamento-na-prefeitura-de-petrolina\">Nota<\/a> informando que representou a prefeitura de Petrolina na Pol\u00edcia Federal e no Minist\u00e9rio P\u00fablico Federal, solicitando investiga\u00e7\u00e3o de um poss\u00edvel superfaturamento na compra de mascaras pela prefeitura<\/p>\n<p style=\"text-align: justify;\">Em resposta a prefeitura encaminhou nota contestando o vereador. Confira a nota da prefeitura:<\/p>\n<p style=\"text-align: justify;\">&#8220;A Prefeitura de Petrolina lamenta que certos pol\u00edticos se utilizem dos seus cargos para enganar a popula\u00e7\u00e3o e criar factoides, principalmente neste per\u00edodo de pandemia. Fica claro, na den\u00fancia em quest\u00e3o, que as m\u00e1scaras as quais o vereador se refere n\u00e3o possuem carater\u00edsticas iguais. Ao observar a descri\u00e7\u00e3o do produto, as m\u00e1scaras adquiridas pelo munic\u00edpio de Petrolina t\u00eam tripla camada e tecido filtrante, totalmente diferente das demais usadas como comparativo.<\/p>\n<p style=\"text-align: justify;\">Esse tipo de m\u00e1scara \u00e9 adequada e segura para a utiliza\u00e7\u00e3o dos profissionais de sa\u00fade diretamente envolvidos no tratamento e combate ao novo Coronav\u00edrus. Em outras cidades e \u00f3rg\u00e3os, a mesma m\u00e1scara (m\u00e1scara cir\u00fargica &#8211; tripla, descart\u00e1vel, simples, de uso hospitalar, gramatura m\u00ednima de 30g\/m\u00b2, confeccionada em fibras de n\u00e3o tecido, TNT, anat\u00f4mica. Caracter\u00edsticas adicionais: modelo retangular, pregas horizontais e com el\u00e1stico com comprimento, caixa c\/50 unidades) foi adquirida por valores semelhantes ou at\u00e9 maiores que Petrolina (R$ 3,73 unidade): Juazeiro (R$ 5,40), Cabo de Santo Agostinho (R$ 3,84), Distrito Federal (R$ 3,90), Minist\u00e9rio da Educa\u00e7\u00e3o (R$ 3,80), Governo de Minas Gerais (R$ 3,82).<\/p>\n<p style=\"text-align: justify;\">Vale destacar ainda que os pre\u00e7os praticados no mercado s\u00e3o diferentes entre mar\u00e7o e abril, conforme a pandemia avan\u00e7a no pa\u00eds. Muitas empresas est\u00e3o com o item esgotado, provocando uma constante oscila\u00e7\u00e3o dos valores.<\/p>\n<p style=\"text-align: justify;\">A prefeitura est\u00e1 \u00e0 disposi\u00e7\u00e3o de todas as autoridades e \u00f3rg\u00e3os de controle, assim como est\u00e1 de portas abertas para qualquer cidad\u00e3o que tenha interesse em saber a verdade e colaborar com a constru\u00e7\u00e3o de estrat\u00e9gias e a\u00e7\u00f5es, sobretudo neste momento de pandemia. O que se espera das pessoas, principalmente daquelas que possuem cargos p\u00fablicos, \u00e9 responsabilidade e compromisso com a verdade, sem mentiras, imputa\u00e7\u00e3o de falsas condutas ou acusa\u00e7\u00f5es, o que pode at\u00e9 configurar como crime&#8221;, finalizaram.<\/p>\n","protected":false},"excerpt":{"rendered":"<p>O vereador Paulo Vagueiro encaminhou Nota informando que representou a prefeitura de Petrolina na Pol\u00edcia Federal e no Minist\u00e9rio P\u00fablico Federal, solicitando investiga\u00e7\u00e3o de um poss\u00edvel superfaturamento na compra de mascaras pela prefeitura Em resposta a prefeitura encaminhou nota contestando o vereador. Confira a nota da prefeitura: &#8220;A Prefeitura de Petrolina lamenta que certos pol\u00edticos [&hellip;]<\/p>\n","protected":false},"author":1,"featured_media":11614,"comment_status":"open","ping_status":"open","sticky":false,"template":"","format":"standard","meta":{"_uag_custom_page_level_css":"","_monsterinsights_skip_tracking":false,"_monsterinsights_sitenote_active":false,"_monsterinsights_sitenote_note":"","_monsterinsights_sitenote_category":0,"jetpack_post_was_ever_published":false,"_jetpack_newsletter_access":"","_jetpack_dont_email_post_to_subs":false,"_jetpack_newsletter_tier_id":0,"_jetpack_memberships_contains_paywalled_content":false,"_jetpack_memberships_contains_paid_content":false,"footnotes":"","jetpack_publicize_message":"","jetpack_publicize_feature_enabled":true,"jetpack_social_post_already_shared":true,"jetpack_social_options":{"image_generator_settings":{"template":"highway","default_image_id":0,"font":"","enabled":false},"version":2}},"categories":[851,197,205],"tags":[],"class_list":["post-11613","post","type-post","status-publish","format-standard","has-post-thumbnail","hentry","category-petrolina","category-politica","category-saude"],"jetpack_publicize_connections":[],"jetpack_featured_media_url":"https:\/\/blogopara.com.br\/wp-content\/uploads\/2020\/06\/unnamed-1.jpg","uagb_featured_image_src":{"full":["https:\/\/blogopara.com.br\/wp-content\/uploads\/2020\/06\/unnamed-1.jpg",500,333,false],"thumbnail":["https:\/\/blogopara.com.br\/wp-content\/uploads\/2020\/06\/unnamed-1-150x150.jpg",150,150,true],"medium":["https:\/\/blogopara.com.br\/wp-content\/uploads\/2020\/06\/unnamed-1-300x200.jpg",300,200,true],"medium_large":["https:\/\/blogopara.com.br\/wp-content\/uploads\/2020\/06\/unnamed-1.jpg",500,333,false],"large":["https:\/\/blogopara.com.br\/wp-content\/uploads\/2020\/06\/unnamed-1.jpg",500,333,false],"1536x1536":["https:\/\/blogopara.com.br\/wp-content\/uploads\/2020\/06\/unnamed-1.jpg",500,333,false],"2048x2048":["https:\/\/blogopara.com.br\/wp-content\/uploads\/2020\/06\/unnamed-1.jpg",500,333,false],"mantranews-slider-large":["https:\/\/blogopara.com.br\/wp-content\/uploads\/2020\/06\/unnamed-1.jpg",500,333,false],"mantranews-featured-medium":["https:\/\/blogopara.com.br\/wp-content\/uploads\/2020\/06\/unnamed-1-420x307.jpg",420,307,true],"mantranews-featured-long":["https:\/\/blogopara.com.br\/wp-content\/uploads\/2020\/06\/unnamed-1-300x333.jpg",300,333,true],"mantranews-block-medium":["https:\/\/blogopara.com.br\/wp-content\/uploads\/2020\/06\/unnamed-1-464x290.jpg",464,290,true],"mantranews-carousel-image":["https:\/\/blogopara.com.br\/wp-content\/uploads\/2020\/06\/unnamed-1.jpg",500,333,false],"mantranews-block-thumb":["https:\/\/blogopara.com.br\/wp-content\/uploads\/2020\/06\/unnamed-1.jpg",322,214,false],"mantranews-single-large":["https:\/\/blogopara.com.br\/wp-content\/uploads\/2020\/06\/unnamed-1.jpg",500,333,false]},"uagb_author_info":{"display_name":"Reda\u00e7\u00e3o geral","author_link":"https:\/\/blogopara.com.br\/index.php\/author\/blogopara"},"uagb_comment_info":0,"uagb_excerpt":"O vereador Paulo Vagueiro encaminhou Nota informando que representou a prefeitura de Petrolina na Pol\u00edcia Federal e no Minist\u00e9rio P\u00fablico Federal, solicitando investiga\u00e7\u00e3o de um poss\u00edvel superfaturamento na compra de mascaras pela prefeitura Em resposta a prefeitura encaminhou nota contestando o vereador. Confira a nota da prefeitura: &#8220;A Prefeitura de Petrolina lamenta que certos pol\u00edticos&hellip;","jetpack_sharing_enabled":true,"jetpack_likes_enabled":true,"_links":{"self":[{"href":"https:\/\/blogopara.com.br\/index.php\/wp-json\/wp\/v2\/posts\/11613","targetHints":{"allow":["GET"]}}],"collection":[{"href":"https:\/\/blogopara.com.br\/index.php\/wp-json\/wp\/v2\/posts"}],"about":[{"href":"https:\/\/blogopara.com.br\/index.php\/wp-json\/wp\/v2\/types\/post"}],"author":[{"embeddable":true,"href":"https:\/\/blogopara.com.br\/index.php\/wp-json\/wp\/v2\/users\/1"}],"replies":[{"embeddable":true,"href":"https:\/\/blogopara.com.br\/index.php\/wp-json\/wp\/v2\/comments?post=11613"}],"version-history":[{"count":1,"href":"https:\/\/blogopara.com.br\/index.php\/wp-json\/wp\/v2\/posts\/11613\/revisions"}],"predecessor-version":[{"id":11615,"href":"https:\/\/blogopara.com.br\/index.php\/wp-json\/wp\/v2\/posts\/11613\/revisions\/11615"}],"wp:featuredmedia":[{"embeddable":true,"href":"https:\/\/blogopara.com.br\/index.php\/wp-json\/wp\/v2\/media\/11614"}],"wp:attachment":[{"href":"https:\/\/blogopara.com.br\/index.php\/wp-json\/wp\/v2\/media?parent=11613"}],"wp:term":[{"taxonomy":"category","embeddable":true,"href":"https:\/\/blogopara.com.br\/index.php\/wp-json\/wp\/v2\/categories?post=11613"},{"taxonomy":"post_tag","embeddable":true,"href":"https:\/\/blogopara.com.br\/index.php\/wp-json\/wp\/v2\/tags?post=11613"}],"curies":[{"name":"wp","href":"https:\/\/api.w.org\/{rel}","templated":true}]}}