{"id":11659,"date":"2020-06-12T15:49:00","date_gmt":"2020-06-12T18:49:00","guid":{"rendered":"http:\/\/blogopara.com.br\/?p=11659"},"modified":"2020-06-12T11:19:08","modified_gmt":"2020-06-12T14:19:08","slug":"todo-mundo-se-posiciona-nas-redes-sociais-mas-a-maioria-nao-vai-fazer-nada-para-combater-o-racismo-diz-ireuda-silva-em-live","status":"publish","type":"post","link":"https:\/\/blogopara.com.br\/index.php\/2020\/06\/12\/todo-mundo-se-posiciona-nas-redes-sociais-mas-a-maioria-nao-vai-fazer-nada-para-combater-o-racismo-diz-ireuda-silva-em-live","title":{"rendered":"\u201cTodo mundo se posiciona nas redes sociais, mas a maioria n\u00e3o vai fazer nada para combater o racismo\u201d, diz Ireuda Silva em live"},"content":{"rendered":"<p style=\"text-align: justify;\">Vidas negras importam? Esse foi o questionamento que motivou a live conduzida pela vereadora Ireuda Silva (Republicanos) nesta quinta-feira (11). Presidente da Comiss\u00e3o de Defesa dos Direitos da Mulher e vice-presidente da Comiss\u00e3o da Repara\u00e7\u00e3o, a republicana conversou com a psicopedagoga Regina dos Santos Dias e a psic\u00f3loga Juliana Galv\u00e3o, ambas mulheres negras com trajet\u00f3rias de luta contra o racismo.<\/p>\n<p style=\"text-align: justify;\">A frase \u201cVidas negras importam\u201d ganhou as redes sociais de todo o mundo, acompanhada de cards pretos, ap\u00f3s George Floyd, homem negro dos Estados Unidos, ter sido assassinado por um policial branco. Durante sua fala na transmiss\u00e3o, Ireuda frisou que todas as vidas importam, mas ressaltou sua estranheza por um fato ocorrido em outro pa\u00eds ter gerado mais como\u00e7\u00e3o do que in\u00fameros outros que acontecem no Brasil todos os dias.<\/p>\n<p style=\"text-align: justify;\">\u201c\u00c9 preciso haver uma morte, depois de v\u00e1rias que estamos acompanhando, para que venha uma onda dizendo que as vidas negras importam. Posso colocar nas minhas redes que vidas negras importam, mas h\u00e1 uma dist\u00e2ncia muito grande no que se faz para mostrar isso. Para a nossa sociedade, vidas negras parecem n\u00e3o importar. Aquele homem morreu nos Estados Unidos, mas todos os dias, no Rio de Janeiro, S\u00e3o Paulo, Bahia, morrem porque a pol\u00edcia entendeu que era marginal e deveria ser morto. H\u00e1 um inc\u00f4modo para mim dentro dessa leva de que vidas negras importam, porque todo mundo se posiciona nas redes sociais, mas a maioria n\u00e3o vai fazer nada para combater o racismo\u201d, opinou, no que foi concordada pelas outras participantes. Juliana Galv\u00e3o, recentemente, foi v\u00edtima de atitude racista por seguran\u00e7as do supermercado GBarbosa, em Salvador.<\/p>\n<p style=\"text-align: justify;\">Para se ter uma ideia, 75% das v\u00edtimas de homic\u00eddio no Brasil s\u00e3o negras, conforme o Atlas da Viol\u00eancia, em 2019. Para essa parcela da popula\u00e7\u00e3o, a taxa de mortes \u00e9 de 43,3 por 100 mil habitantes. J\u00e1 para os n\u00e3o negros, esse n\u00famero cai para 16 por 100 mil. Estados do Nordeste, inclusive, concentram alguns dos maiores \u00edndices. Ainda segundo o Atlas, \u00e9 como se negros e brancos brasileiros vivessem \u201cem pa\u00edses completamente distintos\u201d.<\/p>\n<p style=\"text-align: justify;\">Para Ireuda, o Brasil precisa cuidar mais \u201cdos seus\u201d. \u201cPrecisamos nos revoltar mais, com mais fervor, sacudir as redes sociais e fazer nosso grito ecoar pelas ruas diante do verdadeiro massacre dos jovens negros do nosso pa\u00eds. \u00c9 como se o per\u00edodo escravocrata, quando os escravizados morriam aos montes dadas as condi\u00e7\u00f5es desumanas em que viviam, ainda n\u00e3o tivesse acabado. Nossos olhos est\u00e3o cada vez mais fechados para isso, quando, em vez disso, deveriam estar cada vez mais abertos e cr\u00edticos\u201d, acrescenta.<\/p>\n<pre>Fonte: Pol\u00edtica Livre<\/pre>\n","protected":false},"excerpt":{"rendered":"<p>Vidas negras importam? Esse foi o questionamento que motivou a live conduzida pela vereadora Ireuda Silva (Republicanos) nesta quinta-feira (11). Presidente da Comiss\u00e3o de Defesa dos Direitos da Mulher e vice-presidente da Comiss\u00e3o da Repara\u00e7\u00e3o, a republicana conversou com a psicopedagoga Regina dos Santos Dias e a psic\u00f3loga Juliana Galv\u00e3o, ambas mulheres negras com trajet\u00f3rias [&hellip;]<\/p>\n","protected":false},"author":1,"featured_media":11660,"comment_status":"open","ping_status":"open","sticky":false,"template":"","format":"standard","meta":{"_uag_custom_page_level_css":"","_monsterinsights_skip_tracking":false,"_monsterinsights_sitenote_active":false,"_monsterinsights_sitenote_note":"","_monsterinsights_sitenote_category":0,"jetpack_post_was_ever_published":false,"_jetpack_newsletter_access":"","_jetpack_dont_email_post_to_subs":false,"_jetpack_newsletter_tier_id":0,"_jetpack_memberships_contains_paywalled_content":false,"_jetpack_memberships_contains_paid_content":false,"footnotes":"","jetpack_publicize_message":"","jetpack_publicize_feature_enabled":true,"jetpack_social_post_already_shared":true,"jetpack_social_options":{"image_generator_settings":{"template":"highway","default_image_id":0,"font":"","enabled":false},"version":2}},"categories":[199,204],"tags":[],"class_list":["post-11659","post","type-post","status-publish","format-standard","has-post-thumbnail","hentry","category-bahia","category-social"],"jetpack_publicize_connections":[],"jetpack_featured_media_url":"https:\/\/blogopara.com.br\/wp-content\/uploads\/2020\/06\/images.jpg","uagb_featured_image_src":{"full":["https:\/\/blogopara.com.br\/wp-content\/uploads\/2020\/06\/images.jpg",380,258,false],"thumbnail":["https:\/\/blogopara.com.br\/wp-content\/uploads\/2020\/06\/images-150x150.jpg",150,150,true],"medium":["https:\/\/blogopara.com.br\/wp-content\/uploads\/2020\/06\/images-300x204.jpg",300,204,true],"medium_large":["https:\/\/blogopara.com.br\/wp-content\/uploads\/2020\/06\/images.jpg",380,258,false],"large":["https:\/\/blogopara.com.br\/wp-content\/uploads\/2020\/06\/images.jpg",380,258,false],"1536x1536":["https:\/\/blogopara.com.br\/wp-content\/uploads\/2020\/06\/images.jpg",380,258,false],"2048x2048":["https:\/\/blogopara.com.br\/wp-content\/uploads\/2020\/06\/images.jpg",380,258,false],"mantranews-slider-large":["https:\/\/blogopara.com.br\/wp-content\/uploads\/2020\/06\/images.jpg",380,258,false],"mantranews-featured-medium":["https:\/\/blogopara.com.br\/wp-content\/uploads\/2020\/06\/images.jpg",380,258,false],"mantranews-featured-long":["https:\/\/blogopara.com.br\/wp-content\/uploads\/2020\/06\/images-300x258.jpg",300,258,true],"mantranews-block-medium":["https:\/\/blogopara.com.br\/wp-content\/uploads\/2020\/06\/images.jpg",380,258,false],"mantranews-carousel-image":["https:\/\/blogopara.com.br\/wp-content\/uploads\/2020\/06\/images.jpg",380,258,false],"mantranews-block-thumb":["https:\/\/blogopara.com.br\/wp-content\/uploads\/2020\/06\/images.jpg",322,219,false],"mantranews-single-large":["https:\/\/blogopara.com.br\/wp-content\/uploads\/2020\/06\/images.jpg",380,258,false]},"uagb_author_info":{"display_name":"Reda\u00e7\u00e3o geral","author_link":"https:\/\/blogopara.com.br\/index.php\/author\/blogopara"},"uagb_comment_info":1,"uagb_excerpt":"Vidas negras importam? Esse foi o questionamento que motivou a live conduzida pela vereadora Ireuda Silva (Republicanos) nesta quinta-feira (11). Presidente da Comiss\u00e3o de Defesa dos Direitos da Mulher e vice-presidente da Comiss\u00e3o da Repara\u00e7\u00e3o, a republicana conversou com a psicopedagoga Regina dos Santos Dias e a psic\u00f3loga Juliana Galv\u00e3o, ambas mulheres negras com trajet\u00f3rias&hellip;","jetpack_sharing_enabled":true,"jetpack_likes_enabled":true,"_links":{"self":[{"href":"https:\/\/blogopara.com.br\/index.php\/wp-json\/wp\/v2\/posts\/11659","targetHints":{"allow":["GET"]}}],"collection":[{"href":"https:\/\/blogopara.com.br\/index.php\/wp-json\/wp\/v2\/posts"}],"about":[{"href":"https:\/\/blogopara.com.br\/index.php\/wp-json\/wp\/v2\/types\/post"}],"author":[{"embeddable":true,"href":"https:\/\/blogopara.com.br\/index.php\/wp-json\/wp\/v2\/users\/1"}],"replies":[{"embeddable":true,"href":"https:\/\/blogopara.com.br\/index.php\/wp-json\/wp\/v2\/comments?post=11659"}],"version-history":[{"count":1,"href":"https:\/\/blogopara.com.br\/index.php\/wp-json\/wp\/v2\/posts\/11659\/revisions"}],"predecessor-version":[{"id":11661,"href":"https:\/\/blogopara.com.br\/index.php\/wp-json\/wp\/v2\/posts\/11659\/revisions\/11661"}],"wp:featuredmedia":[{"embeddable":true,"href":"https:\/\/blogopara.com.br\/index.php\/wp-json\/wp\/v2\/media\/11660"}],"wp:attachment":[{"href":"https:\/\/blogopara.com.br\/index.php\/wp-json\/wp\/v2\/media?parent=11659"}],"wp:term":[{"taxonomy":"category","embeddable":true,"href":"https:\/\/blogopara.com.br\/index.php\/wp-json\/wp\/v2\/categories?post=11659"},{"taxonomy":"post_tag","embeddable":true,"href":"https:\/\/blogopara.com.br\/index.php\/wp-json\/wp\/v2\/tags?post=11659"}],"curies":[{"name":"wp","href":"https:\/\/api.w.org\/{rel}","templated":true}]}}