{"id":11737,"date":"2020-06-15T09:39:47","date_gmt":"2020-06-15T12:39:47","guid":{"rendered":"http:\/\/blogopara.com.br\/?p=11737"},"modified":"2020-06-15T09:39:53","modified_gmt":"2020-06-15T12:39:53","slug":"revista-cientifica-do-if-sertao-pe-abre-submissao-de-artigos-para-edicao-especial-sobre-filosofia-e-educacao","status":"publish","type":"post","link":"https:\/\/blogopara.com.br\/index.php\/2020\/06\/15\/revista-cientifica-do-if-sertao-pe-abre-submissao-de-artigos-para-edicao-especial-sobre-filosofia-e-educacao","title":{"rendered":"Revista Cient\u00edfica do IF Sert\u00e3o-PE abre submiss\u00e3o de artigos para edi\u00e7\u00e3o especial sobre Filosofia e Educa\u00e7\u00e3o"},"content":{"rendered":"<div>\n<p style=\"text-align: justify;\">A revista cient\u00edfica Semi\u00e1rido De Visu, publicada pelo IF Sert\u00e3o-PE, abre chamada para a edi\u00e7\u00e3o especial \u201cFilosofia e Educa\u00e7\u00e3o: um olhar sobre pesquisas e relatos de experi\u00eancia no s\u00e9culo XXI\u201d. As submiss\u00f5es dos manuscritos seguem at\u00e9 o dia 30 de junho \u00e0 comunidade cient\u00edfica e dever\u00e3o ser realizadas pelo sistema da revista, a partir da se\u00e7\u00e3o\u00a0<a href=\"https:\/\/periodicos.ifsertao-pe.edu.br\/ojs2\/index.php\/semiaridodevisu\/announcement\/view\/26\" target=\"_blank\" rel=\"noopener noreferrer\" data-saferedirecturl=\"https:\/\/www.google.com\/url?q=https:\/\/periodicos.ifsertao-pe.edu.br\/ojs2\/index.php\/semiaridodevisu\/announcement\/view\/26&amp;source=gmail&amp;ust=1592054188648000&amp;usg=AFQjCNFm0yDNiiEH9z9Pbur_lCXI0Lz0HA\">\u201cEdi\u00e7\u00e3o especial \u2013 Filosofia e Educa\u00e7\u00e3o\u201d<\/a>. As avalia\u00e7\u00f5es ser\u00e3o feitas at\u00e9 o dia 19 de julho e os autores ser\u00e3o notificados no dia 20, com envio das vers\u00f5es finais em 10 de agosto. A publica\u00e7\u00e3o da edi\u00e7\u00e3o especial est\u00e1 prevista para o dia 31 de agosto.<\/p>\n<\/div>\n<div style=\"text-align: justify;\">\n<p>De car\u00e1ter interdisciplinar e periodicidade quadrimestral, a revista aceita artigos cient\u00edficos, artigos de revis\u00e3o, relatos de experi\u00eancias, comunica\u00e7\u00f5es cient\u00edficas e notas t\u00e9cnicas em sistema de fluxo cont\u00ednuo, isto \u00e9, os trabalhos podem ser enviados em qualquer tempo. Atualmente, est\u00e1 em seu oitavo volume com artigos nas \u00e1reas de Ci\u00eancias Ambientais, Ci\u00eancias Agr\u00e1rias, Ci\u00eancias Exatas e da Terra, Ci\u00eancias Biol\u00f3gicas, Ci\u00eancias Humanas, Engenharias e o lan\u00e7amento da nova se\u00e7\u00e3o: Relatos de Experi\u00eancias, que contou com viv\u00eancias de pesquisadores\/as do IF Sert\u00e3o-PE.<\/p>\n<\/div>\n<p style=\"text-align: justify;\">A edi\u00e7\u00e3o peri\u00f3dica de agosto de 2020 (v.8, n.2) ser\u00e1 publicada normalmente e conter\u00e1 os demais artigos das outras \u00e1reas ou mesmo daquelas \u00e1reas da edi\u00e7\u00e3o especial, mas que os autores submetam pelo fluxo cont\u00ednuo. A revista cient\u00edfica Semi\u00e1rido De Visu est\u00e1 classificada no sistema Qualis de avalia\u00e7\u00e3o de peri\u00f3dicos cient\u00edficos da Coordena\u00e7\u00e3o de Aperfei\u00e7oamento de Pessoal de N\u00edvel Superior (Capes), com o conceito B4 em Medicina Veterin\u00e1ria, B5 nas \u00e1reas de Ci\u00eancias Agr\u00e1rias I, Educa\u00e7\u00e3o, Farm\u00e1cia e Zootecnia\/Recursos Pesqueiros e C em Biotecnologia.<\/p>\n<p style=\"text-align: justify;\">Confira a p\u00e1gina eletr\u00f4nica da revista cient\u00edfica Semi\u00e1rido De Visu em\u00a0<a href=\"https:\/\/semiaridodevisu.ifsertao-pe.edu.br\/ojs2\/index.php\/semiaridodevisu\" target=\"_blank\" rel=\"noopener noreferrer\" data-saferedirecturl=\"https:\/\/www.google.com\/url?q=https:\/\/semiaridodevisu.ifsertao-pe.edu.br\/ojs2\/index.php\/semiaridodevisu&amp;source=gmail&amp;ust=1592054188648000&amp;usg=AFQjCNGnK_dHcj6Xd5vJPr92I1F4EfWJLA\">https:\/\/semiaridodevisu.<wbr \/>ifsertao-pe.edu.br\/ojs2\/index.<wbr \/>php\/semiaridodevisu<\/a>.<\/p>\n<p style=\"text-align: justify;\">\n<div>\n<p style=\"text-align: justify;\">\n<\/div>\n","protected":false},"excerpt":{"rendered":"<p>A revista cient\u00edfica Semi\u00e1rido De Visu, publicada pelo IF Sert\u00e3o-PE, abre chamada para a edi\u00e7\u00e3o especial \u201cFilosofia e Educa\u00e7\u00e3o: um olhar sobre pesquisas e relatos de experi\u00eancia no s\u00e9culo XXI\u201d. As submiss\u00f5es dos manuscritos seguem at\u00e9 o dia 30 de junho \u00e0 comunidade cient\u00edfica e dever\u00e3o ser realizadas pelo sistema da revista, a partir da [&hellip;]<\/p>\n","protected":false},"author":1,"featured_media":11738,"comment_status":"open","ping_status":"open","sticky":false,"template":"","format":"standard","meta":{"_uag_custom_page_level_css":"","_monsterinsights_skip_tracking":false,"_monsterinsights_sitenote_active":false,"_monsterinsights_sitenote_note":"","_monsterinsights_sitenote_category":0,"jetpack_post_was_ever_published":false,"_jetpack_newsletter_access":"","_jetpack_dont_email_post_to_subs":false,"_jetpack_newsletter_tier_id":0,"_jetpack_memberships_contains_paywalled_content":false,"_jetpack_memberships_contains_paid_content":false,"footnotes":"","jetpack_publicize_message":"","jetpack_publicize_feature_enabled":true,"jetpack_social_post_already_shared":true,"jetpack_social_options":{"image_generator_settings":{"template":"highway","default_image_id":0,"font":"","enabled":false},"version":2}},"categories":[209,851],"tags":[],"class_list":["post-11737","post","type-post","status-publish","format-standard","has-post-thumbnail","hentry","category-educacao","category-petrolina"],"jetpack_publicize_connections":[],"jetpack_featured_media_url":"https:\/\/blogopara.com.br\/wp-content\/uploads\/2020\/06\/entrada_if_2.jpg","uagb_featured_image_src":{"full":["https:\/\/blogopara.com.br\/wp-content\/uploads\/2020\/06\/entrada_if_2.jpg",500,278,false],"thumbnail":["https:\/\/blogopara.com.br\/wp-content\/uploads\/2020\/06\/entrada_if_2-150x150.jpg",150,150,true],"medium":["https:\/\/blogopara.com.br\/wp-content\/uploads\/2020\/06\/entrada_if_2-300x167.jpg",300,167,true],"medium_large":["https:\/\/blogopara.com.br\/wp-content\/uploads\/2020\/06\/entrada_if_2.jpg",500,278,false],"large":["https:\/\/blogopara.com.br\/wp-content\/uploads\/2020\/06\/entrada_if_2.jpg",500,278,false],"1536x1536":["https:\/\/blogopara.com.br\/wp-content\/uploads\/2020\/06\/entrada_if_2.jpg",500,278,false],"2048x2048":["https:\/\/blogopara.com.br\/wp-content\/uploads\/2020\/06\/entrada_if_2.jpg",500,278,false],"mantranews-slider-large":["https:\/\/blogopara.com.br\/wp-content\/uploads\/2020\/06\/entrada_if_2.jpg",500,278,false],"mantranews-featured-medium":["https:\/\/blogopara.com.br\/wp-content\/uploads\/2020\/06\/entrada_if_2-420x278.jpg",420,278,true],"mantranews-featured-long":["https:\/\/blogopara.com.br\/wp-content\/uploads\/2020\/06\/entrada_if_2-300x278.jpg",300,278,true],"mantranews-block-medium":["https:\/\/blogopara.com.br\/wp-content\/uploads\/2020\/06\/entrada_if_2-464x278.jpg",464,278,true],"mantranews-carousel-image":["https:\/\/blogopara.com.br\/wp-content\/uploads\/2020\/06\/entrada_if_2.jpg",500,278,false],"mantranews-block-thumb":["https:\/\/blogopara.com.br\/wp-content\/uploads\/2020\/06\/entrada_if_2.jpg",322,179,false],"mantranews-single-large":["https:\/\/blogopara.com.br\/wp-content\/uploads\/2020\/06\/entrada_if_2.jpg",500,278,false]},"uagb_author_info":{"display_name":"Reda\u00e7\u00e3o geral","author_link":"https:\/\/blogopara.com.br\/index.php\/author\/blogopara"},"uagb_comment_info":0,"uagb_excerpt":"A revista cient\u00edfica Semi\u00e1rido De Visu, publicada pelo IF Sert\u00e3o-PE, abre chamada para a edi\u00e7\u00e3o especial \u201cFilosofia e Educa\u00e7\u00e3o: um olhar sobre pesquisas e relatos de experi\u00eancia no s\u00e9culo XXI\u201d. As submiss\u00f5es dos manuscritos seguem at\u00e9 o dia 30 de junho \u00e0 comunidade cient\u00edfica e dever\u00e3o ser realizadas pelo sistema da revista, a partir da&hellip;","jetpack_sharing_enabled":true,"jetpack_likes_enabled":true,"_links":{"self":[{"href":"https:\/\/blogopara.com.br\/index.php\/wp-json\/wp\/v2\/posts\/11737","targetHints":{"allow":["GET"]}}],"collection":[{"href":"https:\/\/blogopara.com.br\/index.php\/wp-json\/wp\/v2\/posts"}],"about":[{"href":"https:\/\/blogopara.com.br\/index.php\/wp-json\/wp\/v2\/types\/post"}],"author":[{"embeddable":true,"href":"https:\/\/blogopara.com.br\/index.php\/wp-json\/wp\/v2\/users\/1"}],"replies":[{"embeddable":true,"href":"https:\/\/blogopara.com.br\/index.php\/wp-json\/wp\/v2\/comments?post=11737"}],"version-history":[{"count":1,"href":"https:\/\/blogopara.com.br\/index.php\/wp-json\/wp\/v2\/posts\/11737\/revisions"}],"predecessor-version":[{"id":11739,"href":"https:\/\/blogopara.com.br\/index.php\/wp-json\/wp\/v2\/posts\/11737\/revisions\/11739"}],"wp:featuredmedia":[{"embeddable":true,"href":"https:\/\/blogopara.com.br\/index.php\/wp-json\/wp\/v2\/media\/11738"}],"wp:attachment":[{"href":"https:\/\/blogopara.com.br\/index.php\/wp-json\/wp\/v2\/media?parent=11737"}],"wp:term":[{"taxonomy":"category","embeddable":true,"href":"https:\/\/blogopara.com.br\/index.php\/wp-json\/wp\/v2\/categories?post=11737"},{"taxonomy":"post_tag","embeddable":true,"href":"https:\/\/blogopara.com.br\/index.php\/wp-json\/wp\/v2\/tags?post=11737"}],"curies":[{"name":"wp","href":"https:\/\/api.w.org\/{rel}","templated":true}]}}