{"id":11791,"date":"2020-06-17T14:00:46","date_gmt":"2020-06-17T17:00:46","guid":{"rendered":"http:\/\/blogopara.com.br\/?p=11791"},"modified":"2020-06-17T14:12:02","modified_gmt":"2020-06-17T17:12:02","slug":"mulher-denuncia-saude-em-curaca-secretaria-de-saude-contesta","status":"publish","type":"post","link":"https:\/\/blogopara.com.br\/index.php\/2020\/06\/17\/mulher-denuncia-saude-em-curaca-secretaria-de-saude-contesta","title":{"rendered":"Mulher denuncia sa\u00fade em Cura\u00e7\u00e1. Secretaria  de Sa\u00fade contesta"},"content":{"rendered":"<p style=\"text-align: justify;\">Nessa semana, a Dona Lucileide, residente na Fazenda Po\u00e7o da Caatingueira, Zona Rural de Cura\u00e7\u00e1-BA, nos enviou uma den\u00fancia grav\u00edssima a respeito de sua situa\u00e7\u00e3o. O caso \u00e9 que ela teve uma filha em Petrolina; no parto houve uma complica\u00e7\u00e3o e teve que colocar o intestino para fora, necessitando de usar bolsa de colostomia.<\/p>\n<p style=\"text-align: justify;\">Ela recentemente procurou a Secretaria Municipal de Sa\u00fade (SMS) para atendimento, no sentido de conseguir bolsas de colostomia, que s\u00e3o adequadas para o tratamento, uma vez que s\u00e3o est\u00e9reis. Por\u00e9m, atualmente tem coberto o intestino, de forma desesperada, com sacolas de p\u00e3o. Em v\u00eddeo, ela explica tudo a respeito da sua condi\u00e7\u00e3o, que \u00e9 de risco grav\u00edssimo, inclusive de infe\u00e7\u00e3o generalizada. &#8220;Por um tempo, eles me deram. Depois n\u00e3o mais e disseram para eu procurar minha fam\u00edlia. Mas eles n\u00e3o tem condi\u00e7\u00f5es; a\u00ed falo a vizinhos que at\u00e9 choram quando falo da minha situa\u00e7\u00e3o. Pe\u00e7o que, quem puder, me ajude com as bolsas de colostomia ou com a cirurgia&#8221;, disse Lucileide.<\/p>\n<div style=\"width: 640px;\" class=\"wp-video\"><!--[if lt IE 9]><script>document.createElement('video');<\/script><![endif]-->\n<video class=\"wp-video-shortcode\" id=\"video-11791-1\" width=\"640\" height=\"352\" preload=\"metadata\" controls=\"controls\"><source type=\"video\/mp4\" src=\"https:\/\/blogopara.com.br\/wp-content\/uploads\/2020\/06\/WhatsApp-Video-2020-06-16-at-14.26.46.mp4?_=1\" \/><a href=\"https:\/\/blogopara.com.br\/wp-content\/uploads\/2020\/06\/WhatsApp-Video-2020-06-16-at-14.26.46.mp4\">https:\/\/blogopara.com.br\/wp-content\/uploads\/2020\/06\/WhatsApp-Video-2020-06-16-at-14.26.46.mp4<\/a><\/video><\/div>\n<p style=\"text-align: justify;\">A SMS de Cura\u00e7\u00e1 foi procurada por nossa reda\u00e7\u00e3o, e a Secret\u00e1ria, a Bacharel em Direito, Naiara Lucas, nos deu os seguintes esclarecimentos :<\/p>\n<h5 style=\"text-align: justify;\">Nota<\/h5>\n<p style=\"text-align: justify;\">Em resposta a den\u00fancia ofertada atrav\u00e9s do blog sobre a poss\u00edvel falta de assist\u00eancia por parte da Secretaria Municipal de Sa\u00fade de Cura\u00e7\u00e1, esclarecemos que a paciente Lucineide Ara\u00fajo do Nascimento teve assist\u00eancia regular quando solicitou do \u00f3rg\u00e3o, quando a mesma foi beneficiada com medica\u00e7\u00e3o e bolsa de colostomia, durante os anos de 2018 e 2019. Tendo restado agendando retorno para a data 21\/01\/2020, mas n\u00e3o houve comparecimento da paciente a Secretaria, como mostra o cart\u00e3o em anexo.<\/p>\n<p style=\"text-align: justify;\">A Secretaria Municipal tem zelado pelo bem estar dos pacientes por entender que o direito a sa\u00fade \u00e9 um direito de todos, colocando-se sempre a disposi\u00e7\u00e3o para qualquer d\u00favidas.<img loading=\"lazy\" decoding=\"async\" class=\"alignnone size-medium wp-image-11792\" src=\"https:\/\/blogopara.com.br\/wp-content\/uploads\/2020\/06\/WhatsApp-Image-2020-06-17-at-12.12.40-169x300.jpeg\" alt=\"\" width=\"169\" height=\"300\" srcset=\"https:\/\/blogopara.com.br\/wp-content\/uploads\/2020\/06\/WhatsApp-Image-2020-06-17-at-12.12.40-169x300.jpeg 169w, https:\/\/blogopara.com.br\/wp-content\/uploads\/2020\/06\/WhatsApp-Image-2020-06-17-at-12.12.40-575x1024.jpeg 575w, https:\/\/blogopara.com.br\/wp-content\/uploads\/2020\/06\/WhatsApp-Image-2020-06-17-at-12.12.40.jpeg 719w\" sizes=\"auto, (max-width: 169px) 100vw, 169px\" \/> <img loading=\"lazy\" decoding=\"async\" class=\"alignnone size-medium wp-image-11793\" src=\"https:\/\/blogopara.com.br\/wp-content\/uploads\/2020\/06\/WhatsApp-Image-2020-06-17-at-12.09.23-146x300.jpeg\" alt=\"\" width=\"146\" height=\"300\" srcset=\"https:\/\/blogopara.com.br\/wp-content\/uploads\/2020\/06\/WhatsApp-Image-2020-06-17-at-12.09.23-146x300.jpeg 146w, https:\/\/blogopara.com.br\/wp-content\/uploads\/2020\/06\/WhatsApp-Image-2020-06-17-at-12.09.23-498x1024.jpeg 498w, https:\/\/blogopara.com.br\/wp-content\/uploads\/2020\/06\/WhatsApp-Image-2020-06-17-at-12.09.23.jpeg 502w\" sizes=\"auto, (max-width: 146px) 100vw, 146px\" \/><\/p>\n<p><img loading=\"lazy\" decoding=\"async\" class=\"alignnone size-medium wp-image-11793\" src=\"https:\/\/blogopara.com.br\/wp-content\/uploads\/2020\/06\/WhatsApp-Image-2020-06-17-at-12.09.23-146x300.jpeg\" alt=\"\" width=\"146\" height=\"300\" srcset=\"https:\/\/blogopara.com.br\/wp-content\/uploads\/2020\/06\/WhatsApp-Image-2020-06-17-at-12.09.23-146x300.jpeg 146w, https:\/\/blogopara.com.br\/wp-content\/uploads\/2020\/06\/WhatsApp-Image-2020-06-17-at-12.09.23-498x1024.jpeg 498w, https:\/\/blogopara.com.br\/wp-content\/uploads\/2020\/06\/WhatsApp-Image-2020-06-17-at-12.09.23.jpeg 502w\" sizes=\"auto, (max-width: 146px) 100vw, 146px\" \/><img loading=\"lazy\" decoding=\"async\" class=\"alignnone size-medium wp-image-11792\" src=\"https:\/\/blogopara.com.br\/wp-content\/uploads\/2020\/06\/WhatsApp-Image-2020-06-17-at-12.12.40-169x300.jpeg\" alt=\"\" width=\"169\" height=\"300\" srcset=\"https:\/\/blogopara.com.br\/wp-content\/uploads\/2020\/06\/WhatsApp-Image-2020-06-17-at-12.12.40-169x300.jpeg 169w, https:\/\/blogopara.com.br\/wp-content\/uploads\/2020\/06\/WhatsApp-Image-2020-06-17-at-12.12.40-575x1024.jpeg 575w, https:\/\/blogopara.com.br\/wp-content\/uploads\/2020\/06\/WhatsApp-Image-2020-06-17-at-12.12.40.jpeg 719w\" sizes=\"auto, (max-width: 169px) 100vw, 169px\" \/><img loading=\"lazy\" decoding=\"async\" class=\"alignnone size-medium wp-image-11802\" src=\"https:\/\/blogopara.com.br\/wp-content\/uploads\/2020\/06\/WhatsApp-Image-2020-06-17-at-12.09.23-1-146x300.jpeg\" alt=\"\" width=\"146\" height=\"300\" srcset=\"https:\/\/blogopara.com.br\/wp-content\/uploads\/2020\/06\/WhatsApp-Image-2020-06-17-at-12.09.23-1-146x300.jpeg 146w, https:\/\/blogopara.com.br\/wp-content\/uploads\/2020\/06\/WhatsApp-Image-2020-06-17-at-12.09.23-1-498x1024.jpeg 498w, https:\/\/blogopara.com.br\/wp-content\/uploads\/2020\/06\/WhatsApp-Image-2020-06-17-at-12.09.23-1.jpeg 502w\" sizes=\"auto, (max-width: 146px) 100vw, 146px\" \/><\/p>\n<p style=\"text-align: justify;\">Naiara Andrade Lucas<br \/>\nSecretaria Municipal de Sa\u00fade<\/p>\n","protected":false},"excerpt":{"rendered":"<p>Nessa semana, a Dona Lucileide, residente na Fazenda Po\u00e7o da Caatingueira, Zona Rural de Cura\u00e7\u00e1-BA, nos enviou uma den\u00fancia grav\u00edssima a respeito de sua situa\u00e7\u00e3o. O caso \u00e9 que ela teve uma filha em Petrolina; no parto houve uma complica\u00e7\u00e3o e teve que colocar o intestino para fora, necessitando de usar bolsa de colostomia. Ela [&hellip;]<\/p>\n","protected":false},"author":1,"featured_media":11795,"comment_status":"open","ping_status":"open","sticky":false,"template":"","format":"standard","meta":{"_uag_custom_page_level_css":"","_monsterinsights_skip_tracking":false,"_monsterinsights_sitenote_active":false,"_monsterinsights_sitenote_note":"","_monsterinsights_sitenote_category":0,"jetpack_post_was_ever_published":false,"_jetpack_newsletter_access":"","_jetpack_dont_email_post_to_subs":false,"_jetpack_newsletter_tier_id":0,"_jetpack_memberships_contains_paywalled_content":false,"_jetpack_memberships_contains_paid_content":false,"footnotes":"","jetpack_publicize_message":"","jetpack_publicize_feature_enabled":true,"jetpack_social_post_already_shared":true,"jetpack_social_options":{"image_generator_settings":{"template":"highway","default_image_id":0,"font":"","enabled":false},"version":2}},"categories":[199,205],"tags":[],"class_list":["post-11791","post","type-post","status-publish","format-standard","has-post-thumbnail","hentry","category-bahia","category-saude"],"jetpack_publicize_connections":[],"jetpack_featured_media_url":"https:\/\/blogopara.com.br\/wp-content\/uploads\/2020\/06\/Anota\u00e7\u00e3o-2020-06-17-135936.png","uagb_featured_image_src":{"full":["https:\/\/blogopara.com.br\/wp-content\/uploads\/2020\/06\/Anota\u00e7\u00e3o-2020-06-17-135936.png",500,766,false],"thumbnail":["https:\/\/blogopara.com.br\/wp-content\/uploads\/2020\/06\/Anota\u00e7\u00e3o-2020-06-17-135936-150x150.png",150,150,true],"medium":["https:\/\/blogopara.com.br\/wp-content\/uploads\/2020\/06\/Anota\u00e7\u00e3o-2020-06-17-135936-196x300.png",196,300,true],"medium_large":["https:\/\/blogopara.com.br\/wp-content\/uploads\/2020\/06\/Anota\u00e7\u00e3o-2020-06-17-135936.png",500,766,false],"large":["https:\/\/blogopara.com.br\/wp-content\/uploads\/2020\/06\/Anota\u00e7\u00e3o-2020-06-17-135936.png",500,766,false],"1536x1536":["https:\/\/blogopara.com.br\/wp-content\/uploads\/2020\/06\/Anota\u00e7\u00e3o-2020-06-17-135936.png",500,766,false],"2048x2048":["https:\/\/blogopara.com.br\/wp-content\/uploads\/2020\/06\/Anota\u00e7\u00e3o-2020-06-17-135936.png",500,766,false],"mantranews-slider-large":["https:\/\/blogopara.com.br\/wp-content\/uploads\/2020\/06\/Anota\u00e7\u00e3o-2020-06-17-135936-500x741.png",500,741,true],"mantranews-featured-medium":["https:\/\/blogopara.com.br\/wp-content\/uploads\/2020\/06\/Anota\u00e7\u00e3o-2020-06-17-135936-420x307.png",420,307,true],"mantranews-featured-long":["https:\/\/blogopara.com.br\/wp-content\/uploads\/2020\/06\/Anota\u00e7\u00e3o-2020-06-17-135936-300x443.png",300,443,true],"mantranews-block-medium":["https:\/\/blogopara.com.br\/wp-content\/uploads\/2020\/06\/Anota\u00e7\u00e3o-2020-06-17-135936-464x290.png",464,290,true],"mantranews-carousel-image":["https:\/\/blogopara.com.br\/wp-content\/uploads\/2020\/06\/Anota\u00e7\u00e3o-2020-06-17-135936-500x500.png",500,500,true],"mantranews-block-thumb":["https:\/\/blogopara.com.br\/wp-content\/uploads\/2020\/06\/Anota\u00e7\u00e3o-2020-06-17-135936-500x500.png",230,230,true],"mantranews-single-large":["https:\/\/blogopara.com.br\/wp-content\/uploads\/2020\/06\/Anota\u00e7\u00e3o-2020-06-17-135936-500x642.png",500,642,true]},"uagb_author_info":{"display_name":"Reda\u00e7\u00e3o geral","author_link":"https:\/\/blogopara.com.br\/index.php\/author\/blogopara"},"uagb_comment_info":0,"uagb_excerpt":"Nessa semana, a Dona Lucileide, residente na Fazenda Po\u00e7o da Caatingueira, Zona Rural de Cura\u00e7\u00e1-BA, nos enviou uma den\u00fancia grav\u00edssima a respeito de sua situa\u00e7\u00e3o. O caso \u00e9 que ela teve uma filha em Petrolina; no parto houve uma complica\u00e7\u00e3o e teve que colocar o intestino para fora, necessitando de usar bolsa de colostomia. Ela&hellip;","jetpack_sharing_enabled":true,"jetpack_likes_enabled":true,"_links":{"self":[{"href":"https:\/\/blogopara.com.br\/index.php\/wp-json\/wp\/v2\/posts\/11791","targetHints":{"allow":["GET"]}}],"collection":[{"href":"https:\/\/blogopara.com.br\/index.php\/wp-json\/wp\/v2\/posts"}],"about":[{"href":"https:\/\/blogopara.com.br\/index.php\/wp-json\/wp\/v2\/types\/post"}],"author":[{"embeddable":true,"href":"https:\/\/blogopara.com.br\/index.php\/wp-json\/wp\/v2\/users\/1"}],"replies":[{"embeddable":true,"href":"https:\/\/blogopara.com.br\/index.php\/wp-json\/wp\/v2\/comments?post=11791"}],"version-history":[{"count":7,"href":"https:\/\/blogopara.com.br\/index.php\/wp-json\/wp\/v2\/posts\/11791\/revisions"}],"predecessor-version":[{"id":11803,"href":"https:\/\/blogopara.com.br\/index.php\/wp-json\/wp\/v2\/posts\/11791\/revisions\/11803"}],"wp:featuredmedia":[{"embeddable":true,"href":"https:\/\/blogopara.com.br\/index.php\/wp-json\/wp\/v2\/media\/11795"}],"wp:attachment":[{"href":"https:\/\/blogopara.com.br\/index.php\/wp-json\/wp\/v2\/media?parent=11791"}],"wp:term":[{"taxonomy":"category","embeddable":true,"href":"https:\/\/blogopara.com.br\/index.php\/wp-json\/wp\/v2\/categories?post=11791"},{"taxonomy":"post_tag","embeddable":true,"href":"https:\/\/blogopara.com.br\/index.php\/wp-json\/wp\/v2\/tags?post=11791"}],"curies":[{"name":"wp","href":"https:\/\/api.w.org\/{rel}","templated":true}]}}