{"id":11811,"date":"2020-06-18T08:52:00","date_gmt":"2020-06-18T11:52:00","guid":{"rendered":"http:\/\/blogopara.com.br\/?p=11811"},"modified":"2020-06-17T14:55:50","modified_gmt":"2020-06-17T17:55:50","slug":"juazeiro-jovem-positivado-com-coronavirus-denuncia-negligencia-da-secretaria-de-saude-e-dispara-eles-nao-tem-o-controle","status":"publish","type":"post","link":"https:\/\/blogopara.com.br\/index.php\/2020\/06\/18\/juazeiro-jovem-positivado-com-coronavirus-denuncia-negligencia-da-secretaria-de-saude-e-dispara-eles-nao-tem-o-controle","title":{"rendered":"Juazeiro: Jovem positivado com coronav\u00edrus denuncia neglig\u00eancia da Secretaria de Sa\u00fade e dispara: \u201cEles n\u00e3o t\u00eam o controle\u201d"},"content":{"rendered":"<p style=\"text-align: justify;\">Um jovem\u00a0 de Juazeiro (BA) denuncia a subnotifica\u00e7\u00e3o dos casos de coronav\u00edrus registrados no munic\u00edpio.\u00a0 O microempreendedor\u00a0 Wesley da Silva Costa, 26 anos, testou positivo para a doen\u00e7a no \u00faltimo dia (31\/05) por meio de um teste de farm\u00e1cia. Ele havia sentido alguns sintomas da doen\u00e7a\u00a0 25 dias antes de fazer o procedimento e diz que o tio de sua namorada, que \u00e9 propriet\u00e1rio de uma farm\u00e1cia na cidade, ofereceu o teste de forma despretensiosa.<\/p>\n<p style=\"text-align: justify;\">Ap\u00f3s o resultado positivo, Wesley conta que o estabelecimento fez a notifica\u00e7\u00e3o junto a Secretaria de Sa\u00fade, e que no dia seguinte (1\u00ba\u00a0 de Junho) a Sesau entrou em contato.\u00a0 O microempreendedor diz que a equipe de sa\u00fade prescreveu uma receita,\u00a0 recomendou o isolamento domiciliar por sete dias e orientou que ap\u00f3s este per\u00edodo ele fosse at\u00e9 a Unidade B\u00e1sica de Sa\u00fade (UBS), para dar continuidade ao procedimento.<\/p>\n<p style=\"text-align: justify;\">Wesley afirma que na data certa se deslocou at\u00e9 a UBS\u00a0 do Alto da Alian\u00e7a e que l\u00e1 o m\u00e9dico disse que n\u00e3o sabia o que fazer. O microempreendedor chegou a fazer liga\u00e7\u00f5es para a Sesau\u00a0 para saber sobre os pr\u00f3ximos passos, entretanto lamenta n\u00e3o ter conseguido respostas.<\/p>\n<p style=\"text-align: justify;\">O jovem diz que at\u00e9 este domingo (14), ningu\u00e9m da Secretaria de Sa\u00fade\u00a0 entrou em contato. Ele den\u00fancia a situa\u00e7\u00e3o e aproveita para chamar aten\u00e7\u00e3o sobre a atualiza\u00e7\u00e3o dos n\u00fameros feito pela Sesau a respeito da quantidade de pessoas infectadas pela Covid-19 nos bairros de Juazeiro (BA).\u00a0 Wesley afirma que na recente atualiza\u00e7\u00e3o n\u00e3o aparece os novos\u00a0 pacientes infectados pela doen\u00e7a. Ele salienta que essa informa\u00e7\u00e3o \u00e9 baseada no seu pr\u00f3prio diagn\u00f3stico e de sua\u00a0 fam\u00edlia, que tamb\u00e9m\u00a0 contraiu o v\u00edrus, mas nenhum dos casos constam no boletim epidemiol\u00f3gico.<\/p>\n<p style=\"text-align: justify;\">\u201cEles n\u00e3o t\u00eam o controle nenhum do tanto de casos que est\u00e3o acontecendo em Juazeiro. Tem muito caso escondido a\u00ed. N\u00e3o \u00e9 s\u00f3 esse pouquinho que aparece n\u00e3o\u201d, disparou.<\/p>\n<p style=\"text-align: justify;\">Wesley compara Juazeiro com o munic\u00edpio vizinho e faz suas considera\u00e7\u00f5es sobre a efici\u00eancia da cidade pernambucana . \u201cPetrolina est\u00e1 de parab\u00e9ns! Uma prima minha ligou para a Secretaria de Sa\u00fade e em dois dias a equipe foi l\u00e1 e fez o teste nela e nos filhos\u201d, finalizou.<\/p>\n<pre>Fonte: Edenevaldo Alves<\/pre>\n<p style=\"text-align: justify;\">\n","protected":false},"excerpt":{"rendered":"<p>Um jovem\u00a0 de Juazeiro (BA) denuncia a subnotifica\u00e7\u00e3o dos casos de coronav\u00edrus registrados no munic\u00edpio.\u00a0 O microempreendedor\u00a0 Wesley da Silva Costa, 26 anos, testou positivo para a doen\u00e7a no \u00faltimo dia (31\/05) por meio de um teste de farm\u00e1cia. Ele havia sentido alguns sintomas da doen\u00e7a\u00a0 25 dias antes de fazer o procedimento e diz [&hellip;]<\/p>\n","protected":false},"author":1,"featured_media":11812,"comment_status":"open","ping_status":"open","sticky":false,"template":"","format":"standard","meta":{"_uag_custom_page_level_css":"","_monsterinsights_skip_tracking":false,"_monsterinsights_sitenote_active":false,"_monsterinsights_sitenote_note":"","_monsterinsights_sitenote_category":0,"jetpack_post_was_ever_published":false,"_jetpack_newsletter_access":"","_jetpack_dont_email_post_to_subs":false,"_jetpack_newsletter_tier_id":0,"_jetpack_memberships_contains_paywalled_content":false,"_jetpack_memberships_contains_paid_content":false,"footnotes":"","jetpack_publicize_message":"","jetpack_publicize_feature_enabled":true,"jetpack_social_post_already_shared":true,"jetpack_social_options":{"image_generator_settings":{"template":"highway","default_image_id":0,"font":"","enabled":false},"version":2}},"categories":[203,205],"tags":[],"class_list":["post-11811","post","type-post","status-publish","format-standard","has-post-thumbnail","hentry","category-juazeiro","category-saude"],"jetpack_publicize_connections":[],"jetpack_featured_media_url":"https:\/\/blogopara.com.br\/wp-content\/uploads\/2020\/06\/sesau.jpg","uagb_featured_image_src":{"full":["https:\/\/blogopara.com.br\/wp-content\/uploads\/2020\/06\/sesau.jpg",500,344,false],"thumbnail":["https:\/\/blogopara.com.br\/wp-content\/uploads\/2020\/06\/sesau-150x150.jpg",150,150,true],"medium":["https:\/\/blogopara.com.br\/wp-content\/uploads\/2020\/06\/sesau-300x206.jpg",300,206,true],"medium_large":["https:\/\/blogopara.com.br\/wp-content\/uploads\/2020\/06\/sesau.jpg",500,344,false],"large":["https:\/\/blogopara.com.br\/wp-content\/uploads\/2020\/06\/sesau.jpg",500,344,false],"1536x1536":["https:\/\/blogopara.com.br\/wp-content\/uploads\/2020\/06\/sesau.jpg",500,344,false],"2048x2048":["https:\/\/blogopara.com.br\/wp-content\/uploads\/2020\/06\/sesau.jpg",500,344,false],"mantranews-slider-large":["https:\/\/blogopara.com.br\/wp-content\/uploads\/2020\/06\/sesau.jpg",500,344,false],"mantranews-featured-medium":["https:\/\/blogopara.com.br\/wp-content\/uploads\/2020\/06\/sesau-420x307.jpg",420,307,true],"mantranews-featured-long":["https:\/\/blogopara.com.br\/wp-content\/uploads\/2020\/06\/sesau-300x344.jpg",300,344,true],"mantranews-block-medium":["https:\/\/blogopara.com.br\/wp-content\/uploads\/2020\/06\/sesau-464x290.jpg",464,290,true],"mantranews-carousel-image":["https:\/\/blogopara.com.br\/wp-content\/uploads\/2020\/06\/sesau.jpg",500,344,false],"mantranews-block-thumb":["https:\/\/blogopara.com.br\/wp-content\/uploads\/2020\/06\/sesau.jpg",322,222,false],"mantranews-single-large":["https:\/\/blogopara.com.br\/wp-content\/uploads\/2020\/06\/sesau.jpg",500,344,false]},"uagb_author_info":{"display_name":"Reda\u00e7\u00e3o geral","author_link":"https:\/\/blogopara.com.br\/index.php\/author\/blogopara"},"uagb_comment_info":2,"uagb_excerpt":"Um jovem\u00a0 de Juazeiro (BA) denuncia a subnotifica\u00e7\u00e3o dos casos de coronav\u00edrus registrados no munic\u00edpio.\u00a0 O microempreendedor\u00a0 Wesley da Silva Costa, 26 anos, testou positivo para a doen\u00e7a no \u00faltimo dia (31\/05) por meio de um teste de farm\u00e1cia. Ele havia sentido alguns sintomas da doen\u00e7a\u00a0 25 dias antes de fazer o procedimento e diz&hellip;","jetpack_sharing_enabled":true,"jetpack_likes_enabled":true,"_links":{"self":[{"href":"https:\/\/blogopara.com.br\/index.php\/wp-json\/wp\/v2\/posts\/11811","targetHints":{"allow":["GET"]}}],"collection":[{"href":"https:\/\/blogopara.com.br\/index.php\/wp-json\/wp\/v2\/posts"}],"about":[{"href":"https:\/\/blogopara.com.br\/index.php\/wp-json\/wp\/v2\/types\/post"}],"author":[{"embeddable":true,"href":"https:\/\/blogopara.com.br\/index.php\/wp-json\/wp\/v2\/users\/1"}],"replies":[{"embeddable":true,"href":"https:\/\/blogopara.com.br\/index.php\/wp-json\/wp\/v2\/comments?post=11811"}],"version-history":[{"count":1,"href":"https:\/\/blogopara.com.br\/index.php\/wp-json\/wp\/v2\/posts\/11811\/revisions"}],"predecessor-version":[{"id":11813,"href":"https:\/\/blogopara.com.br\/index.php\/wp-json\/wp\/v2\/posts\/11811\/revisions\/11813"}],"wp:featuredmedia":[{"embeddable":true,"href":"https:\/\/blogopara.com.br\/index.php\/wp-json\/wp\/v2\/media\/11812"}],"wp:attachment":[{"href":"https:\/\/blogopara.com.br\/index.php\/wp-json\/wp\/v2\/media?parent=11811"}],"wp:term":[{"taxonomy":"category","embeddable":true,"href":"https:\/\/blogopara.com.br\/index.php\/wp-json\/wp\/v2\/categories?post=11811"},{"taxonomy":"post_tag","embeddable":true,"href":"https:\/\/blogopara.com.br\/index.php\/wp-json\/wp\/v2\/tags?post=11811"}],"curies":[{"name":"wp","href":"https:\/\/api.w.org\/{rel}","templated":true}]}}