{"id":11824,"date":"2020-06-21T09:26:00","date_gmt":"2020-06-21T12:26:00","guid":{"rendered":"http:\/\/blogopara.com.br\/?p=11824"},"modified":"2020-06-21T09:28:52","modified_gmt":"2020-06-21T12:28:52","slug":"em-meio-a-rotina-de-aulas-remotas-professores-relatam-ansiedade-e-sobrecarga-de-trabalho","status":"publish","type":"post","link":"https:\/\/blogopara.com.br\/index.php\/2020\/06\/21\/em-meio-a-rotina-de-aulas-remotas-professores-relatam-ansiedade-e-sobrecarga-de-trabalho","title":{"rendered":"Em meio \u00e0 rotina de aulas remotas, professores relatam ansiedade e sobrecarga de trabalho"},"content":{"rendered":"<p class=\"\" style=\"text-align: justify;\">Em meio a uma&nbsp;<a href=\"https:\/\/brasil.elpais.com\/internacional\/2020-03-25\/coronavirus-confina-um-terco-da-humanidade.html\" target=\"_blank\" rel=\"noopener noreferrer\" data-link-track-dtm=\"\">pandemia que confinou um ter\u00e7o da humanidade&nbsp;<\/a>em casa e criou&nbsp;<a href=\"https:\/\/brasil.elpais.com\/brasil\/2020-03-23\/saudade-dos-abracos-e-sem-visitas-da-familia-a-rotina-dos-idosos-sob-blindagem-nas-casas-de-repouso.html\" target=\"_blank\" rel=\"noopener noreferrer\" data-link-track-dtm=\"\">novas din\u00e2micas de rela\u00e7\u00f5es afetivas<\/a>&nbsp;e profissionais virtuais, \u00e0 dist\u00e2ncia, o of\u00edcio dos professores e educadores foi um dos que sofreu mudan\u00e7as mais profundas. Tendo como instrumentos essenciais de seu trabalho o pr\u00f3prio corpo e a pr\u00f3pria voz, eles agora t\u00eam como ferramentas imprescind\u00edveis os celulares, computadores e redes sociais. Em meio \u00e0 adapta\u00e7\u00e3o a essa nova forma de trabalho, eles enfrentam maiores responsabilidades e cobran\u00e7as em suas tarefas.<\/p>\n<p class=\"\" style=\"text-align: justify;\">Uma&nbsp;<a href=\"https:\/\/www.institutopeninsula.org.br\/wp-content\/uploads\/2020\/03\/Pulso-Covid-19_-Instituto-Peni%CC%81nsula.pdf\" target=\"_blank\" rel=\"noopener noreferrer\" data-link-track-dtm=\"\">pesquisa realizada pelo Instituto Pen\u00ednsula<\/a>&nbsp;com 2.400 professores da educa\u00e7\u00e3o b\u00e1sica de todo o Brasil, das redes privada e p\u00fablica, desde a educa\u00e7\u00e3o infantil at\u00e9 o ensino m\u00e9dio, incluindo diferentes modalidades como a EJA (Educa\u00e7\u00e3o de Jovens e Adultos) mostrou que, desde o in\u00edcio da&nbsp;<a href=\"https:\/\/brasil.elpais.com\/noticias\/pandemia\/\" target=\"_blank\" rel=\"noopener noreferrer\" data-link-track-dtm=\"\">pandemia<\/a>, esses profissionais relatam ansiedade perante as aulas remotas e sobrecarga de trabalho. \u201cEles tiveram que transformar toda a sua rotina, em jornadas duplas ou at\u00e9 triplas, se somarmos os trabalhos dom\u00e9sticos e a educa\u00e7\u00e3o em casa dos pr\u00f3prios filhos\u201d, explica Helo\u00edsa Morel, diretora do Instituto Pen\u00ednsula.<\/p>\n<p class=\"\" style=\"text-align: justify;\">\u201cAcabamos dando aula para as crian\u00e7as, para os pais e para os coordenadores pedag\u00f3gicos, somos a ponte entre todo o sistema escolar\u201d, relata Mari Souza, professora do ensino b\u00e1sico em uma escola particular de Salvador. Em 21 anos de carreira na<a href=\"https:\/\/brasil.elpais.com\/noticias\/educacion\/\" target=\"_blank\" rel=\"noopener noreferrer\" data-link-track-dtm=\"\">&nbsp;educa\u00e7\u00e3o<\/a>, esta \u00e9 a primeira vez que ela perdeu o contato direto com seus alunos. Al\u00e9m da&nbsp;<a href=\"https:\/\/brasil.elpais.com\/sociedade\/2020-05-08\/franca-comeca-a-sair-do-confinamento-com-abertura-de-escolas-e-circulacao-reduzida.html\" target=\"_blank\" rel=\"noopener noreferrer\" data-link-track-dtm=\"\">saudade das crian\u00e7as<\/a>, Mari lamenta os problemas t\u00e9cnicos que as aulas remotas acarretam. \u201cOutro dia mesmo tinha uma aula por Skype, mas perdi a conex\u00e3o. Agora, gasto mais tempo para preparar as aulas, porque o que antes era passado presencialmente, de modo mais f\u00e1cil, tem que ser preparado em powerpoint, em outras linguagens<\/p>\n<pre>Fonte: El Pa\u00eds<\/pre>\n","protected":false},"excerpt":{"rendered":"<p>Com jornadas duplas e at\u00e9 triplas, educadores das redes p\u00fablica e privada enfrentam desafios t\u00e9cnicos e emocionais para cumprir seu of\u00edcio em tempos de pandemia<\/p>\n","protected":false},"author":1,"featured_media":11825,"comment_status":"open","ping_status":"open","sticky":false,"template":"","format":"standard","meta":{"_uag_custom_page_level_css":"","_monsterinsights_skip_tracking":false,"_monsterinsights_sitenote_active":false,"_monsterinsights_sitenote_note":"","_monsterinsights_sitenote_category":0,"jetpack_post_was_ever_published":false,"_jetpack_newsletter_access":"","_jetpack_dont_email_post_to_subs":false,"_jetpack_newsletter_tier_id":0,"_jetpack_memberships_contains_paywalled_content":false,"_jetpack_memberships_contains_paid_content":false,"footnotes":"","jetpack_publicize_message":"","jetpack_publicize_feature_enabled":true,"jetpack_social_post_already_shared":true,"jetpack_social_options":{"image_generator_settings":{"template":"highway","default_image_id":0,"font":"","enabled":false},"version":2}},"categories":[200,209],"tags":[],"class_list":["post-11824","post","type-post","status-publish","format-standard","has-post-thumbnail","hentry","category-brasil","category-educacao"],"jetpack_publicize_connections":[],"jetpack_featured_media_url":"https:\/\/blogopara.com.br\/wp-content\/uploads\/2020\/06\/jjjj.jpg","uagb_featured_image_src":{"full":["https:\/\/blogopara.com.br\/wp-content\/uploads\/2020\/06\/jjjj.jpg",500,310,false],"thumbnail":["https:\/\/blogopara.com.br\/wp-content\/uploads\/2020\/06\/jjjj-150x150.jpg",150,150,true],"medium":["https:\/\/blogopara.com.br\/wp-content\/uploads\/2020\/06\/jjjj-300x186.jpg",300,186,true],"medium_large":["https:\/\/blogopara.com.br\/wp-content\/uploads\/2020\/06\/jjjj.jpg",500,310,false],"large":["https:\/\/blogopara.com.br\/wp-content\/uploads\/2020\/06\/jjjj.jpg",500,310,false],"1536x1536":["https:\/\/blogopara.com.br\/wp-content\/uploads\/2020\/06\/jjjj.jpg",500,310,false],"2048x2048":["https:\/\/blogopara.com.br\/wp-content\/uploads\/2020\/06\/jjjj.jpg",500,310,false],"mantranews-slider-large":["https:\/\/blogopara.com.br\/wp-content\/uploads\/2020\/06\/jjjj.jpg",500,310,false],"mantranews-featured-medium":["https:\/\/blogopara.com.br\/wp-content\/uploads\/2020\/06\/jjjj-420x307.jpg",420,307,true],"mantranews-featured-long":["https:\/\/blogopara.com.br\/wp-content\/uploads\/2020\/06\/jjjj-300x310.jpg",300,310,true],"mantranews-block-medium":["https:\/\/blogopara.com.br\/wp-content\/uploads\/2020\/06\/jjjj-464x290.jpg",464,290,true],"mantranews-carousel-image":["https:\/\/blogopara.com.br\/wp-content\/uploads\/2020\/06\/jjjj.jpg",500,310,false],"mantranews-block-thumb":["https:\/\/blogopara.com.br\/wp-content\/uploads\/2020\/06\/jjjj.jpg",322,200,false],"mantranews-single-large":["https:\/\/blogopara.com.br\/wp-content\/uploads\/2020\/06\/jjjj.jpg",500,310,false]},"uagb_author_info":{"display_name":"Reda\u00e7\u00e3o geral","author_link":"https:\/\/blogopara.com.br\/index.php\/author\/blogopara"},"uagb_comment_info":0,"uagb_excerpt":"Com jornadas duplas e at\u00e9 triplas, educadores das redes p\u00fablica e privada enfrentam desafios t\u00e9cnicos e emocionais para cumprir seu of\u00edcio em tempos de pandemia","jetpack_sharing_enabled":true,"jetpack_likes_enabled":true,"_links":{"self":[{"href":"https:\/\/blogopara.com.br\/index.php\/wp-json\/wp\/v2\/posts\/11824","targetHints":{"allow":["GET"]}}],"collection":[{"href":"https:\/\/blogopara.com.br\/index.php\/wp-json\/wp\/v2\/posts"}],"about":[{"href":"https:\/\/blogopara.com.br\/index.php\/wp-json\/wp\/v2\/types\/post"}],"author":[{"embeddable":true,"href":"https:\/\/blogopara.com.br\/index.php\/wp-json\/wp\/v2\/users\/1"}],"replies":[{"embeddable":true,"href":"https:\/\/blogopara.com.br\/index.php\/wp-json\/wp\/v2\/comments?post=11824"}],"version-history":[{"count":2,"href":"https:\/\/blogopara.com.br\/index.php\/wp-json\/wp\/v2\/posts\/11824\/revisions"}],"predecessor-version":[{"id":11929,"href":"https:\/\/blogopara.com.br\/index.php\/wp-json\/wp\/v2\/posts\/11824\/revisions\/11929"}],"wp:featuredmedia":[{"embeddable":true,"href":"https:\/\/blogopara.com.br\/index.php\/wp-json\/wp\/v2\/media\/11825"}],"wp:attachment":[{"href":"https:\/\/blogopara.com.br\/index.php\/wp-json\/wp\/v2\/media?parent=11824"}],"wp:term":[{"taxonomy":"category","embeddable":true,"href":"https:\/\/blogopara.com.br\/index.php\/wp-json\/wp\/v2\/categories?post=11824"},{"taxonomy":"post_tag","embeddable":true,"href":"https:\/\/blogopara.com.br\/index.php\/wp-json\/wp\/v2\/tags?post=11824"}],"curies":[{"name":"wp","href":"https:\/\/api.w.org\/{rel}","templated":true}]}}