{"id":11861,"date":"2020-06-19T07:40:00","date_gmt":"2020-06-19T10:40:00","guid":{"rendered":"http:\/\/blogopara.com.br\/?p=11861"},"modified":"2020-06-18T22:43:16","modified_gmt":"2020-06-19T01:43:16","slug":"escolha-de-leo-santana-como-representante-da-bahia-no-sao-joao-da-globo-gera-polemica","status":"publish","type":"post","link":"https:\/\/blogopara.com.br\/index.php\/2020\/06\/19\/escolha-de-leo-santana-como-representante-da-bahia-no-sao-joao-da-globo-gera-polemica","title":{"rendered":"Escolha de L\u00e9o Santana como representante da Bahia no S\u00e3o Jo\u00e3o da Globo gera pol\u00eamica"},"content":{"rendered":"<p style=\"text-align: justify;\">Na noite desta quarta-feira, 17, o cantor e l\u00edder da banda Estakazero, L\u00e9o, postou um v\u00eddeo nas redes sociais se posicionando sobre a escolha de L\u00e9o Santana, como representante da Bahia numa live especial de S\u00e3o Jo\u00e3o da Rede Globo. Cada estado ter\u00e1 um artista escolhido.<\/p>\n<p style=\"text-align: justify;\">Insatisfeito com a escolha de um artista do pagode, L\u00e9o destacou a trajet\u00f3ria de luta das bandas e dos artistas de forr\u00f3 na Bahia, chegando a citar Targino Gondim e Adelm\u00e1rio Coelho como grandes exemplos:<\/p>\n<p style=\"text-align: justify;\">\u201cTemos aqui na Bahia, um cen\u00e1rio muito forte do forr\u00f3, artistas com carreira consolidada, que mant\u00e9m uma luta de muitos anos para manter as ra\u00edzes e divulgar essa cultura para fora do estado e esses artistas est\u00e3o muito sentidos. Eu olhei para os meus 25 anos de carreira, 25 anos de estrada, de S\u00e3o Jo\u00e3o, tudo aquilo que batalhei e me senti na obriga\u00e7\u00e3o de vir aqui e falar pra voc\u00eas sobre isso\u201d desabafou.<\/p>\n<p style=\"text-align: justify;\">Al\u00e9m do pagodeiro, a Globo divulgou as outras atra\u00e7\u00f5es que ir\u00e3o se apresentar representando seus estados, veja abaixo:<\/p>\n<p style=\"text-align: justify;\">Pernambuco &#8211; Ful\u00f4 de Mandacaru<br \/>\nCear\u00e1 &#8211; Solange Almeida<br \/>\nSergipe &#8211; Calcinha Preta<br \/>\nRio Grande do Norte &#8211; Cavaleiros do Forr\u00f3<br \/>\nPiau\u00ed &#8211; Anderson Rodrigues<br \/>\nAlagoas &#8211; Mano Walter<br \/>\nPara\u00edba &#8211; Amazan<br \/>\nMaranh\u00e3o &#8211; Fl\u00e1via Bitencourt<\/p>\n","protected":false},"excerpt":{"rendered":"<p>Na noite desta quarta-feira, 17, o cantor e l\u00edder da banda Estakazero, L\u00e9o, postou um v\u00eddeo nas redes sociais se posicionando sobre a escolha de L\u00e9o Santana, como representante da Bahia numa live especial de S\u00e3o Jo\u00e3o da Rede Globo. Cada estado ter\u00e1 um artista escolhido. Insatisfeito com a escolha de um artista do pagode, [&hellip;]<\/p>\n","protected":false},"author":1,"featured_media":11862,"comment_status":"open","ping_status":"open","sticky":false,"template":"","format":"standard","meta":{"_uag_custom_page_level_css":"","_monsterinsights_skip_tracking":false,"_monsterinsights_sitenote_active":false,"_monsterinsights_sitenote_note":"","_monsterinsights_sitenote_category":0,"jetpack_post_was_ever_published":false,"_jetpack_newsletter_access":"","_jetpack_dont_email_post_to_subs":false,"_jetpack_newsletter_tier_id":0,"_jetpack_memberships_contains_paywalled_content":false,"_jetpack_memberships_contains_paid_content":false,"footnotes":"","jetpack_publicize_message":"","jetpack_publicize_feature_enabled":true,"jetpack_social_post_already_shared":true,"jetpack_social_options":{"image_generator_settings":{"template":"highway","default_image_id":0,"font":"","enabled":false},"version":2}},"categories":[199],"tags":[],"class_list":["post-11861","post","type-post","status-publish","format-standard","has-post-thumbnail","hentry","category-bahia"],"jetpack_publicize_connections":[],"jetpack_featured_media_url":"https:\/\/blogopara.com.br\/wp-content\/uploads\/2020\/06\/55906F39-2279-40BD-86ED-D16475DD4053.jpeg","uagb_featured_image_src":{"full":["https:\/\/blogopara.com.br\/wp-content\/uploads\/2020\/06\/55906F39-2279-40BD-86ED-D16475DD4053.jpeg",500,500,false],"thumbnail":["https:\/\/blogopara.com.br\/wp-content\/uploads\/2020\/06\/55906F39-2279-40BD-86ED-D16475DD4053-150x150.jpeg",150,150,true],"medium":["https:\/\/blogopara.com.br\/wp-content\/uploads\/2020\/06\/55906F39-2279-40BD-86ED-D16475DD4053-300x300.jpeg",300,300,true],"medium_large":["https:\/\/blogopara.com.br\/wp-content\/uploads\/2020\/06\/55906F39-2279-40BD-86ED-D16475DD4053.jpeg",500,500,false],"large":["https:\/\/blogopara.com.br\/wp-content\/uploads\/2020\/06\/55906F39-2279-40BD-86ED-D16475DD4053.jpeg",500,500,false],"1536x1536":["https:\/\/blogopara.com.br\/wp-content\/uploads\/2020\/06\/55906F39-2279-40BD-86ED-D16475DD4053.jpeg",500,500,false],"2048x2048":["https:\/\/blogopara.com.br\/wp-content\/uploads\/2020\/06\/55906F39-2279-40BD-86ED-D16475DD4053.jpeg",500,500,false],"mantranews-slider-large":["https:\/\/blogopara.com.br\/wp-content\/uploads\/2020\/06\/55906F39-2279-40BD-86ED-D16475DD4053.jpeg",500,500,false],"mantranews-featured-medium":["https:\/\/blogopara.com.br\/wp-content\/uploads\/2020\/06\/55906F39-2279-40BD-86ED-D16475DD4053-420x307.jpeg",420,307,true],"mantranews-featured-long":["https:\/\/blogopara.com.br\/wp-content\/uploads\/2020\/06\/55906F39-2279-40BD-86ED-D16475DD4053-300x443.jpeg",300,443,true],"mantranews-block-medium":["https:\/\/blogopara.com.br\/wp-content\/uploads\/2020\/06\/55906F39-2279-40BD-86ED-D16475DD4053-464x290.jpeg",464,290,true],"mantranews-carousel-image":["https:\/\/blogopara.com.br\/wp-content\/uploads\/2020\/06\/55906F39-2279-40BD-86ED-D16475DD4053.jpeg",500,500,false],"mantranews-block-thumb":["https:\/\/blogopara.com.br\/wp-content\/uploads\/2020\/06\/55906F39-2279-40BD-86ED-D16475DD4053-500x500.jpeg",230,230,true],"mantranews-single-large":["https:\/\/blogopara.com.br\/wp-content\/uploads\/2020\/06\/55906F39-2279-40BD-86ED-D16475DD4053.jpeg",500,500,false]},"uagb_author_info":{"display_name":"Reda\u00e7\u00e3o geral","author_link":"https:\/\/blogopara.com.br\/index.php\/author\/blogopara"},"uagb_comment_info":0,"uagb_excerpt":"Na noite desta quarta-feira, 17, o cantor e l\u00edder da banda Estakazero, L\u00e9o, postou um v\u00eddeo nas redes sociais se posicionando sobre a escolha de L\u00e9o Santana, como representante da Bahia numa live especial de S\u00e3o Jo\u00e3o da Rede Globo. Cada estado ter\u00e1 um artista escolhido. Insatisfeito com a escolha de um artista do pagode,&hellip;","jetpack_sharing_enabled":true,"jetpack_likes_enabled":true,"_links":{"self":[{"href":"https:\/\/blogopara.com.br\/index.php\/wp-json\/wp\/v2\/posts\/11861","targetHints":{"allow":["GET"]}}],"collection":[{"href":"https:\/\/blogopara.com.br\/index.php\/wp-json\/wp\/v2\/posts"}],"about":[{"href":"https:\/\/blogopara.com.br\/index.php\/wp-json\/wp\/v2\/types\/post"}],"author":[{"embeddable":true,"href":"https:\/\/blogopara.com.br\/index.php\/wp-json\/wp\/v2\/users\/1"}],"replies":[{"embeddable":true,"href":"https:\/\/blogopara.com.br\/index.php\/wp-json\/wp\/v2\/comments?post=11861"}],"version-history":[{"count":1,"href":"https:\/\/blogopara.com.br\/index.php\/wp-json\/wp\/v2\/posts\/11861\/revisions"}],"predecessor-version":[{"id":11863,"href":"https:\/\/blogopara.com.br\/index.php\/wp-json\/wp\/v2\/posts\/11861\/revisions\/11863"}],"wp:featuredmedia":[{"embeddable":true,"href":"https:\/\/blogopara.com.br\/index.php\/wp-json\/wp\/v2\/media\/11862"}],"wp:attachment":[{"href":"https:\/\/blogopara.com.br\/index.php\/wp-json\/wp\/v2\/media?parent=11861"}],"wp:term":[{"taxonomy":"category","embeddable":true,"href":"https:\/\/blogopara.com.br\/index.php\/wp-json\/wp\/v2\/categories?post=11861"},{"taxonomy":"post_tag","embeddable":true,"href":"https:\/\/blogopara.com.br\/index.php\/wp-json\/wp\/v2\/tags?post=11861"}],"curies":[{"name":"wp","href":"https:\/\/api.w.org\/{rel}","templated":true}]}}