{"id":11885,"date":"2020-06-19T18:30:00","date_gmt":"2020-06-19T21:30:00","guid":{"rendered":"http:\/\/blogopara.com.br\/?p=11885"},"modified":"2020-06-19T19:27:00","modified_gmt":"2020-06-19T22:27:00","slug":"juazeiro-comercio-pode-fechar-e-o-mercado-do-produtor-vai-continuar-do-mesmo-jeito","status":"publish","type":"post","link":"https:\/\/blogopara.com.br\/index.php\/2020\/06\/19\/juazeiro-comercio-pode-fechar-e-o-mercado-do-produtor-vai-continuar-do-mesmo-jeito","title":{"rendered":"Juazeiro: Com\u00e9rcio pode fechar. E o Mercado do Produtor vai continuar do mesmo jeito?"},"content":{"rendered":"<div class=\"post-content-area\">\n<p style=\"text-align: justify;\">O Minist\u00e9rio P\u00fablico estadual recomendou ontem, dia 18, ao Munic\u00edpio de Juazeiro a fechar os estabelecimentos e suspender todas as atividades comerciais consideradas n\u00e3o essenciais na cidade, cuja reabertura foi autorizada por decreto municipal publicado no \u00faltimo dia 29 de maio.<\/p>\n<p style=\"text-align: justify;\">N\u00e3o foi surpresa para alguns lojistas essa possibilidade do com\u00e9rcio vir a ser fechado de novo, em virtude do aumento dos casos do coronavirus. Tudo estava bem desenhado pela administra\u00e7\u00e3o p\u00fablica para esse fim, o que todos n\u00e3o entendem, \u00e9 a quem interessa e por que querem que o com\u00e9rcio feche.<\/p>\n<p style=\"text-align: justify;\">O prefeito e a SESAU est\u00e3o num &#8220;samba do crioulo doido&#8221;, ficam testando e tomando decis\u00f5es a partir dos interesses eleitorais. N\u00e3o h\u00e1 avalia\u00e7\u00e3o das decis\u00f5es. Num dia decreta o toque de recolher, uma semana depois reabre o com\u00e9rcio. Num dia proibi a queima de fogos e as fogueiras, no outro afrouxa a decis\u00e3o a pedido de um comunit\u00e1rio.<\/p>\n<p style=\"text-align: justify;\">No dia 13 de maio Juazeiro tinha 360 notificados, 40 confirmados e 02 \u00f3bitos, naquele momento o prefeito anunciou que n\u00e3o seguiria o decreto presidencial que autorizava a abertura de academias, shoppings, barbearias e etc.<\/p>\n<p style=\"text-align: justify;\">No dia 15 de junho Juazeiro chegou a 1.545 notificados, 188 confirmados e 10 \u00f3bitos, o prefeito autorizou a reabertura de barbearias, shoppings e feiras livres.<\/p>\n<p><img loading=\"lazy\" decoding=\"async\" class=\"alignnone size-medium wp-image-11887\" src=\"https:\/\/blogopara.com.br\/wp-content\/uploads\/2020\/06\/WhatsApp-Image-2020-06-16-at-16.25.31-1-300x300.jpeg\" alt=\"\" width=\"300\" height=\"300\" srcset=\"https:\/\/blogopara.com.br\/wp-content\/uploads\/2020\/06\/WhatsApp-Image-2020-06-16-at-16.25.31-1-300x300.jpeg 300w, https:\/\/blogopara.com.br\/wp-content\/uploads\/2020\/06\/WhatsApp-Image-2020-06-16-at-16.25.31-1-1024x1024.jpeg 1024w, https:\/\/blogopara.com.br\/wp-content\/uploads\/2020\/06\/WhatsApp-Image-2020-06-16-at-16.25.31-1-150x150.jpeg 150w, https:\/\/blogopara.com.br\/wp-content\/uploads\/2020\/06\/WhatsApp-Image-2020-06-16-at-16.25.31-1-768x768.jpeg 768w, https:\/\/blogopara.com.br\/wp-content\/uploads\/2020\/06\/WhatsApp-Image-2020-06-16-at-16.25.31-1-500x500.jpeg 500w, https:\/\/blogopara.com.br\/wp-content\/uploads\/2020\/06\/WhatsApp-Image-2020-06-16-at-16.25.31-1.jpeg 1080w\" sizes=\"auto, (max-width: 300px) 100vw, 300px\" \/><\/p>\n<p style=\"text-align: justify;\">\u00c9 do conhecimento de todos que o Mercado do Produtor \u00e9 uma porta aberta n\u00e3o somente para o novo coronavirus, mas para outras doen\u00e7as e problemas sociais. Desde o in\u00edcio a gest\u00e3o municipal tem tomado medidas mas de marketing do que sanit\u00e1ria no Mercado do Produtor. Instalou cabines de desinfec\u00e7\u00e3o, mas n\u00e3o demorou muito. Faz testagem e n\u00e3o h\u00e1 fiscaliza\u00e7\u00e3o permanente.<\/p>\n<p style=\"text-align: justify;\">Um permission\u00e1rio que n\u00e3o quis se identificar disse que trabalha com medo, porque n\u00e3o se tem controle sobre quem entra e sai, n\u00e3o h\u00e1 fiscaliza\u00e7\u00e3o, mas h\u00e1 um grande interesse que tudo no Mercado transcorra normal dentro da normalidade para n\u00e3o cair a arrecada\u00e7\u00e3o. Ou seja, feche o com\u00e9rcio dos outros, mas o meu deixo aberto porque n\u00e3o posso perder arrecada\u00e7\u00e3o.<\/p>\n<p style=\"text-align: justify;\">O Minist\u00e9rio P\u00fablico estadual recomendou o fechamento do com\u00e9rcio, \u00e9 pertinente e louv\u00e1vel, principalmente conforme os \u00faltimos boletins informativos, em que o n\u00famero de casos confirmados saltou de 79 para 267, um aumento de 237% em 16 dias, com as mortes pela doen\u00e7a saindo de cinco para 12 casos. Somente em 48 horas, do dia 15 para 16 de junho, houve aumento de 42 pessoas contaminadas confirmadas.<\/p>\n<p style=\"text-align: justify;\">Vai\u00a0 ser muito louv\u00e1vel tamb\u00e9m que o MP cobre da Prefeitura de Juazeiro mais transpar\u00eancia na aplica\u00e7\u00e3o dos recursos, assim como por que n\u00e3o se construiu o hospital de campanha? Por que a transfer\u00eancia de pacientes para outras cidades? Por que demorou tanto para fazer a testagem em massa? Por que n\u00e3o se fez barreiras sanit\u00e1rias permanentes? Por que permitiu a queima de fogueiras? Como est\u00e3o os tais leitos da UNACON? Quantos respiradores foram comprados e quantos leitos de UTI foram ampliados?<\/p>\n<\/div>\n","protected":false},"excerpt":{"rendered":"<p>O Minist\u00e9rio P\u00fablico estadual recomendou ontem, dia 18, ao Munic\u00edpio de Juazeiro a fechar os estabelecimentos e suspender todas as atividades comerciais consideradas n\u00e3o essenciais na cidade, cuja reabertura foi autorizada por decreto municipal publicado no \u00faltimo dia 29 de maio. N\u00e3o foi surpresa para alguns lojistas essa possibilidade do com\u00e9rcio vir a ser fechado [&hellip;]<\/p>\n","protected":false},"author":1,"featured_media":11888,"comment_status":"open","ping_status":"open","sticky":false,"template":"","format":"standard","meta":{"_uag_custom_page_level_css":"","_monsterinsights_skip_tracking":false,"_monsterinsights_sitenote_active":false,"_monsterinsights_sitenote_note":"","_monsterinsights_sitenote_category":0,"jetpack_post_was_ever_published":false,"_jetpack_newsletter_access":"","_jetpack_dont_email_post_to_subs":false,"_jetpack_newsletter_tier_id":0,"_jetpack_memberships_contains_paywalled_content":false,"_jetpack_memberships_contains_paid_content":false,"footnotes":"","jetpack_publicize_message":"","jetpack_publicize_feature_enabled":true,"jetpack_social_post_already_shared":true,"jetpack_social_options":{"image_generator_settings":{"template":"highway","default_image_id":0,"font":"","enabled":false},"version":2}},"categories":[203,205],"tags":[],"class_list":["post-11885","post","type-post","status-publish","format-standard","has-post-thumbnail","hentry","category-juazeiro","category-saude"],"jetpack_publicize_connections":[],"jetpack_featured_media_url":"https:\/\/blogopara.com.br\/wp-content\/uploads\/2020\/06\/Design-sem-nome-1-1.jpg","uagb_featured_image_src":{"full":["https:\/\/blogopara.com.br\/wp-content\/uploads\/2020\/06\/Design-sem-nome-1-1.jpg",450,636,false],"thumbnail":["https:\/\/blogopara.com.br\/wp-content\/uploads\/2020\/06\/Design-sem-nome-1-1-150x150.jpg",150,150,true],"medium":["https:\/\/blogopara.com.br\/wp-content\/uploads\/2020\/06\/Design-sem-nome-1-1-212x300.jpg",212,300,true],"medium_large":["https:\/\/blogopara.com.br\/wp-content\/uploads\/2020\/06\/Design-sem-nome-1-1.jpg",450,636,false],"large":["https:\/\/blogopara.com.br\/wp-content\/uploads\/2020\/06\/Design-sem-nome-1-1.jpg",450,636,false],"1536x1536":["https:\/\/blogopara.com.br\/wp-content\/uploads\/2020\/06\/Design-sem-nome-1-1.jpg",450,636,false],"2048x2048":["https:\/\/blogopara.com.br\/wp-content\/uploads\/2020\/06\/Design-sem-nome-1-1.jpg",450,636,false],"mantranews-slider-large":["https:\/\/blogopara.com.br\/wp-content\/uploads\/2020\/06\/Design-sem-nome-1-1.jpg",450,636,false],"mantranews-featured-medium":["https:\/\/blogopara.com.br\/wp-content\/uploads\/2020\/06\/Design-sem-nome-1-1-420x307.jpg",420,307,true],"mantranews-featured-long":["https:\/\/blogopara.com.br\/wp-content\/uploads\/2020\/06\/Design-sem-nome-1-1-300x443.jpg",300,443,true],"mantranews-block-medium":["https:\/\/blogopara.com.br\/wp-content\/uploads\/2020\/06\/Design-sem-nome-1-1-450x290.jpg",450,290,true],"mantranews-carousel-image":["https:\/\/blogopara.com.br\/wp-content\/uploads\/2020\/06\/Design-sem-nome-1-1-450x500.jpg",450,500,true],"mantranews-block-thumb":["https:\/\/blogopara.com.br\/wp-content\/uploads\/2020\/06\/Design-sem-nome-1-1-450x500.jpg",207,230,true],"mantranews-single-large":["https:\/\/blogopara.com.br\/wp-content\/uploads\/2020\/06\/Design-sem-nome-1-1.jpg",450,636,false]},"uagb_author_info":{"display_name":"Reda\u00e7\u00e3o geral","author_link":"https:\/\/blogopara.com.br\/index.php\/author\/blogopara"},"uagb_comment_info":0,"uagb_excerpt":"O Minist\u00e9rio P\u00fablico estadual recomendou ontem, dia 18, ao Munic\u00edpio de Juazeiro a fechar os estabelecimentos e suspender todas as atividades comerciais consideradas n\u00e3o essenciais na cidade, cuja reabertura foi autorizada por decreto municipal publicado no \u00faltimo dia 29 de maio. N\u00e3o foi surpresa para alguns lojistas essa possibilidade do com\u00e9rcio vir a ser fechado&hellip;","jetpack_sharing_enabled":true,"jetpack_likes_enabled":true,"_links":{"self":[{"href":"https:\/\/blogopara.com.br\/index.php\/wp-json\/wp\/v2\/posts\/11885","targetHints":{"allow":["GET"]}}],"collection":[{"href":"https:\/\/blogopara.com.br\/index.php\/wp-json\/wp\/v2\/posts"}],"about":[{"href":"https:\/\/blogopara.com.br\/index.php\/wp-json\/wp\/v2\/types\/post"}],"author":[{"embeddable":true,"href":"https:\/\/blogopara.com.br\/index.php\/wp-json\/wp\/v2\/users\/1"}],"replies":[{"embeddable":true,"href":"https:\/\/blogopara.com.br\/index.php\/wp-json\/wp\/v2\/comments?post=11885"}],"version-history":[{"count":5,"href":"https:\/\/blogopara.com.br\/index.php\/wp-json\/wp\/v2\/posts\/11885\/revisions"}],"predecessor-version":[{"id":11895,"href":"https:\/\/blogopara.com.br\/index.php\/wp-json\/wp\/v2\/posts\/11885\/revisions\/11895"}],"wp:featuredmedia":[{"embeddable":true,"href":"https:\/\/blogopara.com.br\/index.php\/wp-json\/wp\/v2\/media\/11888"}],"wp:attachment":[{"href":"https:\/\/blogopara.com.br\/index.php\/wp-json\/wp\/v2\/media?parent=11885"}],"wp:term":[{"taxonomy":"category","embeddable":true,"href":"https:\/\/blogopara.com.br\/index.php\/wp-json\/wp\/v2\/categories?post=11885"},{"taxonomy":"post_tag","embeddable":true,"href":"https:\/\/blogopara.com.br\/index.php\/wp-json\/wp\/v2\/tags?post=11885"}],"curies":[{"name":"wp","href":"https:\/\/api.w.org\/{rel}","templated":true}]}}