{"id":11896,"date":"2020-06-20T08:10:00","date_gmt":"2020-06-20T11:10:00","guid":{"rendered":"http:\/\/blogopara.com.br\/?p=11896"},"modified":"2020-06-19T20:13:54","modified_gmt":"2020-06-19T23:13:54","slug":"integrantes-do-banco-mundial-dizem-estar-chocados-com-nomeacao-de-weintraub","status":"publish","type":"post","link":"https:\/\/blogopara.com.br\/index.php\/2020\/06\/20\/integrantes-do-banco-mundial-dizem-estar-chocados-com-nomeacao-de-weintraub","title":{"rendered":"Integrantes do Banco Mundial dizem estar &#8216;chocados&#8217; com nomea\u00e7\u00e3o de Weintraub"},"content":{"rendered":"<p style=\"text-align: justify;\">Integrantes e ex-integrantes do <a href=\"https:\/\/tudo-sobre.estadao.com.br\/Banco%20Mundial\" target=\"_blank\" rel=\"noopener noreferrer\" data-id=\"159\" data-m=\"{&quot;i&quot;:159,&quot;p&quot;:99,&quot;n&quot;:&quot;partnerLink&quot;,&quot;y&quot;:24,&quot;o&quot;:2}\">Banco Mundial<\/a>\u00a0ouvidos em car\u00e1ter reservado pelo\u00a0Estad\u00e3o\u00a0disseram estar \u201cchocados\u201d com a indica\u00e7\u00e3o do ministro demission\u00e1rio da\u00a0<a href=\"https:\/\/tudo-sobre.estadao.com.br\/minist%C3%A9rio%20da%20economia\" target=\"_blank\" rel=\"noopener noreferrer\" data-id=\"160\" data-m=\"{&quot;i&quot;:160,&quot;p&quot;:99,&quot;n&quot;:&quot;partnerLink&quot;,&quot;y&quot;:24,&quot;o&quot;:3}\">Educa\u00e7\u00e3o<\/a>,\u00a0<a href=\"https:\/\/tudo-sobre.estadao.com.br\/abraham-weintraub\" target=\"_blank\" rel=\"noopener noreferrer\" data-id=\"161\" data-m=\"{&quot;i&quot;:161,&quot;p&quot;:99,&quot;n&quot;:&quot;partnerLink&quot;,&quot;y&quot;:24,&quot;o&quot;:4}\">Abraham Weintraub<\/a>, para diretor-executivo da institui\u00e7\u00e3o. Na avalia\u00e7\u00e3o de fontes ouvidas pela reportagem, ao colocar no cargo uma pessoa que j\u00e1 deu declara\u00e7\u00f5es contr\u00e1rias ao multilateralismo, o\u00a0<a href=\"https:\/\/tudo-sobre.estadao.com.br\/brasil-america-do-sul\" target=\"_blank\" rel=\"noopener noreferrer\" data-id=\"162\" data-m=\"{&quot;i&quot;:162,&quot;p&quot;:99,&quot;n&quot;:&quot;partnerLink&quot;,&quot;y&quot;:24,&quot;o&quot;:5}\">Brasil<\/a>\u00a0pode virar \u201cpiada internacional\u201d.<\/p>\n<p style=\"text-align: justify;\">Ao menos em termos financeiros, a troca de cargo significa um salto para o ex-ministro. De acordo com documento do Banco Mundial, a remunera\u00e7\u00e3o dos diretores-executivos do \u00f3rg\u00e3o foi de\u00a0US$ 21.547 mensais, o que equivale a cerca de R$ 115, 9 mil por m\u00eas. Como ministro, seu sal\u00e1rio era de\u00a0R$ 31 mil mensais, ou seja,\u00a0Weintraub vai ganhar quase quatro vezes mais.<\/p>\n<p style=\"text-align: justify;\">Nesta tarde, ao anunciar sua sa\u00edda do MEC,\u00a0Weintraub revelou que assumir\u00e1 o cargo.\u00a0O governo brasileiro tamb\u00e9m oficializou a indica\u00e7\u00e3o, informou o Minist\u00e9rio da Economia. Em nota, a pasta comunicou que Weintraub foi indicado \u00e0 cadeira na diretoria liderada pelo Brasil, a qual representa\u00a0<a href=\"https:\/\/tudo-sobre.estadao.com.br\/colombia-america-do-sul\" target=\"_blank\" rel=\"noopener noreferrer\" data-id=\"163\" data-m=\"{&quot;i&quot;:163,&quot;p&quot;:99,&quot;n&quot;:&quot;partnerLink&quot;,&quot;y&quot;:24,&quot;o&quot;:6}\">Col\u00f4mbia<\/a>,\u00a0<a href=\"https:\/\/tudo-sobre.estadao.com.br\/equador-america-do-sul\" target=\"_blank\" rel=\"noopener noreferrer\" data-id=\"164\" data-m=\"{&quot;i&quot;:164,&quot;p&quot;:99,&quot;n&quot;:&quot;partnerLink&quot;,&quot;y&quot;:24,&quot;o&quot;:7}\">Equador<\/a>,\u00a0<a href=\"https:\/\/tudo-sobre.estadao.com.br\/trinidad-e-tobago-america-central\" target=\"_blank\" rel=\"noopener noreferrer\" data-id=\"165\" data-m=\"{&quot;i&quot;:165,&quot;p&quot;:99,&quot;n&quot;:&quot;partnerLink&quot;,&quot;y&quot;:24,&quot;o&quot;:8}\">Trinidad e Tobago,<\/a>\u00a0<a href=\"https:\/\/tudo-sobre.estadao.com.br\/Filipinas\" target=\"_blank\" rel=\"noopener noreferrer\" data-id=\"166\" data-m=\"{&quot;i&quot;:166,&quot;p&quot;:99,&quot;n&quot;:&quot;partnerLink&quot;,&quot;y&quot;:24,&quot;o&quot;:9}\">Filipinas<\/a>,\u00a0<a href=\"https:\/\/tudo-sobre.estadao.com.br\/suriname-america-do-sul\" target=\"_blank\" rel=\"noopener noreferrer\" data-id=\"167\" data-m=\"{&quot;i&quot;:167,&quot;p&quot;:99,&quot;n&quot;:&quot;partnerLink&quot;,&quot;y&quot;:24,&quot;o&quot;:10}\">Suriname<\/a>,\u00a0<a href=\"https:\/\/tudo-sobre.estadao.com.br\/haiti-america-central\" target=\"_blank\" rel=\"noopener noreferrer\" data-id=\"168\" data-m=\"{&quot;i&quot;:168,&quot;p&quot;:99,&quot;n&quot;:&quot;partnerLink&quot;,&quot;y&quot;:24,&quot;o&quot;:11}\">Haiti<\/a>,\u00a0<a href=\"https:\/\/tudo-sobre.estadao.com.br\/republica-dominicana-america-central\" target=\"_blank\" rel=\"noopener noreferrer\" data-id=\"169\" data-m=\"{&quot;i&quot;:169,&quot;p&quot;:99,&quot;n&quot;:&quot;partnerLink&quot;,&quot;y&quot;:24,&quot;o&quot;:12}\">Rep\u00fablica Dominicana<\/a>\u00a0e\u00a0<a href=\"https:\/\/tudo-sobre.estadao.com.br\/panama-america-central\" target=\"_blank\" rel=\"noopener noreferrer\" data-id=\"170\" data-m=\"{&quot;i&quot;:170,&quot;p&quot;:99,&quot;n&quot;:&quot;partnerLink&quot;,&quot;y&quot;:24,&quot;o&quot;:13}\">Panam\u00e1<\/a>.<\/p>\n<p style=\"text-align: justify;\">Com a escolha de seu nome sob questionamentos, a nota da Economia tenta destacar a experi\u00eancia profissional de Weintraub. \u201cCom mais de 20 anos de atua\u00e7\u00e3o como executivo no mercado financeiro,\u00a0Weintraub foi economista-chefe e diretor do\u00a0<a href=\"https:\/\/tudo-sobre.estadao.com.br\/Banco%20Votorantim\" target=\"_blank\" rel=\"noopener noreferrer\" data-id=\"171\" data-m=\"{&quot;i&quot;:171,&quot;p&quot;:99,&quot;n&quot;:&quot;partnerLink&quot;,&quot;y&quot;:24,&quot;o&quot;:14}\">Banco Votorantim<\/a>, al\u00e9m de CEO da Votorantim Corretora no Brasil e da Votorantim Securities no\u00a0<a href=\"https:\/\/tudo-sobre.estadao.com.br\/estados-unidos-america-do-norte\" target=\"_blank\" rel=\"noopener noreferrer\" data-id=\"172\" data-m=\"{&quot;i&quot;:172,&quot;p&quot;:99,&quot;n&quot;:&quot;partnerLink&quot;,&quot;y&quot;:24,&quot;o&quot;:15}\">Estados Unidos<\/a>\u00a0e na\u00a0<a href=\"https:\/\/tudo-sobre.estadao.com.br\/inglaterra-europa\" target=\"_blank\" rel=\"noopener noreferrer\" data-id=\"173\" data-m=\"{&quot;i&quot;:173,&quot;p&quot;:99,&quot;n&quot;:&quot;partnerLink&quot;,&quot;y&quot;:24,&quot;o&quot;:16}\">Inglaterra<\/a>\u201d, afirma o texto.<\/p>\n<p style=\"text-align: justify;\">Mais cedo, o presidente da\u00a0<a href=\"https:\/\/tudo-sobre.estadao.com.br\/C%C3%A2mara%20dos%20deputados\" target=\"_blank\" rel=\"noopener noreferrer\" data-id=\"174\" data-m=\"{&quot;i&quot;:174,&quot;p&quot;:99,&quot;n&quot;:&quot;partnerLink&quot;,&quot;y&quot;:24,&quot;o&quot;:17}\">C\u00e2mara dos Deputados<\/a>,\u00a0<a href=\"https:\/\/tudo-sobre.estadao.com.br\/Rodrigo%20Maia\" target=\"_blank\" rel=\"noopener noreferrer\" data-id=\"175\" data-m=\"{&quot;i&quot;:175,&quot;p&quot;:99,&quot;n&quot;:&quot;partnerLink&quot;,&quot;y&quot;:24,&quot;o&quot;:18}\">Rodrigo Maia<\/a>, ironizou a indica\u00e7\u00e3o. \u201cN\u00e3o sabem que ele (Weintraub) trabalhou no Banco Votorantim, que quebrou em 2009. Ele era um dos economistas do banco\u201d, disse Maia.<\/p>\n<h3 class=\"intertitulo\" style=\"text-align: justify;\">Pol\u00eamica<\/h3>\n<p style=\"text-align: justify;\">Um ex-integrante do alto escal\u00e3o do Banco Mundial, que pediu para n\u00e3o ser identificado, ressaltou que, na diretoria,\u00a0Weintraub ter\u00e1 que se adaptar ao c\u00f3digo de \u00e9tica do organismo,\u00a0que pro\u00edbe declara\u00e7\u00f5es sobre a pol\u00edtica dos pa\u00edses membros. N\u00e3o seriam permitidas, por exemplos, publica\u00e7\u00f5es pol\u00eamicas em redes sociais, como a que Weintraub fez, ao ironizar os chineses e a pandemia do coronav\u00edrus.<\/p>\n<p style=\"text-align: justify;\">Apesar de a indica\u00e7\u00e3o ainda ter que ser aprovada por outros pa\u00edses, a avalia\u00e7\u00e3o \u00e9 que se trata de um procedimento pro-forma e que n\u00e3o haveria chances de a indica\u00e7\u00e3o ser rejeitada,\u00a0j\u00e1 que o Brasil tem mais de 50% de poder de voto.<\/p>\n<p style=\"text-align: justify;\">O Banco Mundial \u00e9 uma institui\u00e7\u00e3o internacional que financia projetos em pa\u00edses em desenvolvimento.\u00a0O \u00f3rg\u00e3o tem 186 pa\u00edses membros.\u00a0Na pr\u00e1tica, a escolha n\u00e3o pode trazer san\u00e7\u00f5es para o Brasil, mas tem potencial de prejudicar a agenda brasileira no banco. Se bater de frente com a diretoria,\u00a0Weintraub pode ser isolado e n\u00e3o conseguir levar para frente projetos de interesse do governo.<\/p>\n<p style=\"text-align: justify;\">\n","protected":false},"excerpt":{"rendered":"<p>Integrantes e ex-integrantes do Banco Mundial\u00a0ouvidos em car\u00e1ter reservado pelo\u00a0Estad\u00e3o\u00a0disseram estar \u201cchocados\u201d com a indica\u00e7\u00e3o do ministro demission\u00e1rio da\u00a0Educa\u00e7\u00e3o,\u00a0Abraham Weintraub, para diretor-executivo da institui\u00e7\u00e3o. Na avalia\u00e7\u00e3o de fontes ouvidas pela reportagem, ao colocar no cargo uma pessoa que j\u00e1 deu declara\u00e7\u00f5es contr\u00e1rias ao multilateralismo, o\u00a0Brasil\u00a0pode virar \u201cpiada internacional\u201d. Ao menos em termos financeiros, a troca [&hellip;]<\/p>\n","protected":false},"author":1,"featured_media":11897,"comment_status":"open","ping_status":"open","sticky":false,"template":"","format":"standard","meta":{"_uag_custom_page_level_css":"","_monsterinsights_skip_tracking":false,"_monsterinsights_sitenote_active":false,"_monsterinsights_sitenote_note":"","_monsterinsights_sitenote_category":0,"jetpack_post_was_ever_published":false,"_jetpack_newsletter_access":"","_jetpack_dont_email_post_to_subs":false,"_jetpack_newsletter_tier_id":0,"_jetpack_memberships_contains_paywalled_content":false,"_jetpack_memberships_contains_paid_content":false,"footnotes":"","jetpack_publicize_message":"","jetpack_publicize_feature_enabled":true,"jetpack_social_post_already_shared":true,"jetpack_social_options":{"image_generator_settings":{"template":"highway","default_image_id":0,"font":"","enabled":false},"version":2}},"categories":[200,197],"tags":[],"class_list":["post-11896","post","type-post","status-publish","format-standard","has-post-thumbnail","hentry","category-brasil","category-politica"],"jetpack_publicize_connections":[],"jetpack_featured_media_url":"https:\/\/blogopara.com.br\/wp-content\/uploads\/2020\/06\/abrahamweintraub-estadao-didasampaio_180620200453.jpg","uagb_featured_image_src":{"full":["https:\/\/blogopara.com.br\/wp-content\/uploads\/2020\/06\/abrahamweintraub-estadao-didasampaio_180620200453.jpg",400,375,false],"thumbnail":["https:\/\/blogopara.com.br\/wp-content\/uploads\/2020\/06\/abrahamweintraub-estadao-didasampaio_180620200453-150x150.jpg",150,150,true],"medium":["https:\/\/blogopara.com.br\/wp-content\/uploads\/2020\/06\/abrahamweintraub-estadao-didasampaio_180620200453-300x281.jpg",300,281,true],"medium_large":["https:\/\/blogopara.com.br\/wp-content\/uploads\/2020\/06\/abrahamweintraub-estadao-didasampaio_180620200453.jpg",400,375,false],"large":["https:\/\/blogopara.com.br\/wp-content\/uploads\/2020\/06\/abrahamweintraub-estadao-didasampaio_180620200453.jpg",400,375,false],"1536x1536":["https:\/\/blogopara.com.br\/wp-content\/uploads\/2020\/06\/abrahamweintraub-estadao-didasampaio_180620200453.jpg",400,375,false],"2048x2048":["https:\/\/blogopara.com.br\/wp-content\/uploads\/2020\/06\/abrahamweintraub-estadao-didasampaio_180620200453.jpg",400,375,false],"mantranews-slider-large":["https:\/\/blogopara.com.br\/wp-content\/uploads\/2020\/06\/abrahamweintraub-estadao-didasampaio_180620200453.jpg",400,375,false],"mantranews-featured-medium":["https:\/\/blogopara.com.br\/wp-content\/uploads\/2020\/06\/abrahamweintraub-estadao-didasampaio_180620200453-400x307.jpg",400,307,true],"mantranews-featured-long":["https:\/\/blogopara.com.br\/wp-content\/uploads\/2020\/06\/abrahamweintraub-estadao-didasampaio_180620200453-300x375.jpg",300,375,true],"mantranews-block-medium":["https:\/\/blogopara.com.br\/wp-content\/uploads\/2020\/06\/abrahamweintraub-estadao-didasampaio_180620200453-400x290.jpg",400,290,true],"mantranews-carousel-image":["https:\/\/blogopara.com.br\/wp-content\/uploads\/2020\/06\/abrahamweintraub-estadao-didasampaio_180620200453.jpg",400,375,false],"mantranews-block-thumb":["https:\/\/blogopara.com.br\/wp-content\/uploads\/2020\/06\/abrahamweintraub-estadao-didasampaio_180620200453.jpg",245,230,false],"mantranews-single-large":["https:\/\/blogopara.com.br\/wp-content\/uploads\/2020\/06\/abrahamweintraub-estadao-didasampaio_180620200453.jpg",400,375,false]},"uagb_author_info":{"display_name":"Reda\u00e7\u00e3o geral","author_link":"https:\/\/blogopara.com.br\/index.php\/author\/blogopara"},"uagb_comment_info":0,"uagb_excerpt":"Integrantes e ex-integrantes do Banco Mundial\u00a0ouvidos em car\u00e1ter reservado pelo\u00a0Estad\u00e3o\u00a0disseram estar \u201cchocados\u201d com a indica\u00e7\u00e3o do ministro demission\u00e1rio da\u00a0Educa\u00e7\u00e3o,\u00a0Abraham Weintraub, para diretor-executivo da institui\u00e7\u00e3o. Na avalia\u00e7\u00e3o de fontes ouvidas pela reportagem, ao colocar no cargo uma pessoa que j\u00e1 deu declara\u00e7\u00f5es contr\u00e1rias ao multilateralismo, o\u00a0Brasil\u00a0pode virar \u201cpiada internacional\u201d. Ao menos em termos financeiros, a troca&hellip;","jetpack_sharing_enabled":true,"jetpack_likes_enabled":true,"_links":{"self":[{"href":"https:\/\/blogopara.com.br\/index.php\/wp-json\/wp\/v2\/posts\/11896","targetHints":{"allow":["GET"]}}],"collection":[{"href":"https:\/\/blogopara.com.br\/index.php\/wp-json\/wp\/v2\/posts"}],"about":[{"href":"https:\/\/blogopara.com.br\/index.php\/wp-json\/wp\/v2\/types\/post"}],"author":[{"embeddable":true,"href":"https:\/\/blogopara.com.br\/index.php\/wp-json\/wp\/v2\/users\/1"}],"replies":[{"embeddable":true,"href":"https:\/\/blogopara.com.br\/index.php\/wp-json\/wp\/v2\/comments?post=11896"}],"version-history":[{"count":1,"href":"https:\/\/blogopara.com.br\/index.php\/wp-json\/wp\/v2\/posts\/11896\/revisions"}],"predecessor-version":[{"id":11898,"href":"https:\/\/blogopara.com.br\/index.php\/wp-json\/wp\/v2\/posts\/11896\/revisions\/11898"}],"wp:featuredmedia":[{"embeddable":true,"href":"https:\/\/blogopara.com.br\/index.php\/wp-json\/wp\/v2\/media\/11897"}],"wp:attachment":[{"href":"https:\/\/blogopara.com.br\/index.php\/wp-json\/wp\/v2\/media?parent=11896"}],"wp:term":[{"taxonomy":"category","embeddable":true,"href":"https:\/\/blogopara.com.br\/index.php\/wp-json\/wp\/v2\/categories?post=11896"},{"taxonomy":"post_tag","embeddable":true,"href":"https:\/\/blogopara.com.br\/index.php\/wp-json\/wp\/v2\/tags?post=11896"}],"curies":[{"name":"wp","href":"https:\/\/api.w.org\/{rel}","templated":true}]}}