{"id":11922,"date":"2020-06-21T07:41:00","date_gmt":"2020-06-21T10:41:00","guid":{"rendered":"http:\/\/blogopara.com.br\/?p=11922"},"modified":"2020-06-21T09:25:16","modified_gmt":"2020-06-21T12:25:16","slug":"comercio-de-petrolina-funcionara-na-segunda-feira-22-com-restricoes","status":"publish","type":"post","link":"https:\/\/blogopara.com.br\/index.php\/2020\/06\/21\/comercio-de-petrolina-funcionara-na-segunda-feira-22-com-restricoes","title":{"rendered":"Com\u00e9rcio de Petrolina funcionar\u00e1 na segunda-feira (22) com restri\u00e7\u00f5es"},"content":{"rendered":"<p style=\"text-align: justify;\">Em mais uma nota conjunta enviada \u00e0 imprensa, v\u00e1rias entidades e institui\u00e7\u00f5es do segmento econ\u00f4mico de Petrolina destacam o Decreto Estadual 49.131\/2020, estendendo o funcionamento de todos os estabelecimentos comerciais da cidade, independente da metragem, a partir da pr\u00f3xima segunda-feira (22).<\/p>\n<p style=\"text-align: justify;\">O decreto tamb\u00e9m autoriza o funcionamento do shopping, que havia sido suspenso ontem (19), mantendo apenas os servi\u00e7os essenciais. Agora, apenas a parte de lazer ficar\u00e1 fechada, bem como lanchonetes e restaurantes, que manter\u00e3o o servi\u00e7o de delivery (entrega em domic\u00edlio).<\/p>\n<p style=\"text-align: justify;\">Confiram a \u00edntegra da nota:<\/p>\n<p style=\"text-align: justify;\"><em>Nota\/Decreto estadual 49.131\/2020<\/em><\/p>\n<p style=\"text-align: justify;\"><em>Tendo em vista a publica\u00e7\u00e3o do decreto estadual 49131\/20, publicado em 19 de junho, e a consequente execu\u00e7\u00e3o do plano de retomada econ\u00f4mica elaborado pelo governo de Pernambuco, as entidades representativas do com\u00e9rcio comunicam:<\/em><\/p>\n<ol style=\"text-align: justify;\">\n<li><em>A partir de segunda, 22 de junho, o com\u00e9rcio Varejista pode ser desenvolvido em estabelecimentos comerciais independente de sua metragem, observando-se as determina\u00e7\u00f5es constantes em portaria conjunta das secretarias de Sa\u00fade e de Desenvolvimento Econ\u00f4mico. O hor\u00e1rio estabelecido para funcionamento \u00e9 das 9h \u00e0s 18h;<\/em><\/li>\n<li><em>Shopping Center: autorizado o funcionamento de shoppings e similares, a exce\u00e7\u00e3o de estabelecimentos de lazer, restaurantes, lanchonetes e similares neles existentes, os quais podem funcionar apenas para entrega em domic\u00edlio e em pontos de coleta (funcionamento das 12 \u00e0s 20h);<\/em><\/li>\n<\/ol>\n<p style=\"text-align: justify;\"><em>Vale salientar que todas as regras de higieniza\u00e7\u00e3o e seguran\u00e7a orientadas pelas autoridades de sa\u00fade e sanit\u00e1rias devem ser seguidas \u00e0 risca, tais como:<\/em><\/p>\n<p style=\"text-align: justify;\"><em>*Uso obrigat\u00f3rio de m\u00e1scara<\/em><\/p>\n<p style=\"text-align: justify;\"><em>*Higieniza\u00e7\u00e3o correta das m\u00e3os com \u00e1gua e sab\u00e3o<\/em><\/p>\n<p style=\"text-align: justify;\"><em>*Utiliza\u00e7\u00e3o de \u00e1lcool em gel<\/em><\/p>\n<p style=\"text-align: justify;\"><em>*Higieniza\u00e7\u00e3o correta de ambientes<\/em><\/p>\n<p style=\"text-align: justify;\"><em>*Distanciamento m\u00ednimo de 1,5 m entre as pessoas<\/em><\/p>\n<p style=\"text-align: justify;\"><em>Assinam a nota:<\/em><\/p>\n<p style=\"text-align: justify;\"><em>Sindicato do Com\u00e9rcio Varejista de Petrolina \u2013 Joaquim de Castro (presidente)<\/em><\/p>\n<p style=\"text-align: justify;\"><em>C\u00e2mara de Dirigentes Lojistas- Manoel Vilmar (presidente)<\/em><\/p>\n<p style=\"text-align: justify;\"><em>Sindicato dos trabalhadores do Com\u00e9rcio de Petrolina \u2013 S\u00e9rgio Lacerda (vice-presidente)<\/em><\/p>\n<p style=\"text-align: justify;\"><em>Associa\u00e7\u00e3o dos Contabilistas do Vale do S\u00e3o Francisco e do Sert\u00e3o de Pernambuco \u2013 Nivaldo Almeida (presidente)<\/em><\/p>\n<p style=\"text-align: justify;\"><em>River Shopping- Welton de Assis Carvalho (Superintendente)<\/em><\/p>\n<p style=\"text-align: justify;\"><em>Associa\u00e7\u00e3o dos Lojistas do Shopping -Fabio Lisandro Lima (presidente)<\/em><\/p>\n<p style=\"text-align: justify;\"><em>Servi\u00e7o Nacional de Aprendizagem Industrial \/unidade Petrolina \u2013 Fl\u00e1vio Guimar\u00e3es (diretor)<\/em><\/p>\n<p style=\"text-align: justify;\"><em>Federa\u00e7\u00e3o das Ind\u00fastrias do Estado de Pernambuco \/unidade Regional do Sert\u00e3o do S\u00e3o Francisco \u2013 Alb\u00e2nio Ven\u00e2ncio (diretor regional)<\/em><\/p>\n<p style=\"text-align: justify;\"><em>Sindicato dos Produtores Rurais de Petrolina \u2013 Jailson Lira Paiva (presidente)<\/em><\/p>\n<p style=\"text-align: justify;\"><em>Sindicato das Empresas de Servi\u00e7os Cont\u00e1beis e das Empresas de Assessoramento, Per\u00edcias, Informa\u00e7\u00f5es e Pesquisas de Pernambuco \u2013 \u00cdtalo Mendes (presidente)<\/em><\/p>\n","protected":false},"excerpt":{"rendered":"<p>Em mais uma nota conjunta enviada \u00e0 imprensa, v\u00e1rias entidades e institui\u00e7\u00f5es do segmento econ\u00f4mico de Petrolina destacam o Decreto Estadual 49.131\/2020, estendendo o funcionamento de todos os estabelecimentos comerciais da cidade, independente da metragem, a partir da pr\u00f3xima segunda-feira (22). O decreto tamb\u00e9m autoriza o funcionamento do shopping, que havia sido suspenso ontem (19), [&hellip;]<\/p>\n","protected":false},"author":1,"featured_media":11923,"comment_status":"open","ping_status":"open","sticky":false,"template":"","format":"standard","meta":{"_uag_custom_page_level_css":"","_monsterinsights_skip_tracking":false,"_monsterinsights_sitenote_active":false,"_monsterinsights_sitenote_note":"","_monsterinsights_sitenote_category":0,"jetpack_post_was_ever_published":false,"_jetpack_newsletter_access":"","_jetpack_dont_email_post_to_subs":false,"_jetpack_newsletter_tier_id":0,"_jetpack_memberships_contains_paywalled_content":false,"_jetpack_memberships_contains_paid_content":false,"footnotes":"","jetpack_publicize_message":"","jetpack_publicize_feature_enabled":true,"jetpack_social_post_already_shared":true,"jetpack_social_options":{"image_generator_settings":{"template":"highway","default_image_id":0,"font":"","enabled":false},"version":2}},"categories":[206,851],"tags":[],"class_list":["post-11922","post","type-post","status-publish","format-standard","has-post-thumbnail","hentry","category-economia","category-petrolina"],"jetpack_publicize_connections":[],"jetpack_featured_media_url":"https:\/\/blogopara.com.br\/wp-content\/uploads\/2020\/06\/com\u00e9rcio-petrolina.jpg","uagb_featured_image_src":{"full":["https:\/\/blogopara.com.br\/wp-content\/uploads\/2020\/06\/com\u00e9rcio-petrolina.jpg",500,327,false],"thumbnail":["https:\/\/blogopara.com.br\/wp-content\/uploads\/2020\/06\/com\u00e9rcio-petrolina-150x150.jpg",150,150,true],"medium":["https:\/\/blogopara.com.br\/wp-content\/uploads\/2020\/06\/com\u00e9rcio-petrolina-300x196.jpg",300,196,true],"medium_large":["https:\/\/blogopara.com.br\/wp-content\/uploads\/2020\/06\/com\u00e9rcio-petrolina.jpg",500,327,false],"large":["https:\/\/blogopara.com.br\/wp-content\/uploads\/2020\/06\/com\u00e9rcio-petrolina.jpg",500,327,false],"1536x1536":["https:\/\/blogopara.com.br\/wp-content\/uploads\/2020\/06\/com\u00e9rcio-petrolina.jpg",500,327,false],"2048x2048":["https:\/\/blogopara.com.br\/wp-content\/uploads\/2020\/06\/com\u00e9rcio-petrolina.jpg",500,327,false],"mantranews-slider-large":["https:\/\/blogopara.com.br\/wp-content\/uploads\/2020\/06\/com\u00e9rcio-petrolina.jpg",500,327,false],"mantranews-featured-medium":["https:\/\/blogopara.com.br\/wp-content\/uploads\/2020\/06\/com\u00e9rcio-petrolina-420x307.jpg",420,307,true],"mantranews-featured-long":["https:\/\/blogopara.com.br\/wp-content\/uploads\/2020\/06\/com\u00e9rcio-petrolina-300x327.jpg",300,327,true],"mantranews-block-medium":["https:\/\/blogopara.com.br\/wp-content\/uploads\/2020\/06\/com\u00e9rcio-petrolina-464x290.jpg",464,290,true],"mantranews-carousel-image":["https:\/\/blogopara.com.br\/wp-content\/uploads\/2020\/06\/com\u00e9rcio-petrolina.jpg",500,327,false],"mantranews-block-thumb":["https:\/\/blogopara.com.br\/wp-content\/uploads\/2020\/06\/com\u00e9rcio-petrolina.jpg",322,211,false],"mantranews-single-large":["https:\/\/blogopara.com.br\/wp-content\/uploads\/2020\/06\/com\u00e9rcio-petrolina.jpg",500,327,false]},"uagb_author_info":{"display_name":"Reda\u00e7\u00e3o geral","author_link":"https:\/\/blogopara.com.br\/index.php\/author\/blogopara"},"uagb_comment_info":0,"uagb_excerpt":"Em mais uma nota conjunta enviada \u00e0 imprensa, v\u00e1rias entidades e institui\u00e7\u00f5es do segmento econ\u00f4mico de Petrolina destacam o Decreto Estadual 49.131\/2020, estendendo o funcionamento de todos os estabelecimentos comerciais da cidade, independente da metragem, a partir da pr\u00f3xima segunda-feira (22). O decreto tamb\u00e9m autoriza o funcionamento do shopping, que havia sido suspenso ontem (19),&hellip;","jetpack_sharing_enabled":true,"jetpack_likes_enabled":true,"_links":{"self":[{"href":"https:\/\/blogopara.com.br\/index.php\/wp-json\/wp\/v2\/posts\/11922","targetHints":{"allow":["GET"]}}],"collection":[{"href":"https:\/\/blogopara.com.br\/index.php\/wp-json\/wp\/v2\/posts"}],"about":[{"href":"https:\/\/blogopara.com.br\/index.php\/wp-json\/wp\/v2\/types\/post"}],"author":[{"embeddable":true,"href":"https:\/\/blogopara.com.br\/index.php\/wp-json\/wp\/v2\/users\/1"}],"replies":[{"embeddable":true,"href":"https:\/\/blogopara.com.br\/index.php\/wp-json\/wp\/v2\/comments?post=11922"}],"version-history":[{"count":3,"href":"https:\/\/blogopara.com.br\/index.php\/wp-json\/wp\/v2\/posts\/11922\/revisions"}],"predecessor-version":[{"id":11928,"href":"https:\/\/blogopara.com.br\/index.php\/wp-json\/wp\/v2\/posts\/11922\/revisions\/11928"}],"wp:featuredmedia":[{"embeddable":true,"href":"https:\/\/blogopara.com.br\/index.php\/wp-json\/wp\/v2\/media\/11923"}],"wp:attachment":[{"href":"https:\/\/blogopara.com.br\/index.php\/wp-json\/wp\/v2\/media?parent=11922"}],"wp:term":[{"taxonomy":"category","embeddable":true,"href":"https:\/\/blogopara.com.br\/index.php\/wp-json\/wp\/v2\/categories?post=11922"},{"taxonomy":"post_tag","embeddable":true,"href":"https:\/\/blogopara.com.br\/index.php\/wp-json\/wp\/v2\/tags?post=11922"}],"curies":[{"name":"wp","href":"https:\/\/api.w.org\/{rel}","templated":true}]}}