{"id":11972,"date":"2020-06-23T10:49:00","date_gmt":"2020-06-23T13:49:00","guid":{"rendered":"http:\/\/blogopara.com.br\/?p=11972"},"modified":"2020-06-22T14:53:50","modified_gmt":"2020-06-22T17:53:50","slug":"mes-do-orgulho-lgbt-conheca-10-transexuais-que-revolucionaram-a-moda","status":"publish","type":"post","link":"https:\/\/blogopara.com.br\/index.php\/2020\/06\/23\/mes-do-orgulho-lgbt-conheca-10-transexuais-que-revolucionaram-a-moda","title":{"rendered":"M\u00eas do orgulho LGBT: conhe\u00e7a 10 transexuais que revolucionaram a moda"},"content":{"rendered":"<p style=\"text-align: justify;\">A ind\u00fastria da moda pode ser vanguardista quando o assunto \u00e9 design, por\u00e9m, no \u00e2mbito da inclus\u00e3o, o segmento ainda soa um tanto antiquado. <a href=\"https:\/\/www.metropoles.com\/colunas-blogs\/ilca-maria-estevao\/cresce-o-numero-de-produtos-voltados-ao-mes-do-orgulho-lgbt\" target=\"_blank\" rel=\"noopener noreferrer\">As campanhas em homenagem ao m\u00eas do orgulho LGBT se tornaram comuns em junho<\/a>, mas foi s\u00f3 a partir 2010 que as pessoas transexuais conseguiram cravar alguma representatividade no setor.<\/p>\n<p style=\"text-align: justify;\">Chegamos a esta d\u00e9cada com um longo caminho a percorrer, principalmente, no que diz respeito \u00e0\u00a0<a href=\"https:\/\/www.metropoles.com\/colunas-blogs\/ilca-maria-estevao\/adidas-se-compromete-a-aumentar-contratacoes-de-negros-e-latinos-em-30\" target=\"_blank\" rel=\"noopener noreferrer\">diversidade nos bastidores do universo fashion<\/a>. Ainda assim, alguns profissionais t\u00eam conseguido revolucionar a imagem do mercado ao participarem de campanhas e semanas de moda com visibilidade global.<\/p>\n<p style=\"text-align: justify;\">Vem comigo conhecer 10 transexuais que revolucionaram a moda!<\/p>\n<p style=\"text-align: justify;\">As pessoas transexuais n\u00e3o surgiram na moda agora. Nos anos 1960, April Ashley era uma das modelos de roupas \u00edntimas mais populares da Vogue. Por\u00e9m, quando um jornal brit\u00e2nico revelou sua vida antes da transi\u00e7\u00e3o, ela nunca mais voltou a trabalhar no pa\u00eds. Por mais de seis d\u00e9cadas, esse foi o comportamento padr\u00e3o da ind\u00fastria t\u00eaxtil ao se deparar com a diversidade.<\/p>\n<p style=\"text-align: justify;\">Desde 2010, gra\u00e7as ao apoio do p\u00fablico nas redes sociais, alguns profissionais conseguiram a aten\u00e7\u00e3o das grandes marcas, ao passo que um desejo de repara\u00e7\u00e3o floresceu no alto escal\u00e3o dos grupos de moda e comunica\u00e7\u00e3o. Atualmente, quem se nega a atender a demanda por inclus\u00e3o corre o risco de ser boicotado.<\/p>\n<p style=\"text-align: justify;\"><a href=\"https:\/\/www.metropoles.com\/colunas-blogs\/ilca-maria-estevao\/victorias-secret-recebe-criticas-por-casting-sem-diversidade\" target=\"_blank\" rel=\"noopener noreferrer\">Cobrado pelo p\u00fablico a respeito da falta de diversidade no\u00a0<\/a><em>casting\u00a0<\/em>da Victoria\u2019s Secret<em>,<\/em>\u00a0Ed Razek, diretor comercial da etiqueta,\u00a0<a href=\"https:\/\/www.metropoles.com\/colunas-blogs\/ilca-maria-estevao\/apos-contratacao-de-modelo-trans-executivo-deixa-a-victorias-secret\" target=\"_blank\" rel=\"noopener noreferrer\">fez um coment\u00e1rio que resultou em sua demiss\u00e3o<\/a>.<\/p>\n<blockquote><p>\u201cN\u00e3o acho que teremos esse tipo de modelo, porque esse show \u00e9 uma fantasia. S\u00e3o 42 minutos de entretenimento\u201d, declarou ele em entrevista \u00e0 Vogue, dando a entender que jamais cederia aos desejos dos consumidores.<\/p><\/blockquote>\n<p style=\"text-align: justify;\">Ap\u00f3s a declara\u00e7\u00e3o, a empresa, que j\u00e1 sofria com o\u00a0<a href=\"https:\/\/www.metropoles.com\/colunas-blogs\/ilca-maria-estevao\/crise-no-varejo-norte-americano-63-mil-lojas-devem-fechar-em-2019\" target=\"_blank\" rel=\"noopener noreferrer\">enfraquecimento do varejo norte-americano<\/a>, enfrentou uma baixa consider\u00e1vel nas vendas.\u00a0<a href=\"https:\/\/www.metropoles.com\/colunas-blogs\/ilca-maria-estevao\/victorias-secret-anuncia-fechamento-de-53-lojas-neste-ano\" target=\"_blank\" rel=\"noopener noreferrer\">Mais de 50 lojas foram fechadas em 2019<\/a>\u00a0e o tradicional show anual da companhia\u00a0<a href=\"https:\/\/www.metropoles.com\/colunas-blogs\/ilca-maria-estevao\/victorias-secret-fashion-show-2019-foi-cancelado-saiba-tudo\" target=\"_blank\" rel=\"noopener noreferrer\">foi suspenso<\/a>\u00a0devido \u00e0s cr\u00edticas. Para tentar controlar a crise, a\u00a0<em>label<\/em>\u00a0<a href=\"https:\/\/www.metropoles.com\/colunas-blogs\/ilca-maria-estevao\/brasileira-e-a-primeira-modelo-transexual-da-victorias-secret\" target=\"_blank\" rel=\"noopener noreferrer\">convocou a brasileira Valentina Sampaio para uma campanha<\/a>.<\/p>\n<h3 style=\"text-align: justify;\">Valentina Sampaio<\/h3>\n<p style=\"text-align: justify;\">Filha de um pescador e uma professora, Valentina nasceu no munic\u00edpio de Aquiraz, no litoral do Cear\u00e1. Lan\u00e7ada pela Joy Model, estreou nas passarelas no\u00a0<a href=\"https:\/\/www.metropoles.com\/colunas-blogs\/ilca-maria-estevao\/digifest-2020-dragao-fashion-cria-programacao-virtual-para-junho-e-julho\" target=\"_blank\" rel=\"noopener noreferrer\">Drag\u00e3o Fashion Brasil<\/a>. No curr\u00edculo, a jovem acumula trabalhos para grifes como Balmain, L\u2019Or\u00e9al e Marc Jacobs, al\u00e9m de ensaios na Elle, L\u2019Officiel e Vogue Paris, na qual foi a primeira trans a estampar a capa publica\u00e7\u00e3o francesa.<\/p>\n<p style=\"text-align: justify;\">Em 2019, aos 23 anos, conseguiu o grande feito de estrelar uma campanha da Victoria\u2019s Secret, ap\u00f3s a empresa se negar a incluir mulheres trans nos tradicionais desfiles anuais.<\/p>\n<p style=\"text-align: justify;\">\u201cA sociedade e as empresas v\u00eam aprendendo muito sobre a import\u00e2ncia de abra\u00e7ar as diferen\u00e7as e respeitar a diversidade. Estamos conquistando novos espa\u00e7os. Aparecemos nas capas de revista, depois na TV e, agora, na VS. S\u00f3 tenho a comemorar por essa nova conquista. \u00c9 um momento que representa muito\u201d,\u00a0<a href=\"https:\/\/www.metropoles.com\/colunas-blogs\/ilca-maria-estevao\/victorias-secret-veja-campanha-estrelada-por-trans-brasileira\" target=\"_blank\" rel=\"noopener noreferrer\">disse a cearense \u00e0 coluna Ilca Maria Estev\u00e3o<\/a>.<\/p>\n<h4 style=\"text-align: justify;\">Lea T<\/h4>\n<p style=\"text-align: justify;\">A filha do ex-jogador Toninho Cerezo se mudou para a It\u00e1lia para estudar medicina veterin\u00e1ria. Por l\u00e1, ela conheceu o estilista Riccardo Tisci, que se tornou amigo pessoal da brasileira e a convidou para participar de uma campanha da Givenchy, onde atuava como diretor criativo.<\/p>\n<p style=\"text-align: justify;\">Quando o ensaio chegou ao mercado, no in\u00edcio de 2010, a etiqueta francesa optou por n\u00e3o divulgar que a modelo \u00e9 transexual, mas\u00a0<a href=\"https:\/\/www.instagram.com\/leat\" target=\"_blank\" rel=\"nofollow noopener noreferrer\">Lea<\/a>\u00a0entendeu que era importante dizer esse detalhe ao mundo.<\/p>\n<p style=\"text-align: justify;\">\u201cHouve muita resist\u00eancia. Quando me vi fazendo comercial para uma marca francesa, pensei em todas as meninas que n\u00e3o tiveram essa oportunidade. Ent\u00e3o, eu me comprometi a levantar essa bandeira. \u00c9 o m\u00ednimo que tenho que fazer, e \u00e9 o que fa\u00e7o at\u00e9 hoje\u201d, disse ela no programa Conversa com Bial.<\/p>\n","protected":false},"excerpt":{"rendered":"<p>Dominique Jackson, Hunter Schafer e Valentina Sampaio s\u00e3o alguns dos nomes que conseguiram espa\u00e7o no, ainda retr\u00f3grado, mercado t\u00eaxtil<\/p>\n","protected":false},"author":1,"featured_media":11973,"comment_status":"open","ping_status":"open","sticky":false,"template":"","format":"standard","meta":{"_uag_custom_page_level_css":"","_monsterinsights_skip_tracking":false,"_monsterinsights_sitenote_active":false,"_monsterinsights_sitenote_note":"","_monsterinsights_sitenote_category":0,"jetpack_post_was_ever_published":false,"_jetpack_newsletter_access":"","_jetpack_dont_email_post_to_subs":false,"_jetpack_newsletter_tier_id":0,"_jetpack_memberships_contains_paywalled_content":false,"_jetpack_memberships_contains_paid_content":false,"footnotes":"","jetpack_publicize_message":"","jetpack_publicize_feature_enabled":true,"jetpack_social_post_already_shared":true,"jetpack_social_options":{"image_generator_settings":{"template":"highway","default_image_id":0,"font":"","enabled":false},"version":2}},"categories":[203],"tags":[],"class_list":["post-11972","post","type-post","status-publish","format-standard","has-post-thumbnail","hentry","category-juazeiro"],"jetpack_publicize_connections":[],"jetpack_featured_media_url":"https:\/\/blogopara.com.br\/wp-content\/uploads\/2020\/06\/Transsexuais-na-moda-1159240114.jpg","uagb_featured_image_src":{"full":["https:\/\/blogopara.com.br\/wp-content\/uploads\/2020\/06\/Transsexuais-na-moda-1159240114.jpg",500,333,false],"thumbnail":["https:\/\/blogopara.com.br\/wp-content\/uploads\/2020\/06\/Transsexuais-na-moda-1159240114-150x150.jpg",150,150,true],"medium":["https:\/\/blogopara.com.br\/wp-content\/uploads\/2020\/06\/Transsexuais-na-moda-1159240114-300x200.jpg",300,200,true],"medium_large":["https:\/\/blogopara.com.br\/wp-content\/uploads\/2020\/06\/Transsexuais-na-moda-1159240114.jpg",500,333,false],"large":["https:\/\/blogopara.com.br\/wp-content\/uploads\/2020\/06\/Transsexuais-na-moda-1159240114.jpg",500,333,false],"1536x1536":["https:\/\/blogopara.com.br\/wp-content\/uploads\/2020\/06\/Transsexuais-na-moda-1159240114.jpg",500,333,false],"2048x2048":["https:\/\/blogopara.com.br\/wp-content\/uploads\/2020\/06\/Transsexuais-na-moda-1159240114.jpg",500,333,false],"mantranews-slider-large":["https:\/\/blogopara.com.br\/wp-content\/uploads\/2020\/06\/Transsexuais-na-moda-1159240114.jpg",500,333,false],"mantranews-featured-medium":["https:\/\/blogopara.com.br\/wp-content\/uploads\/2020\/06\/Transsexuais-na-moda-1159240114-420x307.jpg",420,307,true],"mantranews-featured-long":["https:\/\/blogopara.com.br\/wp-content\/uploads\/2020\/06\/Transsexuais-na-moda-1159240114-300x333.jpg",300,333,true],"mantranews-block-medium":["https:\/\/blogopara.com.br\/wp-content\/uploads\/2020\/06\/Transsexuais-na-moda-1159240114-464x290.jpg",464,290,true],"mantranews-carousel-image":["https:\/\/blogopara.com.br\/wp-content\/uploads\/2020\/06\/Transsexuais-na-moda-1159240114.jpg",500,333,false],"mantranews-block-thumb":["https:\/\/blogopara.com.br\/wp-content\/uploads\/2020\/06\/Transsexuais-na-moda-1159240114.jpg",322,214,false],"mantranews-single-large":["https:\/\/blogopara.com.br\/wp-content\/uploads\/2020\/06\/Transsexuais-na-moda-1159240114.jpg",500,333,false]},"uagb_author_info":{"display_name":"Reda\u00e7\u00e3o geral","author_link":"https:\/\/blogopara.com.br\/index.php\/author\/blogopara"},"uagb_comment_info":0,"uagb_excerpt":"Dominique Jackson, Hunter Schafer e Valentina Sampaio s\u00e3o alguns dos nomes que conseguiram espa\u00e7o no, ainda retr\u00f3grado, mercado t\u00eaxtil","jetpack_sharing_enabled":true,"jetpack_likes_enabled":true,"_links":{"self":[{"href":"https:\/\/blogopara.com.br\/index.php\/wp-json\/wp\/v2\/posts\/11972","targetHints":{"allow":["GET"]}}],"collection":[{"href":"https:\/\/blogopara.com.br\/index.php\/wp-json\/wp\/v2\/posts"}],"about":[{"href":"https:\/\/blogopara.com.br\/index.php\/wp-json\/wp\/v2\/types\/post"}],"author":[{"embeddable":true,"href":"https:\/\/blogopara.com.br\/index.php\/wp-json\/wp\/v2\/users\/1"}],"replies":[{"embeddable":true,"href":"https:\/\/blogopara.com.br\/index.php\/wp-json\/wp\/v2\/comments?post=11972"}],"version-history":[{"count":1,"href":"https:\/\/blogopara.com.br\/index.php\/wp-json\/wp\/v2\/posts\/11972\/revisions"}],"predecessor-version":[{"id":11974,"href":"https:\/\/blogopara.com.br\/index.php\/wp-json\/wp\/v2\/posts\/11972\/revisions\/11974"}],"wp:featuredmedia":[{"embeddable":true,"href":"https:\/\/blogopara.com.br\/index.php\/wp-json\/wp\/v2\/media\/11973"}],"wp:attachment":[{"href":"https:\/\/blogopara.com.br\/index.php\/wp-json\/wp\/v2\/media?parent=11972"}],"wp:term":[{"taxonomy":"category","embeddable":true,"href":"https:\/\/blogopara.com.br\/index.php\/wp-json\/wp\/v2\/categories?post=11972"},{"taxonomy":"post_tag","embeddable":true,"href":"https:\/\/blogopara.com.br\/index.php\/wp-json\/wp\/v2\/tags?post=11972"}],"curies":[{"name":"wp","href":"https:\/\/api.w.org\/{rel}","templated":true}]}}