{"id":11988,"date":"2020-06-23T10:41:30","date_gmt":"2020-06-23T13:41:30","guid":{"rendered":"http:\/\/blogopara.com.br\/?p=11988"},"modified":"2020-06-23T10:41:35","modified_gmt":"2020-06-23T13:41:35","slug":"portaria-de-weintraub-que-acaba-com-incentivo-a-cotas-na-pos-graduacao-e-revogada-pelo-mec","status":"publish","type":"post","link":"https:\/\/blogopara.com.br\/index.php\/2020\/06\/23\/portaria-de-weintraub-que-acaba-com-incentivo-a-cotas-na-pos-graduacao-e-revogada-pelo-mec","title":{"rendered":"Portaria de Weintraub que acaba com incentivo a cotas na p\u00f3s-gradua\u00e7\u00e3o \u00e9 revogada pelo MEC"},"content":{"rendered":"<p style=\"text-align: justify;\">A portaria assinada pelo ex-ministro Abraham Weintraub, que acabava com incentivo a cotas para negros, ind\u00edgenas e pessoas com defici\u00eancia em cursos de p\u00f3s-gradua\u00e7\u00e3o est\u00e1 sem efeito. A medida foi revogada pelo Minist\u00e9rio da Educa\u00e7\u00e3o (MEC) nesta ter\u00e7a-feira (23).<\/p>\n<p style=\"text-align: justify;\">A revoga\u00e7\u00e3o foi publicada no Di\u00e1rio Oficial da Uni\u00e3o, assinada pelo ministro interino da pasta, Antonio Paulo Vogel de Medeiros.<\/p>\n<p style=\"text-align: justify;\">Weintraub assinou a medida no dia 18 de junho, seu \u00faltimo ato \u00e0 frente do MEC. No dia seguinte, ele embarcou para os Estados Unidos.<\/p>\n<p style=\"text-align: justify;\">A medida de Weintraub foi criticada por diversos setores e tamb\u00e9m se tornou alvo do ministro Gilmar Mendes, do Supremo Tribunal Federal (STF), que um prazo de 48 horas para a Advocacia Geral da Uni\u00e3o (AGU) se manifestar sobre o tema.<\/p>\n","protected":false},"excerpt":{"rendered":"<p>A portaria assinada pelo ex-ministro Abraham Weintraub, que acabava com incentivo a cotas para negros, ind\u00edgenas e pessoas com defici\u00eancia em cursos de p\u00f3s-gradua\u00e7\u00e3o est\u00e1 sem efeito. A medida foi revogada pelo Minist\u00e9rio da Educa\u00e7\u00e3o (MEC) nesta ter\u00e7a-feira (23). A revoga\u00e7\u00e3o foi publicada no Di\u00e1rio Oficial da Uni\u00e3o, assinada pelo ministro interino da pasta, Antonio [&hellip;]<\/p>\n","protected":false},"author":1,"featured_media":11989,"comment_status":"open","ping_status":"open","sticky":false,"template":"","format":"standard","meta":{"_uag_custom_page_level_css":"","_monsterinsights_skip_tracking":false,"_monsterinsights_sitenote_active":false,"_monsterinsights_sitenote_note":"","_monsterinsights_sitenote_category":0,"jetpack_post_was_ever_published":false,"_jetpack_newsletter_access":"","_jetpack_dont_email_post_to_subs":false,"_jetpack_newsletter_tier_id":0,"_jetpack_memberships_contains_paywalled_content":false,"_jetpack_memberships_contains_paid_content":false,"footnotes":"","jetpack_publicize_message":"","jetpack_publicize_feature_enabled":true,"jetpack_social_post_already_shared":true,"jetpack_social_options":{"image_generator_settings":{"template":"highway","default_image_id":0,"font":"","enabled":false},"version":2}},"categories":[200],"tags":[],"class_list":["post-11988","post","type-post","status-publish","format-standard","has-post-thumbnail","hentry","category-brasil"],"jetpack_publicize_connections":[],"jetpack_featured_media_url":"https:\/\/blogopara.com.br\/wp-content\/uploads\/2020\/06\/IMAGEM_NOTICIA_5-3.jpg","uagb_featured_image_src":{"full":["https:\/\/blogopara.com.br\/wp-content\/uploads\/2020\/06\/IMAGEM_NOTICIA_5-3.jpg",400,294,false],"thumbnail":["https:\/\/blogopara.com.br\/wp-content\/uploads\/2020\/06\/IMAGEM_NOTICIA_5-3-150x150.jpg",150,150,true],"medium":["https:\/\/blogopara.com.br\/wp-content\/uploads\/2020\/06\/IMAGEM_NOTICIA_5-3-300x221.jpg",300,221,true],"medium_large":["https:\/\/blogopara.com.br\/wp-content\/uploads\/2020\/06\/IMAGEM_NOTICIA_5-3.jpg",400,294,false],"large":["https:\/\/blogopara.com.br\/wp-content\/uploads\/2020\/06\/IMAGEM_NOTICIA_5-3.jpg",400,294,false],"1536x1536":["https:\/\/blogopara.com.br\/wp-content\/uploads\/2020\/06\/IMAGEM_NOTICIA_5-3.jpg",400,294,false],"2048x2048":["https:\/\/blogopara.com.br\/wp-content\/uploads\/2020\/06\/IMAGEM_NOTICIA_5-3.jpg",400,294,false],"mantranews-slider-large":["https:\/\/blogopara.com.br\/wp-content\/uploads\/2020\/06\/IMAGEM_NOTICIA_5-3.jpg",400,294,false],"mantranews-featured-medium":["https:\/\/blogopara.com.br\/wp-content\/uploads\/2020\/06\/IMAGEM_NOTICIA_5-3.jpg",400,294,false],"mantranews-featured-long":["https:\/\/blogopara.com.br\/wp-content\/uploads\/2020\/06\/IMAGEM_NOTICIA_5-3-300x294.jpg",300,294,true],"mantranews-block-medium":["https:\/\/blogopara.com.br\/wp-content\/uploads\/2020\/06\/IMAGEM_NOTICIA_5-3-400x290.jpg",400,290,true],"mantranews-carousel-image":["https:\/\/blogopara.com.br\/wp-content\/uploads\/2020\/06\/IMAGEM_NOTICIA_5-3.jpg",400,294,false],"mantranews-block-thumb":["https:\/\/blogopara.com.br\/wp-content\/uploads\/2020\/06\/IMAGEM_NOTICIA_5-3.jpg",313,230,false],"mantranews-single-large":["https:\/\/blogopara.com.br\/wp-content\/uploads\/2020\/06\/IMAGEM_NOTICIA_5-3.jpg",400,294,false]},"uagb_author_info":{"display_name":"Reda\u00e7\u00e3o geral","author_link":"https:\/\/blogopara.com.br\/index.php\/author\/blogopara"},"uagb_comment_info":0,"uagb_excerpt":"A portaria assinada pelo ex-ministro Abraham Weintraub, que acabava com incentivo a cotas para negros, ind\u00edgenas e pessoas com defici\u00eancia em cursos de p\u00f3s-gradua\u00e7\u00e3o est\u00e1 sem efeito. A medida foi revogada pelo Minist\u00e9rio da Educa\u00e7\u00e3o (MEC) nesta ter\u00e7a-feira (23). A revoga\u00e7\u00e3o foi publicada no Di\u00e1rio Oficial da Uni\u00e3o, assinada pelo ministro interino da pasta, Antonio&hellip;","jetpack_sharing_enabled":true,"jetpack_likes_enabled":true,"_links":{"self":[{"href":"https:\/\/blogopara.com.br\/index.php\/wp-json\/wp\/v2\/posts\/11988","targetHints":{"allow":["GET"]}}],"collection":[{"href":"https:\/\/blogopara.com.br\/index.php\/wp-json\/wp\/v2\/posts"}],"about":[{"href":"https:\/\/blogopara.com.br\/index.php\/wp-json\/wp\/v2\/types\/post"}],"author":[{"embeddable":true,"href":"https:\/\/blogopara.com.br\/index.php\/wp-json\/wp\/v2\/users\/1"}],"replies":[{"embeddable":true,"href":"https:\/\/blogopara.com.br\/index.php\/wp-json\/wp\/v2\/comments?post=11988"}],"version-history":[{"count":1,"href":"https:\/\/blogopara.com.br\/index.php\/wp-json\/wp\/v2\/posts\/11988\/revisions"}],"predecessor-version":[{"id":11990,"href":"https:\/\/blogopara.com.br\/index.php\/wp-json\/wp\/v2\/posts\/11988\/revisions\/11990"}],"wp:featuredmedia":[{"embeddable":true,"href":"https:\/\/blogopara.com.br\/index.php\/wp-json\/wp\/v2\/media\/11989"}],"wp:attachment":[{"href":"https:\/\/blogopara.com.br\/index.php\/wp-json\/wp\/v2\/media?parent=11988"}],"wp:term":[{"taxonomy":"category","embeddable":true,"href":"https:\/\/blogopara.com.br\/index.php\/wp-json\/wp\/v2\/categories?post=11988"},{"taxonomy":"post_tag","embeddable":true,"href":"https:\/\/blogopara.com.br\/index.php\/wp-json\/wp\/v2\/tags?post=11988"}],"curies":[{"name":"wp","href":"https:\/\/api.w.org\/{rel}","templated":true}]}}