{"id":12067,"date":"2020-06-26T07:25:00","date_gmt":"2020-06-26T10:25:00","guid":{"rendered":"http:\/\/blogopara.com.br\/?p=12067"},"modified":"2020-06-25T14:32:16","modified_gmt":"2020-06-25T17:32:16","slug":"video-vereador-e-flagrado-cheirando-calcinha-durante-sessao-virtual-em-braganca-paulista","status":"publish","type":"post","link":"https:\/\/blogopara.com.br\/index.php\/2020\/06\/26\/video-vereador-e-flagrado-cheirando-calcinha-durante-sessao-virtual-em-braganca-paulista","title":{"rendered":"V\u00eddeo: Vereador \u00e9 flagrado cheirando calcinha durante sess\u00e3o virtual em Bragan\u00e7a Paulista"},"content":{"rendered":"<p style=\"text-align: justify;\">O vereador Ditinho do Asilo (PSC), de\u00a0<a href=\"http:\/\/istoe.com.br\/tag\/braganca-paulista\"><strong>Bragan\u00e7a Paulista<\/strong><\/a>, no interior de S\u00e3o Paulo, foi flagrado cheirando uma calcinha comest\u00edvel, na ter\u00e7a-feira (23), durante uma sess\u00e3o virtual da C\u00e2mara Municipal da cidade. O ato ocorreu enquanto uma vereadora comentava sobre cortes de \u00e1rvores na cidade.<\/p>\n<p style=\"text-align: justify;\">No v\u00eddeo que circula nas redes sociais, Ditinho do Asilo aparece com uma calcinha vermelha na m\u00e3o. Ele olha a pe\u00e7a e, depois, cheira. Logo em seguida, outro vereador tenta alertar o parlamentar. Assim que percebe que estava sendo filmado, Ditinho afasta a c\u00e2mera.<\/p>\n<p style=\"text-align: justify;\">De acordo com o vereador, ele estava no seu gabinete durante a sess\u00e3o quando recebeu um pacote. O parlamentar desativou o microfone da chamada com os vereadores para ver o que havia ganho, achando que o v\u00eddeo tamb\u00e9m seria desativado automaticamente.<\/p>\n<p style=\"text-align: justify;\">\u201cFoi uma infelicidade pela minha falta de pr\u00e1tica com essa coisa de tecnologia. Eu usava uma camiseta rosa e, para brincar, um amigo me mandou essa calcinha. Era um item desses de sexy shop, que \u00e9 comest\u00edvel. Por isso cheirei. Eu tenho fam\u00edlia. Isso era s\u00f3 uma piada que, por ingenuidade minha, virou p\u00fablica\u201d, comentou Ditinho.<\/p>\n<p style=\"text-align: justify;\">O G1 procurou a presid\u00eancia da c\u00e2mara de Bragan\u00e7a Paulista para saber se alguma medida contra o vereador seria adotada, mas n\u00e3o houve retorno at\u00e9 agora.<\/p>\n<div style=\"width: 640px;\" class=\"wp-video\"><!--[if lt IE 9]><script>document.createElement('video');<\/script><![endif]-->\n<video class=\"wp-video-shortcode\" id=\"video-12067-1\" width=\"640\" height=\"360\" preload=\"metadata\" controls=\"controls\"><source type=\"video\/mp4\" src=\"https:\/\/blogopara.com.br\/wp-content\/uploads\/2020\/06\/Vereador-Ditinho-do-Asilo-PSC-de-Bragan\u00e7a-Paulista-\u00e9-flagrado-cheirando-calcinha-comest\u00edvel-em-plena-sess\u00e3o-remota-da-C\u00e2mara-de-Vereaadores.-O-B.mp4?_=1\" \/><a href=\"https:\/\/blogopara.com.br\/wp-content\/uploads\/2020\/06\/Vereador-Ditinho-do-Asilo-PSC-de-Bragan\u00e7a-Paulista-\u00e9-flagrado-cheirando-calcinha-comest\u00edvel-em-plena-sess\u00e3o-remota-da-C\u00e2mara-de-Vereaadores.-O-B.mp4\">https:\/\/blogopara.com.br\/wp-content\/uploads\/2020\/06\/Vereador-Ditinho-do-Asilo-PSC-de-Bragan\u00e7a-Paulista-\u00e9-flagrado-cheirando-calcinha-comest\u00edvel-em-plena-sess\u00e3o-remota-da-C\u00e2mara-de-Vereaadores.-O-B.mp4<\/a><\/video><\/div>\n<pre>Fonte: G1<\/pre>\n","protected":false},"excerpt":{"rendered":"<p>O vereador Ditinho do Asilo (PSC), de\u00a0Bragan\u00e7a Paulista, no interior de S\u00e3o Paulo, foi flagrado cheirando uma calcinha comest\u00edvel, na ter\u00e7a-feira (23), durante uma sess\u00e3o virtual da C\u00e2mara Municipal da cidade. O ato ocorreu enquanto uma vereadora comentava sobre cortes de \u00e1rvores na cidade. No v\u00eddeo que circula nas redes sociais, Ditinho do Asilo aparece [&hellip;]<\/p>\n","protected":false},"author":1,"featured_media":12068,"comment_status":"open","ping_status":"open","sticky":false,"template":"","format":"standard","meta":{"_uag_custom_page_level_css":"","_monsterinsights_skip_tracking":false,"_monsterinsights_sitenote_active":false,"_monsterinsights_sitenote_note":"","_monsterinsights_sitenote_category":0,"jetpack_post_was_ever_published":false,"_jetpack_newsletter_access":"","_jetpack_dont_email_post_to_subs":false,"_jetpack_newsletter_tier_id":0,"_jetpack_memberships_contains_paywalled_content":false,"_jetpack_memberships_contains_paid_content":false,"footnotes":"","jetpack_publicize_message":"","jetpack_publicize_feature_enabled":true,"jetpack_social_post_already_shared":true,"jetpack_social_options":{"image_generator_settings":{"template":"highway","default_image_id":0,"font":"","enabled":false},"version":2}},"categories":[200,197],"tags":[],"class_list":["post-12067","post","type-post","status-publish","format-standard","has-post-thumbnail","hentry","category-brasil","category-politica"],"jetpack_publicize_connections":[],"jetpack_featured_media_url":"https:\/\/blogopara.com.br\/wp-content\/uploads\/2020\/06\/braganca-paulista.jpg","uagb_featured_image_src":{"full":["https:\/\/blogopara.com.br\/wp-content\/uploads\/2020\/06\/braganca-paulista.jpg",500,281,false],"thumbnail":["https:\/\/blogopara.com.br\/wp-content\/uploads\/2020\/06\/braganca-paulista-150x150.jpg",150,150,true],"medium":["https:\/\/blogopara.com.br\/wp-content\/uploads\/2020\/06\/braganca-paulista-300x169.jpg",300,169,true],"medium_large":["https:\/\/blogopara.com.br\/wp-content\/uploads\/2020\/06\/braganca-paulista.jpg",500,281,false],"large":["https:\/\/blogopara.com.br\/wp-content\/uploads\/2020\/06\/braganca-paulista.jpg",500,281,false],"1536x1536":["https:\/\/blogopara.com.br\/wp-content\/uploads\/2020\/06\/braganca-paulista.jpg",500,281,false],"2048x2048":["https:\/\/blogopara.com.br\/wp-content\/uploads\/2020\/06\/braganca-paulista.jpg",500,281,false],"mantranews-slider-large":["https:\/\/blogopara.com.br\/wp-content\/uploads\/2020\/06\/braganca-paulista.jpg",500,281,false],"mantranews-featured-medium":["https:\/\/blogopara.com.br\/wp-content\/uploads\/2020\/06\/braganca-paulista-420x281.jpg",420,281,true],"mantranews-featured-long":["https:\/\/blogopara.com.br\/wp-content\/uploads\/2020\/06\/braganca-paulista-300x281.jpg",300,281,true],"mantranews-block-medium":["https:\/\/blogopara.com.br\/wp-content\/uploads\/2020\/06\/braganca-paulista-464x281.jpg",464,281,true],"mantranews-carousel-image":["https:\/\/blogopara.com.br\/wp-content\/uploads\/2020\/06\/braganca-paulista.jpg",500,281,false],"mantranews-block-thumb":["https:\/\/blogopara.com.br\/wp-content\/uploads\/2020\/06\/braganca-paulista-322x230.jpg",322,230,true],"mantranews-single-large":["https:\/\/blogopara.com.br\/wp-content\/uploads\/2020\/06\/braganca-paulista.jpg",500,281,false]},"uagb_author_info":{"display_name":"Reda\u00e7\u00e3o geral","author_link":"https:\/\/blogopara.com.br\/index.php\/author\/blogopara"},"uagb_comment_info":0,"uagb_excerpt":"O vereador Ditinho do Asilo (PSC), de\u00a0Bragan\u00e7a Paulista, no interior de S\u00e3o Paulo, foi flagrado cheirando uma calcinha comest\u00edvel, na ter\u00e7a-feira (23), durante uma sess\u00e3o virtual da C\u00e2mara Municipal da cidade. O ato ocorreu enquanto uma vereadora comentava sobre cortes de \u00e1rvores na cidade. No v\u00eddeo que circula nas redes sociais, Ditinho do Asilo aparece&hellip;","jetpack_sharing_enabled":true,"jetpack_likes_enabled":true,"_links":{"self":[{"href":"https:\/\/blogopara.com.br\/index.php\/wp-json\/wp\/v2\/posts\/12067","targetHints":{"allow":["GET"]}}],"collection":[{"href":"https:\/\/blogopara.com.br\/index.php\/wp-json\/wp\/v2\/posts"}],"about":[{"href":"https:\/\/blogopara.com.br\/index.php\/wp-json\/wp\/v2\/types\/post"}],"author":[{"embeddable":true,"href":"https:\/\/blogopara.com.br\/index.php\/wp-json\/wp\/v2\/users\/1"}],"replies":[{"embeddable":true,"href":"https:\/\/blogopara.com.br\/index.php\/wp-json\/wp\/v2\/comments?post=12067"}],"version-history":[{"count":1,"href":"https:\/\/blogopara.com.br\/index.php\/wp-json\/wp\/v2\/posts\/12067\/revisions"}],"predecessor-version":[{"id":12070,"href":"https:\/\/blogopara.com.br\/index.php\/wp-json\/wp\/v2\/posts\/12067\/revisions\/12070"}],"wp:featuredmedia":[{"embeddable":true,"href":"https:\/\/blogopara.com.br\/index.php\/wp-json\/wp\/v2\/media\/12068"}],"wp:attachment":[{"href":"https:\/\/blogopara.com.br\/index.php\/wp-json\/wp\/v2\/media?parent=12067"}],"wp:term":[{"taxonomy":"category","embeddable":true,"href":"https:\/\/blogopara.com.br\/index.php\/wp-json\/wp\/v2\/categories?post=12067"},{"taxonomy":"post_tag","embeddable":true,"href":"https:\/\/blogopara.com.br\/index.php\/wp-json\/wp\/v2\/tags?post=12067"}],"curies":[{"name":"wp","href":"https:\/\/api.w.org\/{rel}","templated":true}]}}