{"id":12071,"date":"2020-06-26T08:49:00","date_gmt":"2020-06-26T11:49:00","guid":{"rendered":"http:\/\/blogopara.com.br\/?p=12071"},"modified":"2020-06-25T15:03:02","modified_gmt":"2020-06-25T18:03:02","slug":"juazeiro-o-pv-escolheu-carlos-neiva-como-pre-candidato-a-prefeito","status":"publish","type":"post","link":"https:\/\/blogopara.com.br\/index.php\/2020\/06\/26\/juazeiro-o-pv-escolheu-carlos-neiva-como-pre-candidato-a-prefeito","title":{"rendered":"Juazeiro: O PV escolheu Carlos Neiva como pr\u00e9-candidato a prefeito"},"content":{"rendered":"<p style=\"text-align: justify;\">O Partido Verde apresentou Carlos Neiva como pr\u00e9-candidato a prefeito de Juazeiro na elei\u00e7\u00e3o 2020, na tarde da \u00faltima quarta-feira (24), em entrevistas concedidas a emissoras de r\u00e1dio da cidade. Na ocasi\u00e3o o presidente da legenda, em Juazeiro, Jo\u00e3o Victor, explicou que a defini\u00e7\u00e3o ocorreu a partir de um consenso entre os outros cinco pr\u00e9 -candidatos do partido.<\/p>\n<p style=\"text-align: justify;\">\u201cCom maturidade e desapego pessoal, constru\u00edmos o consenso de somar todos os esfor\u00e7os e contribui\u00e7\u00f5es dessas pessoas para construir op\u00e7\u00f5es vi\u00e1veis para Juazeiro, com Carlos Neiva nos representando\u201d, elucidou Jo\u00e3o Vitor.<\/p>\n<p style=\"text-align: justify;\">Carlos Neiva \u00e9 empres\u00e1rio na regi\u00e3o e ex-secret\u00e1rio de desenvolvimento econ\u00f4mico, per\u00edodo no qual trouxe grandes contribui\u00e7\u00f5es para o munic\u00edpio de Juazeiro. O dirigente estadual do PV na Bahia, Ivanilson Gomes, esteve presente na entrevista e declarou que o consenso foi poss\u00edvel em virtude da forte integra\u00e7\u00e3o da equipe e reafirmou o total apoio do diret\u00f3rio Estadual e Nacional \u00e0 pr\u00e9-candidatura de Carlos Neiva. Ele informou tamb\u00e9m que na pr\u00f3xima semana, Carlos Neiva dever\u00e1 se pronunciar oficialmente.<\/p>\n<p style=\"text-align: justify;\">A integrante das executivas estadual e nacional, Edna Fran\u00e7a, enalteceu que o sentimento de renova\u00e7\u00e3o para Juazeiro por parte dos militantes \u00e9 maior que os seus anseios pessoais. \u201cEstou contribuindo para este projeto com orienta\u00e7\u00e3o do PV nacional, que nos orientou a reunir os melhores quadros e me surpreende a maturidade desses homens, valorosos, que abdicaram dos seus sonhos pessoais para trabalhar em prol de Juazeiro\u201d, explicou Fran\u00e7a.<\/p>\n<p style=\"text-align: justify;\">Na sequ\u00eancia, os militantes que tamb\u00e9m eram cotados \u00e0 pr\u00e9-candidatura e, por fim, optaram por Carlos Neiva apresentaram as suas respectivas raz\u00f5es: M\u00e1rio Sp\u00ednola, considerou que s\u00e3o muito os pontos que os conduziram \u00e0 essa escolha e destacou \u201cTudo \u00e9 converg\u00eancia nesse projeto que estamos oferecendo para Juazeiro e foi isso que nos aproximou. H\u00e1 um denominador comum, existem muitos pontos que nos aproximam, fortalecem essa escolha, isso nos levou a uma decis\u00e3o consensual e Carlos Neiva ser\u00e1 o nosso l\u00edder nesse projeto\u201d, afirmou Sp\u00ednola.<\/p>\n<p style=\"text-align: justify;\">J\u00e1 Ant\u00f4nio Lewis (Cuscuz) pontuou que os feitos de Carlos Neiva indicam sua capacidade para assumir o pleito: \u201cEntendemos que Carlos Neiva \u00e9 a pessoa mais capacitada para assumir essa candidatura e resolvemos fechar com ele, que \u00e9 uma pessoa que sempre contribuiu com o desenvolvimento de Juazeiro e est\u00e1 capacitado a nos representar nesse projeto de reconstru\u00e7\u00e3o\u201d, conclui Lewis.<\/p>\n<p style=\"text-align: justify;\">Wank Medrado visualizou com tranquilidade a abdica\u00e7\u00e3o de sua pr\u00e9-candidatura, pois segundo ele, \u00e9 parte do processo abrir m\u00e3o dos anseios pessoais em prol de um bem maior. \u201cTodos n\u00f3s temos vontade de contribuir para resgatar a autoestima da popula\u00e7\u00e3o. Estamos refor\u00e7ando um grupo estruturado e articulado com o objetivo de oferecer a Juazeiro um projeto e algu\u00e9m que pudesse protagonizar essa ideia. Nesse momento Carlos Neiva re\u00fane as melhores condi\u00e7\u00f5es para conduzir esse projeto\u201d, explicou Wank.<\/p>\n<p style=\"text-align: justify;\">Para Valdemar Borges colocou a integra\u00e7\u00e3o do Partido favorece a colabora\u00e7\u00e3o e atua\u00e7\u00e3o dos membros no projeto de resgate para Juazeiro. \u201cEncontramos no PV o espa\u00e7o ideal para contribuir com Juazeiro, de forma t\u00e9cnica. Carlos Neiva vai comandar esse projeto por uma nova Juazeiro, voltada \u00e0 modernidade, Juazeiro precisa muito disso, a pandemia mostrou nossas fragilidades, estamos numa cidade arrasada, o com\u00e9rcio est\u00e1 arrasado e vamos retomar nossa economia com Carlos Neiva \u00e0 frente deste grande projeto \u201d, finalizou Borges.<\/p>\n<pre style=\"text-align: justify;\">ASCOM PV<\/pre>\n","protected":false},"excerpt":{"rendered":"<p>O Partido Verde apresentou Carlos Neiva como pr\u00e9-candidato a prefeito de Juazeiro na elei\u00e7\u00e3o 2020, na tarde da \u00faltima quarta-feira (24), em entrevistas concedidas a emissoras de r\u00e1dio da cidade. Na ocasi\u00e3o o presidente da legenda, em Juazeiro, Jo\u00e3o Victor, explicou que a defini\u00e7\u00e3o ocorreu a partir de um consenso entre os outros cinco pr\u00e9 [&hellip;]<\/p>\n","protected":false},"author":1,"featured_media":12072,"comment_status":"open","ping_status":"open","sticky":false,"template":"","format":"standard","meta":{"_uag_custom_page_level_css":"","_monsterinsights_skip_tracking":false,"_monsterinsights_sitenote_active":false,"_monsterinsights_sitenote_note":"","_monsterinsights_sitenote_category":0,"jetpack_post_was_ever_published":false,"_jetpack_newsletter_access":"","_jetpack_dont_email_post_to_subs":false,"_jetpack_newsletter_tier_id":0,"_jetpack_memberships_contains_paywalled_content":false,"_jetpack_memberships_contains_paid_content":false,"footnotes":"","jetpack_publicize_message":"","jetpack_publicize_feature_enabled":true,"jetpack_social_post_already_shared":true,"jetpack_social_options":{"image_generator_settings":{"template":"highway","default_image_id":0,"font":"","enabled":false},"version":2}},"categories":[203],"tags":[],"class_list":["post-12071","post","type-post","status-publish","format-standard","has-post-thumbnail","hentry","category-juazeiro"],"jetpack_publicize_connections":[],"jetpack_featured_media_url":"https:\/\/blogopara.com.br\/wp-content\/uploads\/2020\/06\/o-que-mudou-de-maio-a-junho_-1.jpg","uagb_featured_image_src":{"full":["https:\/\/blogopara.com.br\/wp-content\/uploads\/2020\/06\/o-que-mudou-de-maio-a-junho_-1.jpg",500,500,false],"thumbnail":["https:\/\/blogopara.com.br\/wp-content\/uploads\/2020\/06\/o-que-mudou-de-maio-a-junho_-1-150x150.jpg",150,150,true],"medium":["https:\/\/blogopara.com.br\/wp-content\/uploads\/2020\/06\/o-que-mudou-de-maio-a-junho_-1-300x300.jpg",300,300,true],"medium_large":["https:\/\/blogopara.com.br\/wp-content\/uploads\/2020\/06\/o-que-mudou-de-maio-a-junho_-1.jpg",500,500,false],"large":["https:\/\/blogopara.com.br\/wp-content\/uploads\/2020\/06\/o-que-mudou-de-maio-a-junho_-1.jpg",500,500,false],"1536x1536":["https:\/\/blogopara.com.br\/wp-content\/uploads\/2020\/06\/o-que-mudou-de-maio-a-junho_-1.jpg",500,500,false],"2048x2048":["https:\/\/blogopara.com.br\/wp-content\/uploads\/2020\/06\/o-que-mudou-de-maio-a-junho_-1.jpg",500,500,false],"mantranews-slider-large":["https:\/\/blogopara.com.br\/wp-content\/uploads\/2020\/06\/o-que-mudou-de-maio-a-junho_-1.jpg",500,500,false],"mantranews-featured-medium":["https:\/\/blogopara.com.br\/wp-content\/uploads\/2020\/06\/o-que-mudou-de-maio-a-junho_-1-420x307.jpg",420,307,true],"mantranews-featured-long":["https:\/\/blogopara.com.br\/wp-content\/uploads\/2020\/06\/o-que-mudou-de-maio-a-junho_-1-300x443.jpg",300,443,true],"mantranews-block-medium":["https:\/\/blogopara.com.br\/wp-content\/uploads\/2020\/06\/o-que-mudou-de-maio-a-junho_-1-464x290.jpg",464,290,true],"mantranews-carousel-image":["https:\/\/blogopara.com.br\/wp-content\/uploads\/2020\/06\/o-que-mudou-de-maio-a-junho_-1.jpg",500,500,false],"mantranews-block-thumb":["https:\/\/blogopara.com.br\/wp-content\/uploads\/2020\/06\/o-que-mudou-de-maio-a-junho_-1-322x230.jpg",322,230,true],"mantranews-single-large":["https:\/\/blogopara.com.br\/wp-content\/uploads\/2020\/06\/o-que-mudou-de-maio-a-junho_-1.jpg",500,500,false]},"uagb_author_info":{"display_name":"Reda\u00e7\u00e3o geral","author_link":"https:\/\/blogopara.com.br\/index.php\/author\/blogopara"},"uagb_comment_info":0,"uagb_excerpt":"O Partido Verde apresentou Carlos Neiva como pr\u00e9-candidato a prefeito de Juazeiro na elei\u00e7\u00e3o 2020, na tarde da \u00faltima quarta-feira (24), em entrevistas concedidas a emissoras de r\u00e1dio da cidade. Na ocasi\u00e3o o presidente da legenda, em Juazeiro, Jo\u00e3o Victor, explicou que a defini\u00e7\u00e3o ocorreu a partir de um consenso entre os outros cinco pr\u00e9&hellip;","jetpack_sharing_enabled":true,"jetpack_likes_enabled":true,"_links":{"self":[{"href":"https:\/\/blogopara.com.br\/index.php\/wp-json\/wp\/v2\/posts\/12071","targetHints":{"allow":["GET"]}}],"collection":[{"href":"https:\/\/blogopara.com.br\/index.php\/wp-json\/wp\/v2\/posts"}],"about":[{"href":"https:\/\/blogopara.com.br\/index.php\/wp-json\/wp\/v2\/types\/post"}],"author":[{"embeddable":true,"href":"https:\/\/blogopara.com.br\/index.php\/wp-json\/wp\/v2\/users\/1"}],"replies":[{"embeddable":true,"href":"https:\/\/blogopara.com.br\/index.php\/wp-json\/wp\/v2\/comments?post=12071"}],"version-history":[{"count":1,"href":"https:\/\/blogopara.com.br\/index.php\/wp-json\/wp\/v2\/posts\/12071\/revisions"}],"predecessor-version":[{"id":12073,"href":"https:\/\/blogopara.com.br\/index.php\/wp-json\/wp\/v2\/posts\/12071\/revisions\/12073"}],"wp:featuredmedia":[{"embeddable":true,"href":"https:\/\/blogopara.com.br\/index.php\/wp-json\/wp\/v2\/media\/12072"}],"wp:attachment":[{"href":"https:\/\/blogopara.com.br\/index.php\/wp-json\/wp\/v2\/media?parent=12071"}],"wp:term":[{"taxonomy":"category","embeddable":true,"href":"https:\/\/blogopara.com.br\/index.php\/wp-json\/wp\/v2\/categories?post=12071"},{"taxonomy":"post_tag","embeddable":true,"href":"https:\/\/blogopara.com.br\/index.php\/wp-json\/wp\/v2\/tags?post=12071"}],"curies":[{"name":"wp","href":"https:\/\/api.w.org\/{rel}","templated":true}]}}