{"id":12100,"date":"2020-06-27T09:23:00","date_gmt":"2020-06-27T12:23:00","guid":{"rendered":"http:\/\/blogopara.com.br\/?p=12100"},"modified":"2020-06-26T10:33:24","modified_gmt":"2020-06-26T13:33:24","slug":"marco-do-saneamento-da-file-a-empresa-e-osso-ao-estado-diz-lider-do-pt","status":"publish","type":"post","link":"https:\/\/blogopara.com.br\/index.php\/2020\/06\/27\/marco-do-saneamento-da-file-a-empresa-e-osso-ao-estado-diz-lider-do-pt","title":{"rendered":"Marco do Saneamento d\u00e1 &#8220;fil\u00e9&#8221; \u00e0 empresa e &#8220;osso&#8221; ao Estado, diz l\u00edder do PT"},"content":{"rendered":"<p style=\"text-align: justify;\">&#8220;V\u00e3o separar o que \u00e9 lucrativo do que n\u00e3o \u00e9 lucrativo e vender o que d\u00e1 lucro. Essa hist\u00f3ria de que o marco levar\u00e1 \u00e0 universaliza\u00e7\u00e3o do saneamento b\u00e1sico \u00e9 apenas discurso para convencer a sociedade a aceitar sua aprova\u00e7\u00e3o. Na pr\u00e1tica, o projeto aponta para separar as \u00e1reas que s\u00e3o rent\u00e1veis, abrindo a possibilidade de empresas privadas adquirirem o &#8216;fil\u00e9&#8217; deixando o &#8216;osso&#8217; com o Estado.&#8221;<\/p>\n<p style=\"text-align: justify;\">Essa \u00e9 a avalia\u00e7\u00e3o de Rog\u00e9rio Carvalho (PT-SE), l\u00edder do partido no Senado Federal, sobre a aprova\u00e7\u00e3o do marco regulat\u00f3rio do saneamento b\u00e1sico pelo Congresso Nacional, nesta quarta (24), por 65 votos a 13. Os seis senadores do Partido dos Trabalhadores se posicionaram contra. O texto seguiu para san\u00e7\u00e3o presidencial.<\/p>\n<p style=\"text-align: justify;\">A proposta, que estimula a participa\u00e7\u00e3o da iniciativa privada no setor, promete universalizar os servi\u00e7os de fornecimento de \u00e1gua e coleta e tratamento de esgoto no pa\u00eds. E prev\u00ea investimentos da ordem de R$ 700 bilh\u00f5es.<\/p>\n<p style=\"text-align: justify;\">&#8220;O setor precisa de investimento privado, de profissionalizar a gest\u00e3o, de tornar os processos mais racionais. Mas um marco regulat\u00f3rio precisaria se atentar que est\u00e1 lidando com servi\u00e7o publico. Portanto, a prioridade \u00e9 o bem-estar da popula\u00e7\u00e3o&#8221;, afirma.<\/p>\n<p style=\"text-align: justify;\">Carvalho defende que empresas que assumirem os servi\u00e7os em determinada regi\u00e3o s\u00f3 possam come\u00e7ar a distribuir dividendos a seus acionistas depois que praticamente universalizarem a cobertura de \u00e1gua e esgoto.<\/p>\n<p style=\"text-align: justify;\">&#8220;Por\u00e9m, o que foi aprovado \u00e9 que se em 2033 as empresas n\u00e3o atingirem a meta, tem prazo at\u00e9 2040. Se em 2040 n\u00e3o atingirem, s\u00f3 a\u00ed ficam suspensos os dividendos. Da\u00ed, a empresa vai explorar o que puder e entregar de volta ao Estado em 2040. N\u00e3o deu, entrega, devolve&#8221;, afirma.<\/p>\n<p style=\"text-align: justify;\">Ele compara o debate atual sobre \u00e1gua e esgoto com a privatiza\u00e7\u00e3o do sistema el\u00e9trico durante o governo do ex-presidente Fernando Henrique.<\/p>\n<p style=\"text-align: justify;\">&#8220;As concession\u00e1rias de energia foram entregues \u00e0 iniciativa privada. Mas isso n\u00e3o levou energia para todos, n\u00e3o universalizou o servi\u00e7o. O que s\u00f3 foi resolvido com um programa por parte do Estado, o &#8216;Luz para Todos&#8217;, que tirou milh\u00f5es de fam\u00edlias da escurid\u00e3o, atuando, inclusive, com empresas privadas&#8221;, avalia.<\/p>\n<p style=\"text-align: justify;\">O l\u00edder do PT no Senado, que \u00e9 m\u00e9dico com doutorado em Sa\u00fade Coletiva pela Unicamp, relata que h\u00e1 cinco cidades em seu Estado, Sergipe, que s\u00e3o lucrativas nesse setor e outras 70 que n\u00e3o e, portanto, s\u00e3o subsidiadas em um financiamento cruzado. Para ele, h\u00e1 outros munic\u00edpios que podem vir a se tornaram lucrativos, mas tamb\u00e9m h\u00e1 aquelas que nunca ter\u00e3o \u00e1gua e esgoto sem ajuda externa.<\/p>\n<p style=\"text-align: justify;\">O projeto prev\u00ea a possibilidade de estados e munic\u00edpios formar blocos &#8211; o que, em tese, ajudaria a tornar atraentes locais mais pobres.<\/p>\n<p style=\"text-align: justify;\">&#8220;O marco do saneamento sugere a quest\u00e3o do financiamento cruzado, mas d\u00e1 a liberdade aos munic\u00edpios de se organizarem. Com isso, vamos ter uma s\u00e9rie de manchas no Brasil, invi\u00e1veis e sem interesse comercial, e outras ilhas de prosperidade. Na constru\u00e7\u00e3o dos blocos, haver\u00e1 quem fique com o fil\u00e9. E o osso vai ficar com o poder p\u00fablico&#8221;, diz.<\/p>\n<p style=\"text-align: justify;\">Dessa forma, o Estado teria que assumir o \u00f4nus dos munic\u00edpios inviabilizados, agora sem a possibilidade de redistribuir recursos de outras \u00e1reas lucrativas nos locais mais pobres distantes.<\/p>\n<p style=\"text-align: justify;\">Para ele, o pre\u00e7o do servi\u00e7o vai aumentar e n\u00e3o haver\u00e1 a amplia\u00e7\u00e3o necess\u00e1ria da rede em termos nacionais.<\/p>\n<p style=\"text-align: justify;\">&#8220;As empresas estatais de energia el\u00e9trica assumiram uma rede de distribui\u00e7\u00e3o p\u00fablica. Elas n\u00e3o fizeram, ao longo dos anos, grandes investimentos a n\u00e3o ser em manuten\u00e7\u00e3o e na conex\u00e3o com o consumidor. A amplia\u00e7\u00e3o da rede de distribui\u00e7\u00e3o foi feita com recursos p\u00fablicos, investimento do governo. A mesma coisa vai acontecer com o setor de saneamento&#8221;, opina.<\/p>\n<p style=\"text-align: justify;\">Tamb\u00e9m aponta para o risco de desvaloriza\u00e7\u00e3o dos ativos das companhias estaduais. &#8220;Do jeito que o marco foi proposto, vai haver uma perda de valor de mercado dessas companhias autorizadas hoje a operar, que \u00e9 o principal atrativo para aportar investimento. Reduzir\u00e1, portanto, a capacidade de investimento delas&#8221;.<\/p>\n<p style=\"text-align: justify;\">E questiona quem ser\u00e3o os interessados em assumir o servi\u00e7o. &#8220;De onde vir\u00e1 o dinheiro privado nos pr\u00f3ximos anos para tanto? Com esse governo que est\u00e1 espantando as empresas aqui por conta de sua postura eco suicida?&#8221;, fazendo refer\u00eancia \u00e0 preocupa\u00e7\u00e3o demonstrada por fundos de investimento estrangeiros com a situa\u00e7\u00e3o ambiental do Brasil.<\/p>\n<pre>Fonte: UOL<\/pre>\n","protected":false},"excerpt":{"rendered":"<p>&#8220;V\u00e3o separar o que \u00e9 lucrativo do que n\u00e3o \u00e9 lucrativo e vender o que d\u00e1 lucro. Essa hist\u00f3ria de que o marco levar\u00e1 \u00e0 universaliza\u00e7\u00e3o do saneamento b\u00e1sico \u00e9 apenas discurso para convencer a sociedade a aceitar sua aprova\u00e7\u00e3o. Na pr\u00e1tica, o projeto aponta para separar as \u00e1reas que s\u00e3o rent\u00e1veis, abrindo a possibilidade [&hellip;]<\/p>\n","protected":false},"author":1,"featured_media":12101,"comment_status":"open","ping_status":"open","sticky":false,"template":"","format":"standard","meta":{"_uag_custom_page_level_css":"","_monsterinsights_skip_tracking":false,"_monsterinsights_sitenote_active":false,"_monsterinsights_sitenote_note":"","_monsterinsights_sitenote_category":0,"jetpack_post_was_ever_published":false,"_jetpack_newsletter_access":"","_jetpack_dont_email_post_to_subs":false,"_jetpack_newsletter_tier_id":0,"_jetpack_memberships_contains_paywalled_content":false,"_jetpack_memberships_contains_paid_content":false,"footnotes":"","jetpack_publicize_message":"","jetpack_publicize_feature_enabled":true,"jetpack_social_post_already_shared":true,"jetpack_social_options":{"image_generator_settings":{"template":"highway","default_image_id":0,"font":"","enabled":false},"version":2}},"categories":[200,197,205],"tags":[],"class_list":["post-12100","post","type-post","status-publish","format-standard","has-post-thumbnail","hentry","category-brasil","category-politica","category-saude"],"jetpack_publicize_connections":[],"jetpack_featured_media_url":"https:\/\/blogopara.com.br\/wp-content\/uploads\/2020\/06\/Saneamento_20180911_00143.jpg","uagb_featured_image_src":{"full":["https:\/\/blogopara.com.br\/wp-content\/uploads\/2020\/06\/Saneamento_20180911_00143.jpg",500,331,false],"thumbnail":["https:\/\/blogopara.com.br\/wp-content\/uploads\/2020\/06\/Saneamento_20180911_00143-150x150.jpg",150,150,true],"medium":["https:\/\/blogopara.com.br\/wp-content\/uploads\/2020\/06\/Saneamento_20180911_00143-300x199.jpg",300,199,true],"medium_large":["https:\/\/blogopara.com.br\/wp-content\/uploads\/2020\/06\/Saneamento_20180911_00143.jpg",500,331,false],"large":["https:\/\/blogopara.com.br\/wp-content\/uploads\/2020\/06\/Saneamento_20180911_00143.jpg",500,331,false],"1536x1536":["https:\/\/blogopara.com.br\/wp-content\/uploads\/2020\/06\/Saneamento_20180911_00143.jpg",500,331,false],"2048x2048":["https:\/\/blogopara.com.br\/wp-content\/uploads\/2020\/06\/Saneamento_20180911_00143.jpg",500,331,false],"mantranews-slider-large":["https:\/\/blogopara.com.br\/wp-content\/uploads\/2020\/06\/Saneamento_20180911_00143.jpg",500,331,false],"mantranews-featured-medium":["https:\/\/blogopara.com.br\/wp-content\/uploads\/2020\/06\/Saneamento_20180911_00143-420x307.jpg",420,307,true],"mantranews-featured-long":["https:\/\/blogopara.com.br\/wp-content\/uploads\/2020\/06\/Saneamento_20180911_00143-300x331.jpg",300,331,true],"mantranews-block-medium":["https:\/\/blogopara.com.br\/wp-content\/uploads\/2020\/06\/Saneamento_20180911_00143-464x290.jpg",464,290,true],"mantranews-carousel-image":["https:\/\/blogopara.com.br\/wp-content\/uploads\/2020\/06\/Saneamento_20180911_00143.jpg",500,331,false],"mantranews-block-thumb":["https:\/\/blogopara.com.br\/wp-content\/uploads\/2020\/06\/Saneamento_20180911_00143-322x230.jpg",322,230,true],"mantranews-single-large":["https:\/\/blogopara.com.br\/wp-content\/uploads\/2020\/06\/Saneamento_20180911_00143.jpg",500,331,false]},"uagb_author_info":{"display_name":"Reda\u00e7\u00e3o geral","author_link":"https:\/\/blogopara.com.br\/index.php\/author\/blogopara"},"uagb_comment_info":0,"uagb_excerpt":"&#8220;V\u00e3o separar o que \u00e9 lucrativo do que n\u00e3o \u00e9 lucrativo e vender o que d\u00e1 lucro. Essa hist\u00f3ria de que o marco levar\u00e1 \u00e0 universaliza\u00e7\u00e3o do saneamento b\u00e1sico \u00e9 apenas discurso para convencer a sociedade a aceitar sua aprova\u00e7\u00e3o. Na pr\u00e1tica, o projeto aponta para separar as \u00e1reas que s\u00e3o rent\u00e1veis, abrindo a possibilidade&hellip;","jetpack_sharing_enabled":true,"jetpack_likes_enabled":true,"_links":{"self":[{"href":"https:\/\/blogopara.com.br\/index.php\/wp-json\/wp\/v2\/posts\/12100","targetHints":{"allow":["GET"]}}],"collection":[{"href":"https:\/\/blogopara.com.br\/index.php\/wp-json\/wp\/v2\/posts"}],"about":[{"href":"https:\/\/blogopara.com.br\/index.php\/wp-json\/wp\/v2\/types\/post"}],"author":[{"embeddable":true,"href":"https:\/\/blogopara.com.br\/index.php\/wp-json\/wp\/v2\/users\/1"}],"replies":[{"embeddable":true,"href":"https:\/\/blogopara.com.br\/index.php\/wp-json\/wp\/v2\/comments?post=12100"}],"version-history":[{"count":1,"href":"https:\/\/blogopara.com.br\/index.php\/wp-json\/wp\/v2\/posts\/12100\/revisions"}],"predecessor-version":[{"id":12102,"href":"https:\/\/blogopara.com.br\/index.php\/wp-json\/wp\/v2\/posts\/12100\/revisions\/12102"}],"wp:featuredmedia":[{"embeddable":true,"href":"https:\/\/blogopara.com.br\/index.php\/wp-json\/wp\/v2\/media\/12101"}],"wp:attachment":[{"href":"https:\/\/blogopara.com.br\/index.php\/wp-json\/wp\/v2\/media?parent=12100"}],"wp:term":[{"taxonomy":"category","embeddable":true,"href":"https:\/\/blogopara.com.br\/index.php\/wp-json\/wp\/v2\/categories?post=12100"},{"taxonomy":"post_tag","embeddable":true,"href":"https:\/\/blogopara.com.br\/index.php\/wp-json\/wp\/v2\/tags?post=12100"}],"curies":[{"name":"wp","href":"https:\/\/api.w.org\/{rel}","templated":true}]}}