{"id":12188,"date":"2020-06-29T07:49:00","date_gmt":"2020-06-29T10:49:00","guid":{"rendered":"http:\/\/blogopara.com.br\/?p=12188"},"modified":"2020-06-28T20:13:53","modified_gmt":"2020-06-28T23:13:53","slug":"filme-do-rio-sao-francisco-sera-exibido-em-festival-na-franca","status":"publish","type":"post","link":"https:\/\/blogopara.com.br\/index.php\/2020\/06\/29\/filme-do-rio-sao-francisco-sera-exibido-em-festival-na-franca","title":{"rendered":"Filme do Rio S\u00e3o Francisco ser\u00e1 exibido em Festival na Fran\u00e7a"},"content":{"rendered":"<p style=\"text-align: justify;\">O filme \u201cO menino que tinha medo do rio\u201d, produzido por ribeirinhos da cidade de Petrol\u00e2ndia, foi selecionado para o Festival Internacional de Cinema de Contis, na Fran\u00e7a. O evento ocorrer\u00e1 virtualmente entre os dias 02 a 06 de julho e apresenta uma programa\u00e7\u00e3o diversificada com exibi\u00e7\u00e3o de filmes de v\u00e1rios pa\u00edses, exposi\u00e7\u00f5es, debates e competi\u00e7\u00e3o europeia de curta metragens.<\/p>\n<p style=\"text-align: justify;\">A produ\u00e7\u00e3o ribeirinha selecionada comp\u00f5e a modalidade \u201c\u00c9ducation \u00e0 l\u2019image\u201d<br \/>\n(Cinema pela Educa\u00e7\u00e3o), que \u00e9 uma mostra n\u00e3o competitiva e ser\u00e1 exibida no primeiro dia do Festival (02), a partir das 13h (hor\u00e1rio de Bras\u00edlia). O Filme \u201cO menino que tinha medo do Rio\u201d \u00e9 uma realiza\u00e7\u00e3o do projeto \u201cCinema no Interior &#8211; Edi\u00e7\u00e3o Especial Velho Chico\u201d e tem alcan\u00e7ado reconhecimentos do p\u00fablico e da cr\u00edtica atrav\u00e9s de premia\u00e7\u00f5es em outros festivais. No XXI Festival de Curtas de Pernambuco na categoria Fic\u00e7\u00e3o Forma\u00e7\u00e3o, recebeu o pr\u00eamio de melhor filme. J\u00e1 no XIII Festival Internacional Curta Taquary, na Mostra D\u00e1lia da Serra, conquistou o pr\u00eamio de melhor ator pela atua\u00e7\u00e3o de Jerzeel Messias, como In\u00e1cio, o menino que tinha medo do rio.<\/p>\n<p style=\"text-align: justify;\">A professora Natalia Maia, que interpreta a personagem Maria, a av\u00f3 do menino que tinha medo do rio, pontua que o \u201cCinema no Interior\u201d a transformou em uma atriz mais potente. \u201cA Nat\u00e1lia que foi \u00e0 primeira reuni\u00e3o desse projeto, definitivamente n\u00e3o \u00e9 a mesma que se v\u00ea na tela dos festivais hoje. Essa experi\u00eancia ofereceu \u00e0s pessoas comuns o mundo m\u00e1gico das artes, e ser artista requer muito trabalho com o nosso interior. Toda aprendizagem, melhoramento intelectual e espiritual eu agrade\u00e7o de cora\u00e7\u00e3o a oportunidade oferecida pelo Projeto Cinema no Interior\u201d, elucida Maia.<\/p>\n<p style=\"text-align: justify;\">O curta-metragem ficar\u00e1 dispon\u00edvel durante todo o evento e nesse encontro franco-brasileiro, ter\u00e1 a exibi\u00e7\u00e3o de outro filme do projeto \u201cCinema no Interior\u201d, \u201cCine Liberdade\u201d, que retrata uma experi\u00eancia audiovisual iniciada nos Centros Socioeducativos no estado do Cear\u00e1. Ocorrer\u00e1 ainda a apresenta\u00e7\u00e3o do filme franc\u00eas, \u201cLETTRES CONFIN\u00c9ES\u201d (\u2018Cartas Confinadas\u2019), realizado pela Douze Films, com legenda em portugu\u00eas.<\/p>\n<p style=\"text-align: justify;\">O projeto Cinema no Interior, tem como objetivo contribuir com o desenvolvimento sociocultural de comunidades do Nordeste brasileiro por meio de ferramentas cinematogr\u00e1ficas. O projeto foi selecionado no XI Edital de Fomento ao Audiovisual do Estado do Pernambuco e no Edital SAV\/Minc\/2018, j\u00e1 a edi\u00e7\u00e3o especial Cine Liberdade foi realizada em parceria com a SEAS (Superintend\u00eancia Estadual de Atendimento Socioeducativo do Cear\u00e1).<\/p>\n<p style=\"text-align: justify;\">O idealizador e diretor geral do \u201cCinema no Interior\u201d, Marcos Carvalho, explica que, \u201c\u00c9 muito enriquecedor contribuir com o desenvolvimento da arte nos sert\u00f5es atrav\u00e9s do v\u00edeis formativo, trabalhando em conjunto com as comunidades ribeirinhas e as prefeituras municipais locais, possibilitando a gera\u00e7\u00e3o de sementes e frutos comprometidos com a exalta\u00e7\u00e3o da nossa cultura dentro e fora do pa\u00eds, de cuidado com o meio ambiente e respeito com os povos origin\u00e1rios do Brasil\u201d, elucida Marcos.<\/p>\n<p style=\"text-align: justify;\">Os interessados em apreciar e participar desse encontro franco-brasileiro na modalidade \u201cCinema pela Educa\u00e7\u00e3o\u201d e, prestigiar aos demais eventos do Festival Internacional de Cinema de Contis, devem acessar o site &lt;http:\/\/www.cinema-contis.fr\/education-a-limage\/&gt;, todo o conte\u00fado audiovisual estar\u00e1 disponibilizado gratuitamente a partir das 13h (hor\u00e1rio de Bras\u00edlia) da pr\u00f3xima quinta (02).<\/p>\n<p style=\"text-align: justify;\">Ascom Cinema no Interior<\/p>\n","protected":false},"excerpt":{"rendered":"<p>O filme \u201cO menino que tinha medo do rio\u201d, produzido por ribeirinhos da cidade de Petrol\u00e2ndia, foi selecionado para o Festival Internacional de Cinema de Contis, na Fran\u00e7a. O evento ocorrer\u00e1 virtualmente entre os dias 02 a 06 de julho e apresenta uma programa\u00e7\u00e3o diversificada com exibi\u00e7\u00e3o de filmes de v\u00e1rios pa\u00edses, exposi\u00e7\u00f5es, debates e [&hellip;]<\/p>\n","protected":false},"author":1,"featured_media":12189,"comment_status":"open","ping_status":"open","sticky":false,"template":"","format":"standard","meta":{"_uag_custom_page_level_css":"","_monsterinsights_skip_tracking":false,"_monsterinsights_sitenote_active":false,"_monsterinsights_sitenote_note":"","_monsterinsights_sitenote_category":0,"jetpack_post_was_ever_published":false,"_jetpack_newsletter_access":"","_jetpack_dont_email_post_to_subs":false,"_jetpack_newsletter_tier_id":0,"_jetpack_memberships_contains_paywalled_content":false,"_jetpack_memberships_contains_paid_content":false,"footnotes":"","jetpack_publicize_message":"","jetpack_publicize_feature_enabled":true,"jetpack_social_post_already_shared":true,"jetpack_social_options":{"image_generator_settings":{"template":"highway","default_image_id":0,"font":"","enabled":false},"version":2}},"categories":[199],"tags":[],"class_list":["post-12188","post","type-post","status-publish","format-standard","has-post-thumbnail","hentry","category-bahia"],"jetpack_publicize_connections":[],"jetpack_featured_media_url":"https:\/\/blogopara.com.br\/wp-content\/uploads\/2020\/06\/A-China-construiu-um-hospital-em-dez-dias-13.jpg","uagb_featured_image_src":{"full":["https:\/\/blogopara.com.br\/wp-content\/uploads\/2020\/06\/A-China-construiu-um-hospital-em-dez-dias-13.jpg",500,354,false],"thumbnail":["https:\/\/blogopara.com.br\/wp-content\/uploads\/2020\/06\/A-China-construiu-um-hospital-em-dez-dias-13-150x150.jpg",150,150,true],"medium":["https:\/\/blogopara.com.br\/wp-content\/uploads\/2020\/06\/A-China-construiu-um-hospital-em-dez-dias-13-300x212.jpg",300,212,true],"medium_large":["https:\/\/blogopara.com.br\/wp-content\/uploads\/2020\/06\/A-China-construiu-um-hospital-em-dez-dias-13.jpg",500,354,false],"large":["https:\/\/blogopara.com.br\/wp-content\/uploads\/2020\/06\/A-China-construiu-um-hospital-em-dez-dias-13.jpg",500,354,false],"1536x1536":["https:\/\/blogopara.com.br\/wp-content\/uploads\/2020\/06\/A-China-construiu-um-hospital-em-dez-dias-13.jpg",500,354,false],"2048x2048":["https:\/\/blogopara.com.br\/wp-content\/uploads\/2020\/06\/A-China-construiu-um-hospital-em-dez-dias-13.jpg",500,354,false],"mantranews-slider-large":["https:\/\/blogopara.com.br\/wp-content\/uploads\/2020\/06\/A-China-construiu-um-hospital-em-dez-dias-13.jpg",500,354,false],"mantranews-featured-medium":["https:\/\/blogopara.com.br\/wp-content\/uploads\/2020\/06\/A-China-construiu-um-hospital-em-dez-dias-13-420x307.jpg",420,307,true],"mantranews-featured-long":["https:\/\/blogopara.com.br\/wp-content\/uploads\/2020\/06\/A-China-construiu-um-hospital-em-dez-dias-13-300x354.jpg",300,354,true],"mantranews-block-medium":["https:\/\/blogopara.com.br\/wp-content\/uploads\/2020\/06\/A-China-construiu-um-hospital-em-dez-dias-13-464x290.jpg",464,290,true],"mantranews-carousel-image":["https:\/\/blogopara.com.br\/wp-content\/uploads\/2020\/06\/A-China-construiu-um-hospital-em-dez-dias-13.jpg",500,354,false],"mantranews-block-thumb":["https:\/\/blogopara.com.br\/wp-content\/uploads\/2020\/06\/A-China-construiu-um-hospital-em-dez-dias-13-322x230.jpg",322,230,true],"mantranews-single-large":["https:\/\/blogopara.com.br\/wp-content\/uploads\/2020\/06\/A-China-construiu-um-hospital-em-dez-dias-13.jpg",500,354,false]},"uagb_author_info":{"display_name":"Reda\u00e7\u00e3o geral","author_link":"https:\/\/blogopara.com.br\/index.php\/author\/blogopara"},"uagb_comment_info":0,"uagb_excerpt":"O filme \u201cO menino que tinha medo do rio\u201d, produzido por ribeirinhos da cidade de Petrol\u00e2ndia, foi selecionado para o Festival Internacional de Cinema de Contis, na Fran\u00e7a. O evento ocorrer\u00e1 virtualmente entre os dias 02 a 06 de julho e apresenta uma programa\u00e7\u00e3o diversificada com exibi\u00e7\u00e3o de filmes de v\u00e1rios pa\u00edses, exposi\u00e7\u00f5es, debates e&hellip;","jetpack_sharing_enabled":true,"jetpack_likes_enabled":true,"_links":{"self":[{"href":"https:\/\/blogopara.com.br\/index.php\/wp-json\/wp\/v2\/posts\/12188","targetHints":{"allow":["GET"]}}],"collection":[{"href":"https:\/\/blogopara.com.br\/index.php\/wp-json\/wp\/v2\/posts"}],"about":[{"href":"https:\/\/blogopara.com.br\/index.php\/wp-json\/wp\/v2\/types\/post"}],"author":[{"embeddable":true,"href":"https:\/\/blogopara.com.br\/index.php\/wp-json\/wp\/v2\/users\/1"}],"replies":[{"embeddable":true,"href":"https:\/\/blogopara.com.br\/index.php\/wp-json\/wp\/v2\/comments?post=12188"}],"version-history":[{"count":1,"href":"https:\/\/blogopara.com.br\/index.php\/wp-json\/wp\/v2\/posts\/12188\/revisions"}],"predecessor-version":[{"id":12190,"href":"https:\/\/blogopara.com.br\/index.php\/wp-json\/wp\/v2\/posts\/12188\/revisions\/12190"}],"wp:featuredmedia":[{"embeddable":true,"href":"https:\/\/blogopara.com.br\/index.php\/wp-json\/wp\/v2\/media\/12189"}],"wp:attachment":[{"href":"https:\/\/blogopara.com.br\/index.php\/wp-json\/wp\/v2\/media?parent=12188"}],"wp:term":[{"taxonomy":"category","embeddable":true,"href":"https:\/\/blogopara.com.br\/index.php\/wp-json\/wp\/v2\/categories?post=12188"},{"taxonomy":"post_tag","embeddable":true,"href":"https:\/\/blogopara.com.br\/index.php\/wp-json\/wp\/v2\/tags?post=12188"}],"curies":[{"name":"wp","href":"https:\/\/api.w.org\/{rel}","templated":true}]}}