{"id":12196,"date":"2020-06-28T22:37:48","date_gmt":"2020-06-29T01:37:48","guid":{"rendered":"http:\/\/blogopara.com.br\/?p=12196"},"modified":"2020-06-28T22:46:08","modified_gmt":"2020-06-29T01:46:08","slug":"curaca-faleceu-jose-goncalves-pretinho-fundador-do-colegio-professor-ivo-braga","status":"publish","type":"post","link":"https:\/\/blogopara.com.br\/index.php\/2020\/06\/28\/curaca-faleceu-jose-goncalves-pretinho-fundador-do-colegio-professor-ivo-braga","title":{"rendered":"Cura\u00e7\u00e1: Faleceu Jos\u00e9 Gon\u00e7alves, &#8220;Pretinho&#8221;, fundador do Col\u00e9gio Professor Ivo Braga"},"content":{"rendered":"<p style=\"text-align: justify;\">Faleceu na noite de s\u00e1bado (27) em Juazeiro, o filho ilustre de Cura\u00e7\u00e1, Jos\u00e9 Gon\u00e7alves, popularmente conhecido por \u201cPretinho\u201d, aos 97 anos. Seu Pretinho o fundador e primeiro diretor do Col\u00e9gio Professor Ivo Braga.<\/p>\n<p style=\"text-align: justify;\">A hist\u00f3ria de Seu Pretinho para fundar um col\u00e9gio na d\u00e9cada de 60 na cidade de Cura\u00e7\u00e1,&nbsp; \u00e9 contada no livro &#8220;CAMINHOS DE CURA\u00c7\u00c1&#8221;, do escritor cura\u00e7aense Esmeraldo Lopes<\/p>\n<p style=\"text-align: justify;\">&#8220;Ele era natural de Cura\u00e7\u00e1, de origem humilde, estudara em Salvador, onde se fez farmac\u00eautico. Voltou para Cura\u00e7\u00e1 pelo prop\u00f3sito de acompanhar a m\u00e3e que tinha uma casa de hospedagem. A\u00ed estabeleceu uma farm\u00e1cia, de onde extra\u00eda com dificuldades recursos para sua sustenta\u00e7\u00e3o, que era auxiliada pela renda do emprego nos Correios e Tel\u00e9grafos.<\/p>\n<p style=\"text-align: justify;\">Desde 1954 se embalava na ideia de um gin\u00e1sio em sua cidade, na esperan\u00e7a de poder ver pobre avan\u00e7ar nos estudos. Por isso jogou-se na luta por gin\u00e1sio, falando com um, falando com outro. O povo achando aquilo imposs\u00edvel. Os l\u00edderes da cidade sem entusiasmo. Ele foi e foi. Bateu aqui, bateu ali, no desespero de seu querer. Ficava sonhando, achando que podia ser. Conseguiu. Gin\u00e1sio funcionando, no adular de gente para dar aula, que dinheiro n\u00e3o tinha. Os estudantes com entusiasmo de estudo adiantado, orgulhando-se no vestir da farda destacada de cor c\u00e1qui. Educa\u00e7\u00e3o virando obriga\u00e7\u00e3o de necessidade.<\/p>\n<p style=\"text-align: justify;\">Mais e mais estudantes vindo para rua, nos deveres do novo aprender, do novo seguir nos encaminhamentos de se preparar para arranjar emprego em terras distantes&#8221;.<\/p>\n<p>Nossos p\u00easames a fam\u00edlia de Seu Jos\u00e9 Gon\u00e7alves<\/p>\n","protected":false},"excerpt":{"rendered":"<p>Faleceu na noite de s\u00e1bado (27) em Juazeiro, o filho ilustre de Cura\u00e7\u00e1, Jos\u00e9 Gon\u00e7alves, popularmente conhecido por \u201cPretinho\u201d, aos 97 anos. Seu Pretinho o fundador e primeiro diretor do Col\u00e9gio Professor Ivo Braga. A hist\u00f3ria de Seu Pretinho para fundar um col\u00e9gio na d\u00e9cada de 60 na cidade de Cura\u00e7\u00e1,&nbsp; \u00e9 contada no livro [&hellip;]<\/p>\n","protected":false},"author":1,"featured_media":12202,"comment_status":"open","ping_status":"open","sticky":false,"template":"","format":"standard","meta":{"_uag_custom_page_level_css":"","_monsterinsights_skip_tracking":false,"_monsterinsights_sitenote_active":false,"_monsterinsights_sitenote_note":"","_monsterinsights_sitenote_category":0,"jetpack_post_was_ever_published":false,"_jetpack_newsletter_access":"","_jetpack_dont_email_post_to_subs":false,"_jetpack_newsletter_tier_id":0,"_jetpack_memberships_contains_paywalled_content":false,"_jetpack_memberships_contains_paid_content":false,"footnotes":"","jetpack_publicize_message":"","jetpack_publicize_feature_enabled":true,"jetpack_social_post_already_shared":true,"jetpack_social_options":{"image_generator_settings":{"template":"highway","default_image_id":0,"font":"","enabled":false},"version":2}},"categories":[199,209],"tags":[],"class_list":["post-12196","post","type-post","status-publish","format-standard","has-post-thumbnail","hentry","category-bahia","category-educacao"],"jetpack_publicize_connections":[],"jetpack_featured_media_url":"https:\/\/blogopara.com.br\/wp-content\/uploads\/2020\/06\/WhatsApp-Image-2020-06-28-at-22.11.30-2.jpeg","uagb_featured_image_src":{"full":["https:\/\/blogopara.com.br\/wp-content\/uploads\/2020\/06\/WhatsApp-Image-2020-06-28-at-22.11.30-2.jpeg",380,435,false],"thumbnail":["https:\/\/blogopara.com.br\/wp-content\/uploads\/2020\/06\/WhatsApp-Image-2020-06-28-at-22.11.30-2-150x150.jpeg",150,150,true],"medium":["https:\/\/blogopara.com.br\/wp-content\/uploads\/2020\/06\/WhatsApp-Image-2020-06-28-at-22.11.30-2-262x300.jpeg",262,300,true],"medium_large":["https:\/\/blogopara.com.br\/wp-content\/uploads\/2020\/06\/WhatsApp-Image-2020-06-28-at-22.11.30-2.jpeg",380,435,false],"large":["https:\/\/blogopara.com.br\/wp-content\/uploads\/2020\/06\/WhatsApp-Image-2020-06-28-at-22.11.30-2.jpeg",380,435,false],"1536x1536":["https:\/\/blogopara.com.br\/wp-content\/uploads\/2020\/06\/WhatsApp-Image-2020-06-28-at-22.11.30-2.jpeg",380,435,false],"2048x2048":["https:\/\/blogopara.com.br\/wp-content\/uploads\/2020\/06\/WhatsApp-Image-2020-06-28-at-22.11.30-2.jpeg",380,435,false],"mantranews-slider-large":["https:\/\/blogopara.com.br\/wp-content\/uploads\/2020\/06\/WhatsApp-Image-2020-06-28-at-22.11.30-2.jpeg",380,435,false],"mantranews-featured-medium":["https:\/\/blogopara.com.br\/wp-content\/uploads\/2020\/06\/WhatsApp-Image-2020-06-28-at-22.11.30-2-380x307.jpeg",380,307,true],"mantranews-featured-long":["https:\/\/blogopara.com.br\/wp-content\/uploads\/2020\/06\/WhatsApp-Image-2020-06-28-at-22.11.30-2-300x435.jpeg",300,435,true],"mantranews-block-medium":["https:\/\/blogopara.com.br\/wp-content\/uploads\/2020\/06\/WhatsApp-Image-2020-06-28-at-22.11.30-2-380x290.jpeg",380,290,true],"mantranews-carousel-image":["https:\/\/blogopara.com.br\/wp-content\/uploads\/2020\/06\/WhatsApp-Image-2020-06-28-at-22.11.30-2.jpeg",380,435,false],"mantranews-block-thumb":["https:\/\/blogopara.com.br\/wp-content\/uploads\/2020\/06\/WhatsApp-Image-2020-06-28-at-22.11.30-2-322x230.jpeg",322,230,true],"mantranews-single-large":["https:\/\/blogopara.com.br\/wp-content\/uploads\/2020\/06\/WhatsApp-Image-2020-06-28-at-22.11.30-2.jpeg",380,435,false]},"uagb_author_info":{"display_name":"Reda\u00e7\u00e3o geral","author_link":"https:\/\/blogopara.com.br\/index.php\/author\/blogopara"},"uagb_comment_info":0,"uagb_excerpt":"Faleceu na noite de s\u00e1bado (27) em Juazeiro, o filho ilustre de Cura\u00e7\u00e1, Jos\u00e9 Gon\u00e7alves, popularmente conhecido por \u201cPretinho\u201d, aos 97 anos. Seu Pretinho o fundador e primeiro diretor do Col\u00e9gio Professor Ivo Braga. A hist\u00f3ria de Seu Pretinho para fundar um col\u00e9gio na d\u00e9cada de 60 na cidade de Cura\u00e7\u00e1,&nbsp; \u00e9 contada no livro&hellip;","jetpack_sharing_enabled":true,"jetpack_likes_enabled":true,"_links":{"self":[{"href":"https:\/\/blogopara.com.br\/index.php\/wp-json\/wp\/v2\/posts\/12196","targetHints":{"allow":["GET"]}}],"collection":[{"href":"https:\/\/blogopara.com.br\/index.php\/wp-json\/wp\/v2\/posts"}],"about":[{"href":"https:\/\/blogopara.com.br\/index.php\/wp-json\/wp\/v2\/types\/post"}],"author":[{"embeddable":true,"href":"https:\/\/blogopara.com.br\/index.php\/wp-json\/wp\/v2\/users\/1"}],"replies":[{"embeddable":true,"href":"https:\/\/blogopara.com.br\/index.php\/wp-json\/wp\/v2\/comments?post=12196"}],"version-history":[{"count":4,"href":"https:\/\/blogopara.com.br\/index.php\/wp-json\/wp\/v2\/posts\/12196\/revisions"}],"predecessor-version":[{"id":12203,"href":"https:\/\/blogopara.com.br\/index.php\/wp-json\/wp\/v2\/posts\/12196\/revisions\/12203"}],"wp:featuredmedia":[{"embeddable":true,"href":"https:\/\/blogopara.com.br\/index.php\/wp-json\/wp\/v2\/media\/12202"}],"wp:attachment":[{"href":"https:\/\/blogopara.com.br\/index.php\/wp-json\/wp\/v2\/media?parent=12196"}],"wp:term":[{"taxonomy":"category","embeddable":true,"href":"https:\/\/blogopara.com.br\/index.php\/wp-json\/wp\/v2\/categories?post=12196"},{"taxonomy":"post_tag","embeddable":true,"href":"https:\/\/blogopara.com.br\/index.php\/wp-json\/wp\/v2\/tags?post=12196"}],"curies":[{"name":"wp","href":"https:\/\/api.w.org\/{rel}","templated":true}]}}