{"id":12218,"date":"2020-07-01T09:17:00","date_gmt":"2020-07-01T12:17:00","guid":{"rendered":"http:\/\/blogopara.com.br\/?p=12218"},"modified":"2020-06-29T23:17:25","modified_gmt":"2020-06-30T02:17:25","slug":"juazeiro-faltam-ciclovias-e-politicas-publicas","status":"publish","type":"post","link":"https:\/\/blogopara.com.br\/index.php\/2020\/07\/01\/juazeiro-faltam-ciclovias-e-politicas-publicas","title":{"rendered":"Juazeiro: Faltam ciclovias e pol\u00edticas p\u00fablicas"},"content":{"rendered":"<p style=\"text-align: justify;\">O Brasil possui possui pouqu\u00edssimas vias para o uso exclusivo de bicicletas. Esse n\u00famero \u00e9 bastante reduzido quando sabemos que existem mais de 50 milh\u00f5es de ciclistas circulando nas diversas ruas e avenidas do nosso pa\u00eds. Este Blog apurou que cerca de cinquenta e dois ciclistas s\u00e3o internados por dia no Brasil v\u00edtimas de acidentes. Muitas vezes nem a ciclovia \u00e9 respeitada. Falta educa\u00e7\u00e3o no tr\u00e2nsito. Motoristas n\u00e3o respeitam ciclistas, n\u00e3o respeitam sequer as marca\u00e7\u00f5es das ciclovias.<\/p>\n<p style=\"text-align: justify;\">Em Juazeiro \u00e9 quase inexistente o n\u00famero de vias dotadas de sinaliza\u00e7\u00e3o para o tr\u00e2nsito de ciclistas. Trata-se da falta de ciclovias para a boa pr\u00e1tica esportiva da da popula\u00e7\u00e3o. Sem se falar que, na maioria das vezes, o ciclista acaba disputando espa\u00e7o com outros ve\u00edculos automotores. \u00c9 f\u00e1cil constatar as dificuldades que os ciclistas encontram para circular e chegar ao seu destino. Caracterizando-se como a lei do salve-se quem puder.<\/p>\n<p style=\"text-align: justify;\">&#8220;J\u00e1 est\u00e1 na hora dos nossos governantes terem um olhar especial para esse p\u00fablico alvo que utiliza a bicicleta como meio de transporte e lazer. Corrigindo de uma vez por toda essa distor\u00e7\u00e3o que \u00e9 a falta de ciclovias. Os amantes do esporte agradecem&#8221;.<\/p>\n<p style=\"text-align: justify;\">A obra que d\u00e1 acesso ao bairro da Pedra do Lord se arrasta h\u00e1 anos, o prefeito disse que faria ciclovia e ciclofaixas, mas o que temos at\u00e9 hoje \u00e9 um poste no meio do caminho.<\/p>\n<p><img loading=\"lazy\" decoding=\"async\" class=\"alignnone size-medium wp-image-12243\" src=\"https:\/\/blogopara.com.br\/wp-content\/uploads\/2020\/07\/WhatsApp-Image-2020-06-29-at-23.11.25-1-225x300.jpeg\" alt=\"\" width=\"225\" height=\"300\" srcset=\"https:\/\/blogopara.com.br\/wp-content\/uploads\/2020\/07\/WhatsApp-Image-2020-06-29-at-23.11.25-1-225x300.jpeg 225w, https:\/\/blogopara.com.br\/wp-content\/uploads\/2020\/07\/WhatsApp-Image-2020-06-29-at-23.11.25-1-768x1024.jpeg 768w, https:\/\/blogopara.com.br\/wp-content\/uploads\/2020\/07\/WhatsApp-Image-2020-06-29-at-23.11.25-1.jpeg 960w\" sizes=\"auto, (max-width: 225px) 100vw, 225px\" \/><\/p>\n<p style=\"text-align: justify;\">&#8220;A nossa vizinha Petrolina deu um exemplo de valoriza\u00e7\u00e3o da mobilidade urbana por meio da constru\u00e7\u00e3o de uma bela ciclovia em toda a orla. N\u00f3s, juazeirenses, precisamos do mesmo empenho e mobiliza\u00e7\u00e3o.<\/p>\n","protected":false},"excerpt":{"rendered":"<p>O Brasil possui possui pouqu\u00edssimas vias para o uso exclusivo de bicicletas. Esse n\u00famero \u00e9 bastante reduzido quando sabemos que existem mais de 50 milh\u00f5es de ciclistas circulando nas diversas ruas e avenidas do nosso pa\u00eds. Este Blog apurou que cerca de cinquenta e dois ciclistas s\u00e3o internados por dia no Brasil v\u00edtimas de acidentes. [&hellip;]<\/p>\n","protected":false},"author":1,"featured_media":12221,"comment_status":"open","ping_status":"open","sticky":false,"template":"","format":"standard","meta":{"_uag_custom_page_level_css":"","_monsterinsights_skip_tracking":false,"_monsterinsights_sitenote_active":false,"_monsterinsights_sitenote_note":"","_monsterinsights_sitenote_category":0,"jetpack_post_was_ever_published":false,"_jetpack_newsletter_access":"","_jetpack_dont_email_post_to_subs":false,"_jetpack_newsletter_tier_id":0,"_jetpack_memberships_contains_paywalled_content":false,"_jetpack_memberships_contains_paid_content":false,"footnotes":"","jetpack_publicize_message":"","jetpack_publicize_feature_enabled":true,"jetpack_social_post_already_shared":true,"jetpack_social_options":{"image_generator_settings":{"template":"highway","default_image_id":0,"font":"","enabled":false},"version":2}},"categories":[203,197],"tags":[],"class_list":["post-12218","post","type-post","status-publish","format-standard","has-post-thumbnail","hentry","category-juazeiro","category-politica"],"jetpack_publicize_connections":[],"jetpack_featured_media_url":"https:\/\/blogopara.com.br\/wp-content\/uploads\/2020\/06\/GIVANILDO-TEIXEIRA-DOS-SANTOS.jpg","uagb_featured_image_src":{"full":["https:\/\/blogopara.com.br\/wp-content\/uploads\/2020\/06\/GIVANILDO-TEIXEIRA-DOS-SANTOS.jpg",500,375,false],"thumbnail":["https:\/\/blogopara.com.br\/wp-content\/uploads\/2020\/06\/GIVANILDO-TEIXEIRA-DOS-SANTOS-150x150.jpg",150,150,true],"medium":["https:\/\/blogopara.com.br\/wp-content\/uploads\/2020\/06\/GIVANILDO-TEIXEIRA-DOS-SANTOS-300x225.jpg",300,225,true],"medium_large":["https:\/\/blogopara.com.br\/wp-content\/uploads\/2020\/06\/GIVANILDO-TEIXEIRA-DOS-SANTOS.jpg",500,375,false],"large":["https:\/\/blogopara.com.br\/wp-content\/uploads\/2020\/06\/GIVANILDO-TEIXEIRA-DOS-SANTOS.jpg",500,375,false],"1536x1536":["https:\/\/blogopara.com.br\/wp-content\/uploads\/2020\/06\/GIVANILDO-TEIXEIRA-DOS-SANTOS.jpg",500,375,false],"2048x2048":["https:\/\/blogopara.com.br\/wp-content\/uploads\/2020\/06\/GIVANILDO-TEIXEIRA-DOS-SANTOS.jpg",500,375,false],"mantranews-slider-large":["https:\/\/blogopara.com.br\/wp-content\/uploads\/2020\/06\/GIVANILDO-TEIXEIRA-DOS-SANTOS.jpg",500,375,false],"mantranews-featured-medium":["https:\/\/blogopara.com.br\/wp-content\/uploads\/2020\/06\/GIVANILDO-TEIXEIRA-DOS-SANTOS-420x307.jpg",420,307,true],"mantranews-featured-long":["https:\/\/blogopara.com.br\/wp-content\/uploads\/2020\/06\/GIVANILDO-TEIXEIRA-DOS-SANTOS-300x375.jpg",300,375,true],"mantranews-block-medium":["https:\/\/blogopara.com.br\/wp-content\/uploads\/2020\/06\/GIVANILDO-TEIXEIRA-DOS-SANTOS-464x290.jpg",464,290,true],"mantranews-carousel-image":["https:\/\/blogopara.com.br\/wp-content\/uploads\/2020\/06\/GIVANILDO-TEIXEIRA-DOS-SANTOS.jpg",500,375,false],"mantranews-block-thumb":["https:\/\/blogopara.com.br\/wp-content\/uploads\/2020\/06\/GIVANILDO-TEIXEIRA-DOS-SANTOS-322x230.jpg",322,230,true],"mantranews-single-large":["https:\/\/blogopara.com.br\/wp-content\/uploads\/2020\/06\/GIVANILDO-TEIXEIRA-DOS-SANTOS.jpg",500,375,false]},"uagb_author_info":{"display_name":"Reda\u00e7\u00e3o geral","author_link":"https:\/\/blogopara.com.br\/index.php\/author\/blogopara"},"uagb_comment_info":0,"uagb_excerpt":"O Brasil possui possui pouqu\u00edssimas vias para o uso exclusivo de bicicletas. Esse n\u00famero \u00e9 bastante reduzido quando sabemos que existem mais de 50 milh\u00f5es de ciclistas circulando nas diversas ruas e avenidas do nosso pa\u00eds. Este Blog apurou que cerca de cinquenta e dois ciclistas s\u00e3o internados por dia no Brasil v\u00edtimas de acidentes.&hellip;","jetpack_sharing_enabled":true,"jetpack_likes_enabled":true,"_links":{"self":[{"href":"https:\/\/blogopara.com.br\/index.php\/wp-json\/wp\/v2\/posts\/12218","targetHints":{"allow":["GET"]}}],"collection":[{"href":"https:\/\/blogopara.com.br\/index.php\/wp-json\/wp\/v2\/posts"}],"about":[{"href":"https:\/\/blogopara.com.br\/index.php\/wp-json\/wp\/v2\/types\/post"}],"author":[{"embeddable":true,"href":"https:\/\/blogopara.com.br\/index.php\/wp-json\/wp\/v2\/users\/1"}],"replies":[{"embeddable":true,"href":"https:\/\/blogopara.com.br\/index.php\/wp-json\/wp\/v2\/comments?post=12218"}],"version-history":[{"count":3,"href":"https:\/\/blogopara.com.br\/index.php\/wp-json\/wp\/v2\/posts\/12218\/revisions"}],"predecessor-version":[{"id":12246,"href":"https:\/\/blogopara.com.br\/index.php\/wp-json\/wp\/v2\/posts\/12218\/revisions\/12246"}],"wp:featuredmedia":[{"embeddable":true,"href":"https:\/\/blogopara.com.br\/index.php\/wp-json\/wp\/v2\/media\/12221"}],"wp:attachment":[{"href":"https:\/\/blogopara.com.br\/index.php\/wp-json\/wp\/v2\/media?parent=12218"}],"wp:term":[{"taxonomy":"category","embeddable":true,"href":"https:\/\/blogopara.com.br\/index.php\/wp-json\/wp\/v2\/categories?post=12218"},{"taxonomy":"post_tag","embeddable":true,"href":"https:\/\/blogopara.com.br\/index.php\/wp-json\/wp\/v2\/tags?post=12218"}],"curies":[{"name":"wp","href":"https:\/\/api.w.org\/{rel}","templated":true}]}}