{"id":12237,"date":"2020-06-29T20:20:44","date_gmt":"2020-06-29T23:20:44","guid":{"rendered":"http:\/\/blogopara.com.br\/?p=12237"},"modified":"2020-06-29T20:22:12","modified_gmt":"2020-06-29T23:22:12","slug":"juazeiro-prorrogado-fechamento-do-comercio-ate-12-de-julho","status":"publish","type":"post","link":"https:\/\/blogopara.com.br\/index.php\/2020\/06\/29\/juazeiro-prorrogado-fechamento-do-comercio-ate-12-de-julho","title":{"rendered":"Juazeiro: Prorrogado fechamento do com\u00e9rcio at\u00e9 12 de julho"},"content":{"rendered":"<p style=\"text-align: justify;\">Faltando quase uma semana para terminar a vig\u00eancia do decreto que fechou o com\u00e9rcio (terminaria em 05\/07), o prefeito Paulo Bomfim (PT) inesperadamente e sem dialogar com as entidades de lojistas, baixou um novo decreto nesta segunda-feira (29), prorrogando o fechamento do com\u00e9rcio de Juazeiro at\u00e9 o dia 12 de julho.<\/p>\n<p><img loading=\"lazy\" decoding=\"async\" class=\"alignnone size-medium wp-image-12238\" src=\"https:\/\/blogopara.com.br\/wp-content\/uploads\/2020\/06\/DECRETO-169x300.jpg\" alt=\"\" width=\"169\" height=\"300\" srcset=\"https:\/\/blogopara.com.br\/wp-content\/uploads\/2020\/06\/DECRETO-169x300.jpg 169w, https:\/\/blogopara.com.br\/wp-content\/uploads\/2020\/06\/DECRETO.jpg 450w\" sizes=\"auto, (max-width: 169px) 100vw, 169px\" \/><\/p>\n<p style=\"text-align: justify;\">Conforme a Secretaria de Sa\u00fade, Juazeiro registrou nas \u00faltimas 24 horas, 54 novos casos da covid 19. Com isso, a cidade chegou a 639 infectados.<\/p>\n<p style=\"text-align: justify;\">O novo decreto coincide com a visita do governador Rui Costa (PT) a Juazeiro na manh\u00e3 desta segunda-feira (29), segundo assessoria de comunica\u00e7\u00e3o da prefeitura, a visita foi para &#8220;vistoriar&#8221; as obras em andamento na cidade.<\/p>\n<p><img loading=\"lazy\" decoding=\"async\" class=\"alignnone size-medium wp-image-12239\" src=\"https:\/\/blogopara.com.br\/wp-content\/uploads\/2020\/06\/WhatsApp-Image-2020-06-29-at-17.23.30-169x300.jpeg\" alt=\"\" width=\"169\" height=\"300\" srcset=\"https:\/\/blogopara.com.br\/wp-content\/uploads\/2020\/06\/WhatsApp-Image-2020-06-29-at-17.23.30-169x300.jpeg 169w, https:\/\/blogopara.com.br\/wp-content\/uploads\/2020\/06\/WhatsApp-Image-2020-06-29-at-17.23.30.jpeg 576w\" sizes=\"auto, (max-width: 169px) 100vw, 169px\" \/><\/p>\n<p style=\"text-align: justify;\">Informa\u00e7\u00f5es apontam que o governador n\u00e3o ficou nada contente com o que viu e as informa\u00e7\u00f5es que tem recebido a respeito do enfrentamento da pandemia em Juazeiro, que mesmo com o comercio fechado tem n\u00famero de \u00f3bitos e proporcionalmente de mais casos confirmado de coronav\u00edrus do que Petrolina que retornou as atividades econ\u00f4micas.<\/p>\n<p style=\"text-align: justify;\">Esse novo decreto \u00e9 a p\u00e1 de cal que faltava para todos perderam a d\u00favida sobre a incapacidade de Paulo Bomfim e a Secret\u00e1ria de Sa\u00fade, Fab\u00edola Ribeiro a frente das medidas de combate a pandemia.<\/p>\n<p style=\"text-align: justify;\">Os lojistas receberam not\u00edcia e ca\u00edram em desespero,\u00a0 alguns n\u00e3o contiveram o choro de desespero, &#8220;comprei mercadorias quando reabriu, e agora, o que vou fazer? Endividada e sem perspectiva de vida&#8221;, desabafou em prantos uma pequena comerciante.<\/p>\n<p style=\"text-align: justify;\">O prefeito teve quatro meses para planejar a reabertura do com\u00e9rcio de forma lenta, gradual e segura, mas reabriu o com\u00e9rcio no inicio de junho de forma inesperada, e tem tomado decis\u00f5es emp\u00edricas e amadoras, que tem custado a vidas de pessoas e a atividade econ\u00f4mica.<\/p>\n","protected":false},"excerpt":{"rendered":"<p>Faltando quase uma semana para terminar a vig\u00eancia do decreto que fechou o com\u00e9rcio (terminaria em 05\/07), o prefeito Paulo Bomfim (PT) inesperadamente e sem dialogar com as entidades de lojistas, baixou um novo decreto nesta segunda-feira (29), prorrogando o fechamento do com\u00e9rcio de Juazeiro at\u00e9 o dia 12 de julho. Conforme a Secretaria de [&hellip;]<\/p>\n","protected":false},"author":1,"featured_media":12240,"comment_status":"open","ping_status":"open","sticky":false,"template":"","format":"standard","meta":{"_uag_custom_page_level_css":"","_monsterinsights_skip_tracking":false,"_monsterinsights_sitenote_active":false,"_monsterinsights_sitenote_note":"","_monsterinsights_sitenote_category":0,"jetpack_post_was_ever_published":false,"_jetpack_newsletter_access":"","_jetpack_dont_email_post_to_subs":false,"_jetpack_newsletter_tier_id":0,"_jetpack_memberships_contains_paywalled_content":false,"_jetpack_memberships_contains_paid_content":false,"footnotes":"","jetpack_publicize_message":"","jetpack_publicize_feature_enabled":true,"jetpack_social_post_already_shared":true,"jetpack_social_options":{"image_generator_settings":{"template":"highway","default_image_id":0,"font":"","enabled":false},"version":2}},"categories":[206,203,197],"tags":[],"class_list":["post-12237","post","type-post","status-publish","format-standard","has-post-thumbnail","hentry","category-economia","category-juazeiro","category-politica"],"jetpack_publicize_connections":[],"jetpack_featured_media_url":"https:\/\/blogopara.com.br\/wp-content\/uploads\/2020\/06\/Calcadoes-integram-obras-de-revitalizacao-do-comercio-de-juazeiro-768x427-1.jpg","uagb_featured_image_src":{"full":["https:\/\/blogopara.com.br\/wp-content\/uploads\/2020\/06\/Calcadoes-integram-obras-de-revitalizacao-do-comercio-de-juazeiro-768x427-1.jpg",500,277,false],"thumbnail":["https:\/\/blogopara.com.br\/wp-content\/uploads\/2020\/06\/Calcadoes-integram-obras-de-revitalizacao-do-comercio-de-juazeiro-768x427-1-150x150.jpg",150,150,true],"medium":["https:\/\/blogopara.com.br\/wp-content\/uploads\/2020\/06\/Calcadoes-integram-obras-de-revitalizacao-do-comercio-de-juazeiro-768x427-1-300x166.jpg",300,166,true],"medium_large":["https:\/\/blogopara.com.br\/wp-content\/uploads\/2020\/06\/Calcadoes-integram-obras-de-revitalizacao-do-comercio-de-juazeiro-768x427-1.jpg",500,277,false],"large":["https:\/\/blogopara.com.br\/wp-content\/uploads\/2020\/06\/Calcadoes-integram-obras-de-revitalizacao-do-comercio-de-juazeiro-768x427-1.jpg",500,277,false],"1536x1536":["https:\/\/blogopara.com.br\/wp-content\/uploads\/2020\/06\/Calcadoes-integram-obras-de-revitalizacao-do-comercio-de-juazeiro-768x427-1.jpg",500,277,false],"2048x2048":["https:\/\/blogopara.com.br\/wp-content\/uploads\/2020\/06\/Calcadoes-integram-obras-de-revitalizacao-do-comercio-de-juazeiro-768x427-1.jpg",500,277,false],"mantranews-slider-large":["https:\/\/blogopara.com.br\/wp-content\/uploads\/2020\/06\/Calcadoes-integram-obras-de-revitalizacao-do-comercio-de-juazeiro-768x427-1.jpg",500,277,false],"mantranews-featured-medium":["https:\/\/blogopara.com.br\/wp-content\/uploads\/2020\/06\/Calcadoes-integram-obras-de-revitalizacao-do-comercio-de-juazeiro-768x427-1-420x277.jpg",420,277,true],"mantranews-featured-long":["https:\/\/blogopara.com.br\/wp-content\/uploads\/2020\/06\/Calcadoes-integram-obras-de-revitalizacao-do-comercio-de-juazeiro-768x427-1-300x277.jpg",300,277,true],"mantranews-block-medium":["https:\/\/blogopara.com.br\/wp-content\/uploads\/2020\/06\/Calcadoes-integram-obras-de-revitalizacao-do-comercio-de-juazeiro-768x427-1-464x277.jpg",464,277,true],"mantranews-carousel-image":["https:\/\/blogopara.com.br\/wp-content\/uploads\/2020\/06\/Calcadoes-integram-obras-de-revitalizacao-do-comercio-de-juazeiro-768x427-1.jpg",500,277,false],"mantranews-block-thumb":["https:\/\/blogopara.com.br\/wp-content\/uploads\/2020\/06\/Calcadoes-integram-obras-de-revitalizacao-do-comercio-de-juazeiro-768x427-1-322x230.jpg",322,230,true],"mantranews-single-large":["https:\/\/blogopara.com.br\/wp-content\/uploads\/2020\/06\/Calcadoes-integram-obras-de-revitalizacao-do-comercio-de-juazeiro-768x427-1.jpg",500,277,false]},"uagb_author_info":{"display_name":"Reda\u00e7\u00e3o geral","author_link":"https:\/\/blogopara.com.br\/index.php\/author\/blogopara"},"uagb_comment_info":0,"uagb_excerpt":"Faltando quase uma semana para terminar a vig\u00eancia do decreto que fechou o com\u00e9rcio (terminaria em 05\/07), o prefeito Paulo Bomfim (PT) inesperadamente e sem dialogar com as entidades de lojistas, baixou um novo decreto nesta segunda-feira (29), prorrogando o fechamento do com\u00e9rcio de Juazeiro at\u00e9 o dia 12 de julho. Conforme a Secretaria de&hellip;","jetpack_sharing_enabled":true,"jetpack_likes_enabled":true,"_links":{"self":[{"href":"https:\/\/blogopara.com.br\/index.php\/wp-json\/wp\/v2\/posts\/12237","targetHints":{"allow":["GET"]}}],"collection":[{"href":"https:\/\/blogopara.com.br\/index.php\/wp-json\/wp\/v2\/posts"}],"about":[{"href":"https:\/\/blogopara.com.br\/index.php\/wp-json\/wp\/v2\/types\/post"}],"author":[{"embeddable":true,"href":"https:\/\/blogopara.com.br\/index.php\/wp-json\/wp\/v2\/users\/1"}],"replies":[{"embeddable":true,"href":"https:\/\/blogopara.com.br\/index.php\/wp-json\/wp\/v2\/comments?post=12237"}],"version-history":[{"count":2,"href":"https:\/\/blogopara.com.br\/index.php\/wp-json\/wp\/v2\/posts\/12237\/revisions"}],"predecessor-version":[{"id":12242,"href":"https:\/\/blogopara.com.br\/index.php\/wp-json\/wp\/v2\/posts\/12237\/revisions\/12242"}],"wp:featuredmedia":[{"embeddable":true,"href":"https:\/\/blogopara.com.br\/index.php\/wp-json\/wp\/v2\/media\/12240"}],"wp:attachment":[{"href":"https:\/\/blogopara.com.br\/index.php\/wp-json\/wp\/v2\/media?parent=12237"}],"wp:term":[{"taxonomy":"category","embeddable":true,"href":"https:\/\/blogopara.com.br\/index.php\/wp-json\/wp\/v2\/categories?post=12237"},{"taxonomy":"post_tag","embeddable":true,"href":"https:\/\/blogopara.com.br\/index.php\/wp-json\/wp\/v2\/tags?post=12237"}],"curies":[{"name":"wp","href":"https:\/\/api.w.org\/{rel}","templated":true}]}}