{"id":12273,"date":"2020-07-01T13:56:18","date_gmt":"2020-07-01T16:56:18","guid":{"rendered":"http:\/\/blogopara.com.br\/?p=12273"},"modified":"2020-07-01T13:57:17","modified_gmt":"2020-07-01T16:57:17","slug":"juazeiro-pre-candidato-a-prefeito-afirma-que-fechamento-do-comercio-e-reflexo-da-incompetencia-de-paulo-bomfim","status":"publish","type":"post","link":"https:\/\/blogopara.com.br\/index.php\/2020\/07\/01\/juazeiro-pre-candidato-a-prefeito-afirma-que-fechamento-do-comercio-e-reflexo-da-incompetencia-de-paulo-bomfim","title":{"rendered":"Juazeiro: Pr\u00e9-candidato a prefeito afirma que fechamento do com\u00e9rcio \u00e9 reflexo da incompet\u00eancia de Paulo Bomfim"},"content":{"rendered":"<p style=\"text-align: justify;\">A origem do dinheiro\u00a0 para bancar a campanha do pr\u00e9-candidato a prefeito de Juazeiro (BA) Raffani, ser\u00e1 recurso pr\u00f3prio, conforme afirmou\u00a0 durante Live realizada na noite de ter\u00e7a-feira (30),\u00a0 pelo Blog Edenevaldo Alves. O jovem empres\u00e1rio diz que apesar da m\u00e1quina pol\u00edtica ser mais forte financeiramente, o seu\u00a0 projeto \u00e9 mais inteligente.<\/p>\n<p style=\"text-align: justify;\">\u201cToda a minha estrutura, todo o meu potencial financeiro, quando eu disse que me preparei, me capacitei em todos os aspectos, foi tamb\u00e9m financeiramente. Eu quero assegurar que toda a estrutura que eu tenho como empres\u00e1rio eu coloquei \u00e0 disposi\u00e7\u00e3o do projeto da mudan\u00e7a. Todo o potencial que eu tenho como empres\u00e1rio, eu coloquei \u00e0 disposi\u00e7\u00e3o.\u201d, assegurou.<\/p>\n<p style=\"text-align: justify;\">Rafanni afirmou que n\u00e3o h\u00e1 nenhum tipo de financiamento em sua campanha e classifica como \u201d limpa\u201d a proposta e formato que seguir\u00e1 sua campanha.\u00a0 \u201cNesse projeto n\u00e3o tem apadrinhamento pol\u00edtico nenhum,\u00a0 nesse projeto n\u00e3o tem recursos de deputados federais nenhum. Nesse projeto n\u00e3o tem aporte financeiro de nenhum outro empres\u00e1rio, aqui, dentro desse projeto da mudan\u00e7a. \u00c9 de fato um projeto limpo, independente e necess\u00e1rio para nossa cidade ter a autonomia e fazer a mudan\u00e7a que Juazeiro tanto precisa\u201d, destacou.<\/p>\n<pre>Fonte: Edenevaldo Alves<\/pre>\n","protected":false},"excerpt":{"rendered":"<p>A origem do dinheiro\u00a0 para bancar a campanha do pr\u00e9-candidato a prefeito de Juazeiro (BA) Raffani, ser\u00e1 recurso pr\u00f3prio, conforme afirmou\u00a0 durante Live realizada na noite de ter\u00e7a-feira (30),\u00a0 pelo Blog Edenevaldo Alves. O jovem empres\u00e1rio diz que apesar da m\u00e1quina pol\u00edtica ser mais forte financeiramente, o seu\u00a0 projeto \u00e9 mais inteligente. \u201cToda a minha [&hellip;]<\/p>\n","protected":false},"author":1,"featured_media":12280,"comment_status":"open","ping_status":"open","sticky":false,"template":"","format":"standard","meta":{"_uag_custom_page_level_css":"","_monsterinsights_skip_tracking":false,"_monsterinsights_sitenote_active":false,"_monsterinsights_sitenote_note":"","_monsterinsights_sitenote_category":0,"jetpack_post_was_ever_published":false,"_jetpack_newsletter_access":"","_jetpack_dont_email_post_to_subs":false,"_jetpack_newsletter_tier_id":0,"_jetpack_memberships_contains_paywalled_content":false,"_jetpack_memberships_contains_paid_content":false,"footnotes":"","jetpack_publicize_message":"","jetpack_publicize_feature_enabled":true,"jetpack_social_post_already_shared":true,"jetpack_social_options":{"image_generator_settings":{"template":"highway","default_image_id":0,"font":"","enabled":false},"version":2}},"categories":[203,197],"tags":[],"class_list":["post-12273","post","type-post","status-publish","format-standard","has-post-thumbnail","hentry","category-juazeiro","category-politica"],"jetpack_publicize_connections":[],"jetpack_featured_media_url":"https:\/\/blogopara.com.br\/wp-content\/uploads\/2020\/07\/live-raffani.jpg","uagb_featured_image_src":{"full":["https:\/\/blogopara.com.br\/wp-content\/uploads\/2020\/07\/live-raffani.jpg",500,260,false],"thumbnail":["https:\/\/blogopara.com.br\/wp-content\/uploads\/2020\/07\/live-raffani-150x150.jpg",150,150,true],"medium":["https:\/\/blogopara.com.br\/wp-content\/uploads\/2020\/07\/live-raffani-300x156.jpg",300,156,true],"medium_large":["https:\/\/blogopara.com.br\/wp-content\/uploads\/2020\/07\/live-raffani.jpg",500,260,false],"large":["https:\/\/blogopara.com.br\/wp-content\/uploads\/2020\/07\/live-raffani.jpg",500,260,false],"1536x1536":["https:\/\/blogopara.com.br\/wp-content\/uploads\/2020\/07\/live-raffani.jpg",500,260,false],"2048x2048":["https:\/\/blogopara.com.br\/wp-content\/uploads\/2020\/07\/live-raffani.jpg",500,260,false],"mantranews-slider-large":["https:\/\/blogopara.com.br\/wp-content\/uploads\/2020\/07\/live-raffani.jpg",500,260,false],"mantranews-featured-medium":["https:\/\/blogopara.com.br\/wp-content\/uploads\/2020\/07\/live-raffani-420x260.jpg",420,260,true],"mantranews-featured-long":["https:\/\/blogopara.com.br\/wp-content\/uploads\/2020\/07\/live-raffani-300x260.jpg",300,260,true],"mantranews-block-medium":["https:\/\/blogopara.com.br\/wp-content\/uploads\/2020\/07\/live-raffani-464x260.jpg",464,260,true],"mantranews-carousel-image":["https:\/\/blogopara.com.br\/wp-content\/uploads\/2020\/07\/live-raffani.jpg",500,260,false],"mantranews-block-thumb":["https:\/\/blogopara.com.br\/wp-content\/uploads\/2020\/07\/live-raffani-322x230.jpg",322,230,true],"mantranews-single-large":["https:\/\/blogopara.com.br\/wp-content\/uploads\/2020\/07\/live-raffani.jpg",500,260,false]},"uagb_author_info":{"display_name":"Reda\u00e7\u00e3o geral","author_link":"https:\/\/blogopara.com.br\/index.php\/author\/blogopara"},"uagb_comment_info":0,"uagb_excerpt":"A origem do dinheiro\u00a0 para bancar a campanha do pr\u00e9-candidato a prefeito de Juazeiro (BA) Raffani, ser\u00e1 recurso pr\u00f3prio, conforme afirmou\u00a0 durante Live realizada na noite de ter\u00e7a-feira (30),\u00a0 pelo Blog Edenevaldo Alves. O jovem empres\u00e1rio diz que apesar da m\u00e1quina pol\u00edtica ser mais forte financeiramente, o seu\u00a0 projeto \u00e9 mais inteligente. \u201cToda a minha&hellip;","jetpack_sharing_enabled":true,"jetpack_likes_enabled":true,"_links":{"self":[{"href":"https:\/\/blogopara.com.br\/index.php\/wp-json\/wp\/v2\/posts\/12273","targetHints":{"allow":["GET"]}}],"collection":[{"href":"https:\/\/blogopara.com.br\/index.php\/wp-json\/wp\/v2\/posts"}],"about":[{"href":"https:\/\/blogopara.com.br\/index.php\/wp-json\/wp\/v2\/types\/post"}],"author":[{"embeddable":true,"href":"https:\/\/blogopara.com.br\/index.php\/wp-json\/wp\/v2\/users\/1"}],"replies":[{"embeddable":true,"href":"https:\/\/blogopara.com.br\/index.php\/wp-json\/wp\/v2\/comments?post=12273"}],"version-history":[{"count":2,"href":"https:\/\/blogopara.com.br\/index.php\/wp-json\/wp\/v2\/posts\/12273\/revisions"}],"predecessor-version":[{"id":12281,"href":"https:\/\/blogopara.com.br\/index.php\/wp-json\/wp\/v2\/posts\/12273\/revisions\/12281"}],"wp:featuredmedia":[{"embeddable":true,"href":"https:\/\/blogopara.com.br\/index.php\/wp-json\/wp\/v2\/media\/12280"}],"wp:attachment":[{"href":"https:\/\/blogopara.com.br\/index.php\/wp-json\/wp\/v2\/media?parent=12273"}],"wp:term":[{"taxonomy":"category","embeddable":true,"href":"https:\/\/blogopara.com.br\/index.php\/wp-json\/wp\/v2\/categories?post=12273"},{"taxonomy":"post_tag","embeddable":true,"href":"https:\/\/blogopara.com.br\/index.php\/wp-json\/wp\/v2\/tags?post=12273"}],"curies":[{"name":"wp","href":"https:\/\/api.w.org\/{rel}","templated":true}]}}