{"id":12332,"date":"2020-07-03T16:35:00","date_gmt":"2020-07-03T19:35:00","guid":{"rendered":"http:\/\/blogopara.com.br\/?p=12332"},"modified":"2020-07-02T18:01:08","modified_gmt":"2020-07-02T21:01:08","slug":"petrolina-nasce-a-primeira-crianca-no-centro-de-parto-normal","status":"publish","type":"post","link":"https:\/\/blogopara.com.br\/index.php\/2020\/07\/03\/petrolina-nasce-a-primeira-crianca-no-centro-de-parto-normal","title":{"rendered":"Petrolina: Nasce a primeira crian\u00e7a no Centro de Parto Normal."},"content":{"rendered":"<div style=\"text-align: justify;\">O nascimento de uma crian\u00e7a \u00e9 a celebra\u00e7\u00e3o da vida e da esperan\u00e7a. Um epis\u00f3dio incr\u00edvel que marca uma fam\u00edlia. O momento do parto \u00e9 carregado por emo\u00e7\u00e3o e, principalmente, pela for\u00e7a e coragem da mulher, que, neste momento tamb\u00e9m est\u00e1 nascendo como m\u00e3e. E foi nesse contexto que, nesta quinta-feira (2), nasceu o primeiro beb\u00ea no Centro de Parto Maria das Dores de Souza, em Petrolina.<\/div>\n<div style=\"text-align: justify;\"><\/div>\n<div style=\"text-align: justify;\">Em um ambiente aconchegante e assistida por uma equipe capacitada, veio ao mundo, \u00e0s 10h53, a pequena Ana Vit\u00f3ria com 49cm e pesando 3.145kg. \u00c9 a terceira filha de Nayara Gomes de Almeida, 29 anos, e de Adriano Nascimento Ribeiro de 30 anos. \u201cFoi uma manh\u00e3 marcada de muita emo\u00e7\u00e3o para a fam\u00edlia e tamb\u00e9m para todos n\u00f3s profissionais de sa\u00fade. Ana, tem vit\u00f3ria em seu nome, mas com certeza essa \u00e9 uma conquista comemorada por todos os petrolinenses, principalmente, as mulheres\u201d, destacou a m\u00e9dica e diretora do Centro de Parto, Renata Teixeira.<\/div>\n<div style=\"text-align: justify;\"><\/div>\n<div style=\"text-align: justify;\">O Centro de Parto Normal Maria das Dores foi inaugurado na \u00faltima segunda-feira (29) pela Prefeitura de Petrolina.\u00a0 O objetivo \u00e9 assistir as mulheres gr\u00e1vidas, com seguran\u00e7a, dignidade e compromisso, desde o pr\u00e9-natal, realizado na rede b\u00e1sica de sa\u00fade, at\u00e9 o momento do parto e nascimento. \u201cV\u00ea esse equipamento funcionando \u00e9 um sonho para todos n\u00f3s petrolinenses. A inaugura\u00e7\u00e3o foi uma emo\u00e7\u00e3o, mas nada se compara com esse momento vivido hoje, o primeiro parto. Como mulher, m\u00e3e e av\u00f3, sei da import\u00e2ncia. O Centro de Parto hoje se encheu de encanto, luz e amor. Uma linda Vit\u00f3ria!\u201d, comemorou a secret\u00e1ria de Sa\u00fade, Magnilde Albuquerque.<\/div>\n<div style=\"text-align: justify;\"><\/div>\n<div style=\"text-align: justify;\">O equipamento que tem capacidade para realizar 150 partos por m\u00eas, conta com todos os ambientes decorados, banheira, bancos adaptados, sala de deambula\u00e7\u00e3o (local para passeio das gestantes), cinco salas de parto, ambiente de cuidados ao rec\u00e9m-nascido, vacina\u00e7\u00e3o e setor administrativo.<\/div>\n","protected":false},"excerpt":{"rendered":"<p>O nascimento de uma crian\u00e7a \u00e9 a celebra\u00e7\u00e3o da vida e da esperan\u00e7a. Um epis\u00f3dio incr\u00edvel que marca uma fam\u00edlia. O momento do parto \u00e9 carregado por emo\u00e7\u00e3o e, principalmente, pela for\u00e7a e coragem da mulher, que, neste momento tamb\u00e9m est\u00e1 nascendo como m\u00e3e. E foi nesse contexto que, nesta quinta-feira (2), nasceu o primeiro [&hellip;]<\/p>\n","protected":false},"author":1,"featured_media":12333,"comment_status":"open","ping_status":"open","sticky":false,"template":"","format":"standard","meta":{"_uag_custom_page_level_css":"","_monsterinsights_skip_tracking":false,"_monsterinsights_sitenote_active":false,"_monsterinsights_sitenote_note":"","_monsterinsights_sitenote_category":0,"jetpack_post_was_ever_published":false,"_jetpack_newsletter_access":"","_jetpack_dont_email_post_to_subs":false,"_jetpack_newsletter_tier_id":0,"_jetpack_memberships_contains_paywalled_content":false,"_jetpack_memberships_contains_paid_content":false,"footnotes":"","jetpack_publicize_message":"","jetpack_publicize_feature_enabled":true,"jetpack_social_post_already_shared":true,"jetpack_social_options":{"image_generator_settings":{"template":"highway","default_image_id":0,"font":"","enabled":false},"version":2}},"categories":[851,205],"tags":[],"class_list":["post-12332","post","type-post","status-publish","format-standard","has-post-thumbnail","hentry","category-petrolina","category-saude"],"jetpack_publicize_connections":[],"jetpack_featured_media_url":"https:\/\/blogopara.com.br\/wp-content\/uploads\/2020\/07\/Foto-3-Primeiro-Parto-CPN.jpeg","uagb_featured_image_src":{"full":["https:\/\/blogopara.com.br\/wp-content\/uploads\/2020\/07\/Foto-3-Primeiro-Parto-CPN.jpeg",400,267,false],"thumbnail":["https:\/\/blogopara.com.br\/wp-content\/uploads\/2020\/07\/Foto-3-Primeiro-Parto-CPN-150x150.jpeg",150,150,true],"medium":["https:\/\/blogopara.com.br\/wp-content\/uploads\/2020\/07\/Foto-3-Primeiro-Parto-CPN-300x200.jpeg",300,200,true],"medium_large":["https:\/\/blogopara.com.br\/wp-content\/uploads\/2020\/07\/Foto-3-Primeiro-Parto-CPN.jpeg",400,267,false],"large":["https:\/\/blogopara.com.br\/wp-content\/uploads\/2020\/07\/Foto-3-Primeiro-Parto-CPN.jpeg",400,267,false],"1536x1536":["https:\/\/blogopara.com.br\/wp-content\/uploads\/2020\/07\/Foto-3-Primeiro-Parto-CPN.jpeg",400,267,false],"2048x2048":["https:\/\/blogopara.com.br\/wp-content\/uploads\/2020\/07\/Foto-3-Primeiro-Parto-CPN.jpeg",400,267,false],"mantranews-slider-large":["https:\/\/blogopara.com.br\/wp-content\/uploads\/2020\/07\/Foto-3-Primeiro-Parto-CPN.jpeg",400,267,false],"mantranews-featured-medium":["https:\/\/blogopara.com.br\/wp-content\/uploads\/2020\/07\/Foto-3-Primeiro-Parto-CPN.jpeg",400,267,false],"mantranews-featured-long":["https:\/\/blogopara.com.br\/wp-content\/uploads\/2020\/07\/Foto-3-Primeiro-Parto-CPN-300x267.jpeg",300,267,true],"mantranews-block-medium":["https:\/\/blogopara.com.br\/wp-content\/uploads\/2020\/07\/Foto-3-Primeiro-Parto-CPN.jpeg",400,267,false],"mantranews-carousel-image":["https:\/\/blogopara.com.br\/wp-content\/uploads\/2020\/07\/Foto-3-Primeiro-Parto-CPN.jpeg",400,267,false],"mantranews-block-thumb":["https:\/\/blogopara.com.br\/wp-content\/uploads\/2020\/07\/Foto-3-Primeiro-Parto-CPN-322x230.jpeg",322,230,true],"mantranews-single-large":["https:\/\/blogopara.com.br\/wp-content\/uploads\/2020\/07\/Foto-3-Primeiro-Parto-CPN.jpeg",400,267,false]},"uagb_author_info":{"display_name":"Reda\u00e7\u00e3o geral","author_link":"https:\/\/blogopara.com.br\/index.php\/author\/blogopara"},"uagb_comment_info":0,"uagb_excerpt":"O nascimento de uma crian\u00e7a \u00e9 a celebra\u00e7\u00e3o da vida e da esperan\u00e7a. Um epis\u00f3dio incr\u00edvel que marca uma fam\u00edlia. O momento do parto \u00e9 carregado por emo\u00e7\u00e3o e, principalmente, pela for\u00e7a e coragem da mulher, que, neste momento tamb\u00e9m est\u00e1 nascendo como m\u00e3e. E foi nesse contexto que, nesta quinta-feira (2), nasceu o primeiro&hellip;","jetpack_sharing_enabled":true,"jetpack_likes_enabled":true,"_links":{"self":[{"href":"https:\/\/blogopara.com.br\/index.php\/wp-json\/wp\/v2\/posts\/12332","targetHints":{"allow":["GET"]}}],"collection":[{"href":"https:\/\/blogopara.com.br\/index.php\/wp-json\/wp\/v2\/posts"}],"about":[{"href":"https:\/\/blogopara.com.br\/index.php\/wp-json\/wp\/v2\/types\/post"}],"author":[{"embeddable":true,"href":"https:\/\/blogopara.com.br\/index.php\/wp-json\/wp\/v2\/users\/1"}],"replies":[{"embeddable":true,"href":"https:\/\/blogopara.com.br\/index.php\/wp-json\/wp\/v2\/comments?post=12332"}],"version-history":[{"count":1,"href":"https:\/\/blogopara.com.br\/index.php\/wp-json\/wp\/v2\/posts\/12332\/revisions"}],"predecessor-version":[{"id":12334,"href":"https:\/\/blogopara.com.br\/index.php\/wp-json\/wp\/v2\/posts\/12332\/revisions\/12334"}],"wp:featuredmedia":[{"embeddable":true,"href":"https:\/\/blogopara.com.br\/index.php\/wp-json\/wp\/v2\/media\/12333"}],"wp:attachment":[{"href":"https:\/\/blogopara.com.br\/index.php\/wp-json\/wp\/v2\/media?parent=12332"}],"wp:term":[{"taxonomy":"category","embeddable":true,"href":"https:\/\/blogopara.com.br\/index.php\/wp-json\/wp\/v2\/categories?post=12332"},{"taxonomy":"post_tag","embeddable":true,"href":"https:\/\/blogopara.com.br\/index.php\/wp-json\/wp\/v2\/tags?post=12332"}],"curies":[{"name":"wp","href":"https:\/\/api.w.org\/{rel}","templated":true}]}}