{"id":12338,"date":"2020-07-02T18:15:23","date_gmt":"2020-07-02T21:15:23","guid":{"rendered":"http:\/\/blogopara.com.br\/?p=12338"},"modified":"2020-07-02T18:18:53","modified_gmt":"2020-07-02T21:18:53","slug":"curaca-o-municipio-vive-um-atraso-agroeconomico","status":"publish","type":"post","link":"https:\/\/blogopara.com.br\/index.php\/2020\/07\/02\/curaca-o-municipio-vive-um-atraso-agroeconomico","title":{"rendered":"Cura\u00e7\u00e1: O munic\u00edpio vive um atraso agroecon\u00f4mico"},"content":{"rendered":"<p style=\"text-align: justify;\">O atraso produtivo na agricultura de Cura\u00e7\u00e1 dos \u00faltimos anos fez com que o Munic\u00edpio perdesse o seu protagonismo perante as regi\u00f5es do norte do Estado. Com uma faixa ribeirinha banhada por cerca de 120 km pelo Rio S\u00e3o Francisco e um dos maiores rebanhos de caprinos do Brasil, n\u00e3o houve nenhum apoio ou busca de projetos por parte da gest\u00e3o municipal para melhorar esse quadro, o que culmina ainda mais o p\u00e9ssimo desenvolvimento local.<\/p>\n<p style=\"text-align: justify;\">Uns dos grandes desafios da agricultura de Cura\u00e7\u00e1 est\u00e1 na aplica\u00e7\u00e3o de novas t\u00e9cnicas de produ\u00e7\u00e3o e apoio aos camponeses atrav\u00e9s de assist\u00eancia ao produtor rural e busca de a\u00e7\u00f5es conjuntas com as institui\u00e7\u00f5es do Governo Federal e Estadual. Todavia n\u00e3o houve nada de relevante para os produtores por oferta da Secret\u00e1ria de Agricultura e A\u00e7\u00f5es do Interior; nenhum programa ou a\u00e7\u00e3o foi identificado nestes \u00faltimos anos da gest\u00e3o \u201cagora \u00e9 a vez do povo\u201d.<\/p>\n<p style=\"text-align: justify;\">O quadro t\u00e9cnico da secret\u00e1ria n\u00e3o foi aproveitado apenas ficou trabalhando com fun\u00e7\u00f5es administrativas, esse mau aproveitamento dos t\u00e9cnicos significa desperd\u00edcio de dinheiro p\u00fablico e preju\u00edzo ao produtor rural que paga impostos esperando o retorno deste. \u201c\u00c9 a realidade local\u201d, revelou o Agropecuarista cura\u00e7aense Jos\u00e9 Ant\u00f4nio Torquarto.<\/p>\n<p style=\"text-align: justify;\">A aus\u00eancia das a\u00e7\u00f5es da secret\u00e1ria no meio rural sem levar informa\u00e7\u00f5es, sem prestar servi\u00e7os ao p\u00fablico implica na baixa produtividade e deixa os nossos produtores vulner\u00e1veis as crises produtivas como desgaste de solo, uso indevido de defensivos agr\u00edcolas, mal uso da \u00e1gua e do solo. \u00c9 uma falha grave por parte da atual gest\u00e3o\u00a0 fechar os olhos para o homem do campo, o qual alimenta o Munic\u00edpio e outras regi\u00f5es. Faz-se necess\u00e1rio que na pr\u00f3xima elei\u00e7\u00e3o a popula\u00e7\u00e3o possa escolher um gestor que se preocupe com essa atividade e ajude a melhorar a renda e qualidade dos seus produtos que geraria mais riqueza para Cura\u00e7\u00e1.<\/p>\n<p style=\"text-align: justify;\">Encaminhamos uma pergunta ao secret\u00e1rio de Agricultura de Cura\u00e7\u00e1, mas at\u00e9 o fechamento da mat\u00e9ria n\u00e3o obtivemos respostas:<\/p>\n<p style=\"text-align: justify;\">Existe algum programa cont\u00ednuo de atendimento ao homem do campo no que se refere \u00e0 recupera\u00e7\u00e3o de estradas de escoamento, limpeza de aguadas, perfura\u00e7\u00e3o e instala\u00e7\u00e3o de po\u00e7os, assist\u00eancia t\u00e9cnica e capacita\u00e7\u00e3o de produtores rurais?<\/p>\n\n\n<p><\/p>\n","protected":false},"excerpt":{"rendered":"<p>O atraso produtivo na agricultura de Cura\u00e7\u00e1 dos \u00faltimos anos fez com que o Munic\u00edpio perdesse o seu protagonismo perante as regi\u00f5es do norte do Estado. Com uma faixa ribeirinha banhada por cerca de 120 km pelo Rio S\u00e3o Francisco e um dos maiores rebanhos de caprinos do Brasil, n\u00e3o houve nenhum apoio ou busca [&hellip;]<\/p>\n","protected":false},"author":1,"featured_media":12339,"comment_status":"open","ping_status":"open","sticky":false,"template":"","format":"standard","meta":{"_uag_custom_page_level_css":"","_monsterinsights_skip_tracking":false,"_monsterinsights_sitenote_active":false,"_monsterinsights_sitenote_note":"","_monsterinsights_sitenote_category":0,"jetpack_post_was_ever_published":false,"_jetpack_newsletter_access":"","_jetpack_dont_email_post_to_subs":false,"_jetpack_newsletter_tier_id":0,"_jetpack_memberships_contains_paywalled_content":false,"_jetpack_memberships_contains_paid_content":false,"footnotes":"","jetpack_publicize_message":"","jetpack_publicize_feature_enabled":true,"jetpack_social_post_already_shared":true,"jetpack_social_options":{"image_generator_settings":{"template":"highway","default_image_id":0,"font":"","enabled":false},"version":2}},"categories":[199,206],"tags":[],"class_list":["post-12338","post","type-post","status-publish","format-standard","has-post-thumbnail","hentry","category-bahia","category-economia"],"jetpack_publicize_connections":[],"jetpack_featured_media_url":"https:\/\/blogopara.com.br\/wp-content\/uploads\/2020\/07\/Sem-t\u00edtulo.jpg","uagb_featured_image_src":{"full":["https:\/\/blogopara.com.br\/wp-content\/uploads\/2020\/07\/Sem-t\u00edtulo.jpg",500,333,false],"thumbnail":["https:\/\/blogopara.com.br\/wp-content\/uploads\/2020\/07\/Sem-t\u00edtulo-150x150.jpg",150,150,true],"medium":["https:\/\/blogopara.com.br\/wp-content\/uploads\/2020\/07\/Sem-t\u00edtulo-300x200.jpg",300,200,true],"medium_large":["https:\/\/blogopara.com.br\/wp-content\/uploads\/2020\/07\/Sem-t\u00edtulo.jpg",500,333,false],"large":["https:\/\/blogopara.com.br\/wp-content\/uploads\/2020\/07\/Sem-t\u00edtulo.jpg",500,333,false],"1536x1536":["https:\/\/blogopara.com.br\/wp-content\/uploads\/2020\/07\/Sem-t\u00edtulo.jpg",500,333,false],"2048x2048":["https:\/\/blogopara.com.br\/wp-content\/uploads\/2020\/07\/Sem-t\u00edtulo.jpg",500,333,false],"mantranews-slider-large":["https:\/\/blogopara.com.br\/wp-content\/uploads\/2020\/07\/Sem-t\u00edtulo.jpg",500,333,false],"mantranews-featured-medium":["https:\/\/blogopara.com.br\/wp-content\/uploads\/2020\/07\/Sem-t\u00edtulo-420x307.jpg",420,307,true],"mantranews-featured-long":["https:\/\/blogopara.com.br\/wp-content\/uploads\/2020\/07\/Sem-t\u00edtulo-300x333.jpg",300,333,true],"mantranews-block-medium":["https:\/\/blogopara.com.br\/wp-content\/uploads\/2020\/07\/Sem-t\u00edtulo-464x290.jpg",464,290,true],"mantranews-carousel-image":["https:\/\/blogopara.com.br\/wp-content\/uploads\/2020\/07\/Sem-t\u00edtulo.jpg",500,333,false],"mantranews-block-thumb":["https:\/\/blogopara.com.br\/wp-content\/uploads\/2020\/07\/Sem-t\u00edtulo-322x230.jpg",322,230,true],"mantranews-single-large":["https:\/\/blogopara.com.br\/wp-content\/uploads\/2020\/07\/Sem-t\u00edtulo.jpg",500,333,false]},"uagb_author_info":{"display_name":"Reda\u00e7\u00e3o geral","author_link":"https:\/\/blogopara.com.br\/index.php\/author\/blogopara"},"uagb_comment_info":0,"uagb_excerpt":"O atraso produtivo na agricultura de Cura\u00e7\u00e1 dos \u00faltimos anos fez com que o Munic\u00edpio perdesse o seu protagonismo perante as regi\u00f5es do norte do Estado. Com uma faixa ribeirinha banhada por cerca de 120 km pelo Rio S\u00e3o Francisco e um dos maiores rebanhos de caprinos do Brasil, n\u00e3o houve nenhum apoio ou busca&hellip;","jetpack_sharing_enabled":true,"jetpack_likes_enabled":true,"_links":{"self":[{"href":"https:\/\/blogopara.com.br\/index.php\/wp-json\/wp\/v2\/posts\/12338","targetHints":{"allow":["GET"]}}],"collection":[{"href":"https:\/\/blogopara.com.br\/index.php\/wp-json\/wp\/v2\/posts"}],"about":[{"href":"https:\/\/blogopara.com.br\/index.php\/wp-json\/wp\/v2\/types\/post"}],"author":[{"embeddable":true,"href":"https:\/\/blogopara.com.br\/index.php\/wp-json\/wp\/v2\/users\/1"}],"replies":[{"embeddable":true,"href":"https:\/\/blogopara.com.br\/index.php\/wp-json\/wp\/v2\/comments?post=12338"}],"version-history":[{"count":2,"href":"https:\/\/blogopara.com.br\/index.php\/wp-json\/wp\/v2\/posts\/12338\/revisions"}],"predecessor-version":[{"id":12342,"href":"https:\/\/blogopara.com.br\/index.php\/wp-json\/wp\/v2\/posts\/12338\/revisions\/12342"}],"wp:featuredmedia":[{"embeddable":true,"href":"https:\/\/blogopara.com.br\/index.php\/wp-json\/wp\/v2\/media\/12339"}],"wp:attachment":[{"href":"https:\/\/blogopara.com.br\/index.php\/wp-json\/wp\/v2\/media?parent=12338"}],"wp:term":[{"taxonomy":"category","embeddable":true,"href":"https:\/\/blogopara.com.br\/index.php\/wp-json\/wp\/v2\/categories?post=12338"},{"taxonomy":"post_tag","embeddable":true,"href":"https:\/\/blogopara.com.br\/index.php\/wp-json\/wp\/v2\/tags?post=12338"}],"curies":[{"name":"wp","href":"https:\/\/api.w.org\/{rel}","templated":true}]}}