{"id":12384,"date":"2020-07-06T08:58:00","date_gmt":"2020-07-06T11:58:00","guid":{"rendered":"http:\/\/blogopara.com.br\/?p=12384"},"modified":"2020-07-03T15:01:56","modified_gmt":"2020-07-03T18:01:56","slug":"petrolina-projeto-urbanistico-da-porta-do-rio-foi-entregue-a-populacao","status":"publish","type":"post","link":"https:\/\/blogopara.com.br\/index.php\/2020\/07\/06\/petrolina-projeto-urbanistico-da-porta-do-rio-foi-entregue-a-populacao","title":{"rendered":"Petrolina: Projeto urban\u00edstico da Porta do Rio foi entregue a popula\u00e7\u00e3o"},"content":{"rendered":"<p style=\"text-align: justify;\">Um novo equipamento para lazer e pr\u00e1tica de atividades f\u00edsicas ser\u00e1 entregue \u00e0 popula\u00e7\u00e3o petrolinense nesta sexta-feira (3), \u00e0s 18h30. O projeto urban\u00edstico da Porta do Rio tem a proposta de abra\u00e7ar todos os p\u00fablicos, com equipamentos inclusivos e para pessoas de diferentes faixas et\u00e1rias e interesses.<\/p>\n<p style=\"text-align: justify;\">A obra foi tocada pela iniciativa privada, que adotou o espa\u00e7o por meio do programa &#8216;Nossa Pra\u00e7a&#8217; da Prefeitura Municipal, e n\u00e3o envolveu recursos p\u00fablicos.<\/p>\n<p style=\"text-align: justify;\">A diversidade de op\u00e7\u00f5es de lazer no espa\u00e7o \u00e9 inovadora em Petrolina. As crian\u00e7as v\u00e3o ter \u00e0 disposi\u00e7\u00e3o atividades recreativas e de cunho educativo, como amarelinha (com algarismo e em linguagem de sinais), centopeia do alfabeto (tamb\u00e9m com letras e em linguagem de sinais), educa\u00e7\u00e3o sobre tr\u00e2nsito e balan\u00e7o (convencional e para pessoas com defici\u00eancia f\u00edsica).<\/p>\n<p style=\"text-align: justify;\">O projeto da Porta do Rio \u00a0tamb\u00e9m inclui polo gastron\u00f4mico, pista de 300m para caminhadas ou corridas, quadra poliesportiva, equipamentos de gin\u00e1stica, \u00e1reas para pr\u00e1tica de esportes urbanos (skate e patins) e um espa\u00e7o recreativo para animais dom\u00e9sticos.<\/p>\n<p style=\"text-align: justify;\">Ascom Prefeitura de Petrolina<\/p>\n","protected":false},"excerpt":{"rendered":"<p>Um novo equipamento para lazer e pr\u00e1tica de atividades f\u00edsicas ser\u00e1 entregue \u00e0 popula\u00e7\u00e3o petrolinense nesta sexta-feira (3), \u00e0s 18h30. O projeto urban\u00edstico da Porta do Rio tem a proposta de abra\u00e7ar todos os p\u00fablicos, com equipamentos inclusivos e para pessoas de diferentes faixas et\u00e1rias e interesses. A obra foi tocada pela iniciativa privada, que [&hellip;]<\/p>\n","protected":false},"author":1,"featured_media":12385,"comment_status":"open","ping_status":"open","sticky":false,"template":"","format":"standard","meta":{"_uag_custom_page_level_css":"","_monsterinsights_skip_tracking":false,"_monsterinsights_sitenote_active":false,"_monsterinsights_sitenote_note":"","_monsterinsights_sitenote_category":0,"jetpack_post_was_ever_published":false,"_jetpack_newsletter_access":"","_jetpack_dont_email_post_to_subs":false,"_jetpack_newsletter_tier_id":0,"_jetpack_memberships_contains_paywalled_content":false,"_jetpack_memberships_contains_paid_content":false,"footnotes":"","jetpack_publicize_message":"","jetpack_publicize_feature_enabled":true,"jetpack_social_post_already_shared":true,"jetpack_social_options":{"image_generator_settings":{"template":"highway","default_image_id":0,"font":"","enabled":false},"version":2}},"categories":[851,197],"tags":[],"class_list":["post-12384","post","type-post","status-publish","format-standard","has-post-thumbnail","hentry","category-petrolina","category-politica"],"jetpack_publicize_connections":[],"jetpack_featured_media_url":"https:\/\/blogopara.com.br\/wp-content\/uploads\/2020\/07\/sol-Orla-por-@kaiocads-0045.jpg","uagb_featured_image_src":{"full":["https:\/\/blogopara.com.br\/wp-content\/uploads\/2020\/07\/sol-Orla-por-@kaiocads-0045.jpg",500,280,false],"thumbnail":["https:\/\/blogopara.com.br\/wp-content\/uploads\/2020\/07\/sol-Orla-por-@kaiocads-0045-150x150.jpg",150,150,true],"medium":["https:\/\/blogopara.com.br\/wp-content\/uploads\/2020\/07\/sol-Orla-por-@kaiocads-0045-300x168.jpg",300,168,true],"medium_large":["https:\/\/blogopara.com.br\/wp-content\/uploads\/2020\/07\/sol-Orla-por-@kaiocads-0045.jpg",500,280,false],"large":["https:\/\/blogopara.com.br\/wp-content\/uploads\/2020\/07\/sol-Orla-por-@kaiocads-0045.jpg",500,280,false],"1536x1536":["https:\/\/blogopara.com.br\/wp-content\/uploads\/2020\/07\/sol-Orla-por-@kaiocads-0045.jpg",500,280,false],"2048x2048":["https:\/\/blogopara.com.br\/wp-content\/uploads\/2020\/07\/sol-Orla-por-@kaiocads-0045.jpg",500,280,false],"mantranews-slider-large":["https:\/\/blogopara.com.br\/wp-content\/uploads\/2020\/07\/sol-Orla-por-@kaiocads-0045.jpg",500,280,false],"mantranews-featured-medium":["https:\/\/blogopara.com.br\/wp-content\/uploads\/2020\/07\/sol-Orla-por-@kaiocads-0045-420x280.jpg",420,280,true],"mantranews-featured-long":["https:\/\/blogopara.com.br\/wp-content\/uploads\/2020\/07\/sol-Orla-por-@kaiocads-0045-300x280.jpg",300,280,true],"mantranews-block-medium":["https:\/\/blogopara.com.br\/wp-content\/uploads\/2020\/07\/sol-Orla-por-@kaiocads-0045-464x280.jpg",464,280,true],"mantranews-carousel-image":["https:\/\/blogopara.com.br\/wp-content\/uploads\/2020\/07\/sol-Orla-por-@kaiocads-0045.jpg",500,280,false],"mantranews-block-thumb":["https:\/\/blogopara.com.br\/wp-content\/uploads\/2020\/07\/sol-Orla-por-@kaiocads-0045-322x230.jpg",322,230,true],"mantranews-single-large":["https:\/\/blogopara.com.br\/wp-content\/uploads\/2020\/07\/sol-Orla-por-@kaiocads-0045.jpg",500,280,false]},"uagb_author_info":{"display_name":"Reda\u00e7\u00e3o geral","author_link":"https:\/\/blogopara.com.br\/index.php\/author\/blogopara"},"uagb_comment_info":0,"uagb_excerpt":"Um novo equipamento para lazer e pr\u00e1tica de atividades f\u00edsicas ser\u00e1 entregue \u00e0 popula\u00e7\u00e3o petrolinense nesta sexta-feira (3), \u00e0s 18h30. O projeto urban\u00edstico da Porta do Rio tem a proposta de abra\u00e7ar todos os p\u00fablicos, com equipamentos inclusivos e para pessoas de diferentes faixas et\u00e1rias e interesses. A obra foi tocada pela iniciativa privada, que&hellip;","jetpack_sharing_enabled":true,"jetpack_likes_enabled":true,"_links":{"self":[{"href":"https:\/\/blogopara.com.br\/index.php\/wp-json\/wp\/v2\/posts\/12384","targetHints":{"allow":["GET"]}}],"collection":[{"href":"https:\/\/blogopara.com.br\/index.php\/wp-json\/wp\/v2\/posts"}],"about":[{"href":"https:\/\/blogopara.com.br\/index.php\/wp-json\/wp\/v2\/types\/post"}],"author":[{"embeddable":true,"href":"https:\/\/blogopara.com.br\/index.php\/wp-json\/wp\/v2\/users\/1"}],"replies":[{"embeddable":true,"href":"https:\/\/blogopara.com.br\/index.php\/wp-json\/wp\/v2\/comments?post=12384"}],"version-history":[{"count":1,"href":"https:\/\/blogopara.com.br\/index.php\/wp-json\/wp\/v2\/posts\/12384\/revisions"}],"predecessor-version":[{"id":12386,"href":"https:\/\/blogopara.com.br\/index.php\/wp-json\/wp\/v2\/posts\/12384\/revisions\/12386"}],"wp:featuredmedia":[{"embeddable":true,"href":"https:\/\/blogopara.com.br\/index.php\/wp-json\/wp\/v2\/media\/12385"}],"wp:attachment":[{"href":"https:\/\/blogopara.com.br\/index.php\/wp-json\/wp\/v2\/media?parent=12384"}],"wp:term":[{"taxonomy":"category","embeddable":true,"href":"https:\/\/blogopara.com.br\/index.php\/wp-json\/wp\/v2\/categories?post=12384"},{"taxonomy":"post_tag","embeddable":true,"href":"https:\/\/blogopara.com.br\/index.php\/wp-json\/wp\/v2\/tags?post=12384"}],"curies":[{"name":"wp","href":"https:\/\/api.w.org\/{rel}","templated":true}]}}