{"id":12493,"date":"2020-07-09T08:53:00","date_gmt":"2020-07-09T11:53:00","guid":{"rendered":"http:\/\/blogopara.com.br\/?p=12493"},"modified":"2020-07-09T08:58:04","modified_gmt":"2020-07-09T11:58:04","slug":"paulo-bomfim-pede-paciencia-a-gaspazinho-e-reafirma-projeto-de-reeleicao-no-pt","status":"publish","type":"post","link":"https:\/\/blogopara.com.br\/index.php\/2020\/07\/09\/paulo-bomfim-pede-paciencia-a-gaspazinho-e-reafirma-projeto-de-reeleicao-no-pt","title":{"rendered":"Paulo Bomfim pede paci\u00eancia a Gaspar J\u00fanior, e reafirma a reelei\u00e7\u00e3o"},"content":{"rendered":"<p style=\"text-align: justify;\">Militante hist\u00f3rico e fundador do PT em Juazeiro, Gaspar J\u00fanior, colocou o seu nome como pr\u00e9-candidato a prefeito de Juazeiro, nas elei\u00e7\u00f5es previstas para esse ano.<\/p>\n<p style=\"text-align: justify;\">Gaspar J\u00fanior, conhecido por todos como &#8220;Gaspazinho&#8221;, tem experiencia em gest\u00e3o, al\u00e9m de ser org\u00e2nico dos quadros do PT. Mas foi atropelado pela dire\u00e7\u00e3o partid\u00e1ria, que confirmou a candidatura de Paulo Bomfim, para a reelei\u00e7\u00e3o, num Encontro do PT realizado pela internet no dia 04, que teve repercuss\u00e3o negativa nas redes sociais.<\/p>\n<p style=\"text-align: justify;\">Paulo Bomfim participou de uma entrevista ao programa Nossa Voz (R\u00e1dio Grande Rio) na \u00faltima ter\u00e7a-feira (07), e pediu paci\u00eancia aos pr\u00e9-candidatos do PT, pois o projeto petista ter\u00e1 como foco a sua candidatura \u00e0 reelei\u00e7\u00e3o.<\/p>\n<p style=\"text-align: justify;\">A candidatura do rec\u00e9m-filiado dever\u00e1 ser confirmada na conven\u00e7\u00e3o oficial. \u201c(\u2026) Fizemos um grande evento. Dele participaram a presidente nacional, a deputada federal, Gleisi Hoffmann, o candidato a presidente na \u00faltima elei\u00e7\u00e3o, Fernando Haddad, participou tamb\u00e9m o senador e ex-governador da Bahia, Jacques Wagner e muitas outras lideran\u00e7as, deputados estaduais, deputados federais do PT e lideran\u00e7as tamb\u00e9m sem mandato.<\/p>\n<p style=\"text-align: justify;\">&#8220;O nosso nome foi validado para continuar esse trabalho que a gente iniciou no PCdoB. E quero agradecer a toda milit\u00e2ncia do Partido Comunista do Brasil. Agora estamos no PT e vamos seguir em frente\u201d, apontou.<\/p>\n<p style=\"text-align: justify;\">\u201cInfelizmente sempre tem pessoas que querem contribuir, mas v\u00e3o ter que esperar mais um pouquinho. Porque vamos para a reelei\u00e7\u00e3o para fazer com que Juazeiro se desenvolva ainda mais\u201d, finalizou.<\/p>\n<pre>Fonte de informa\u00e7\u00f5es: BlogNossaVoz<\/pre>\n","protected":false},"excerpt":{"rendered":"<p>Militante hist\u00f3rico e fundador do PT em Juazeiro, Gaspar J\u00fanior, colocou o seu nome como pr\u00e9-candidato a prefeito de Juazeiro, nas elei\u00e7\u00f5es previstas para esse ano. Gaspar J\u00fanior, conhecido por todos como &#8220;Gaspazinho&#8221;, tem experiencia em gest\u00e3o, al\u00e9m de ser org\u00e2nico dos quadros do PT. Mas foi atropelado pela dire\u00e7\u00e3o partid\u00e1ria, que confirmou a candidatura [&hellip;]<\/p>\n","protected":false},"author":1,"featured_media":12494,"comment_status":"open","ping_status":"open","sticky":false,"template":"","format":"standard","meta":{"_uag_custom_page_level_css":"","_monsterinsights_skip_tracking":false,"_monsterinsights_sitenote_active":false,"_monsterinsights_sitenote_note":"","_monsterinsights_sitenote_category":0,"jetpack_post_was_ever_published":false,"_jetpack_newsletter_access":"","_jetpack_dont_email_post_to_subs":false,"_jetpack_newsletter_tier_id":0,"_jetpack_memberships_contains_paywalled_content":false,"_jetpack_memberships_contains_paid_content":false,"footnotes":"","jetpack_publicize_message":"","jetpack_publicize_feature_enabled":true,"jetpack_social_post_already_shared":true,"jetpack_social_options":{"image_generator_settings":{"template":"highway","default_image_id":0,"font":"","enabled":false},"version":2}},"categories":[203,197],"tags":[],"class_list":["post-12493","post","type-post","status-publish","format-standard","has-post-thumbnail","hentry","category-juazeiro","category-politica"],"jetpack_publicize_connections":[],"jetpack_featured_media_url":"https:\/\/blogopara.com.br\/wp-content\/uploads\/2020\/07\/download-3.jpg","uagb_featured_image_src":{"full":["https:\/\/blogopara.com.br\/wp-content\/uploads\/2020\/07\/download-3.jpg",400,211,false],"thumbnail":["https:\/\/blogopara.com.br\/wp-content\/uploads\/2020\/07\/download-3-150x150.jpg",150,150,true],"medium":["https:\/\/blogopara.com.br\/wp-content\/uploads\/2020\/07\/download-3-300x158.jpg",300,158,true],"medium_large":["https:\/\/blogopara.com.br\/wp-content\/uploads\/2020\/07\/download-3.jpg",400,211,false],"large":["https:\/\/blogopara.com.br\/wp-content\/uploads\/2020\/07\/download-3.jpg",400,211,false],"1536x1536":["https:\/\/blogopara.com.br\/wp-content\/uploads\/2020\/07\/download-3.jpg",400,211,false],"2048x2048":["https:\/\/blogopara.com.br\/wp-content\/uploads\/2020\/07\/download-3.jpg",400,211,false],"mantranews-slider-large":["https:\/\/blogopara.com.br\/wp-content\/uploads\/2020\/07\/download-3.jpg",400,211,false],"mantranews-featured-medium":["https:\/\/blogopara.com.br\/wp-content\/uploads\/2020\/07\/download-3.jpg",400,211,false],"mantranews-featured-long":["https:\/\/blogopara.com.br\/wp-content\/uploads\/2020\/07\/download-3-300x211.jpg",300,211,true],"mantranews-block-medium":["https:\/\/blogopara.com.br\/wp-content\/uploads\/2020\/07\/download-3.jpg",400,211,false],"mantranews-carousel-image":["https:\/\/blogopara.com.br\/wp-content\/uploads\/2020\/07\/download-3.jpg",400,211,false],"mantranews-block-thumb":["https:\/\/blogopara.com.br\/wp-content\/uploads\/2020\/07\/download-3-322x211.jpg",322,211,true],"mantranews-single-large":["https:\/\/blogopara.com.br\/wp-content\/uploads\/2020\/07\/download-3.jpg",400,211,false]},"uagb_author_info":{"display_name":"Reda\u00e7\u00e3o geral","author_link":"https:\/\/blogopara.com.br\/index.php\/author\/blogopara"},"uagb_comment_info":0,"uagb_excerpt":"Militante hist\u00f3rico e fundador do PT em Juazeiro, Gaspar J\u00fanior, colocou o seu nome como pr\u00e9-candidato a prefeito de Juazeiro, nas elei\u00e7\u00f5es previstas para esse ano. Gaspar J\u00fanior, conhecido por todos como &#8220;Gaspazinho&#8221;, tem experiencia em gest\u00e3o, al\u00e9m de ser org\u00e2nico dos quadros do PT. Mas foi atropelado pela dire\u00e7\u00e3o partid\u00e1ria, que confirmou a candidatura&hellip;","jetpack_sharing_enabled":true,"jetpack_likes_enabled":true,"_links":{"self":[{"href":"https:\/\/blogopara.com.br\/index.php\/wp-json\/wp\/v2\/posts\/12493","targetHints":{"allow":["GET"]}}],"collection":[{"href":"https:\/\/blogopara.com.br\/index.php\/wp-json\/wp\/v2\/posts"}],"about":[{"href":"https:\/\/blogopara.com.br\/index.php\/wp-json\/wp\/v2\/types\/post"}],"author":[{"embeddable":true,"href":"https:\/\/blogopara.com.br\/index.php\/wp-json\/wp\/v2\/users\/1"}],"replies":[{"embeddable":true,"href":"https:\/\/blogopara.com.br\/index.php\/wp-json\/wp\/v2\/comments?post=12493"}],"version-history":[{"count":3,"href":"https:\/\/blogopara.com.br\/index.php\/wp-json\/wp\/v2\/posts\/12493\/revisions"}],"predecessor-version":[{"id":12547,"href":"https:\/\/blogopara.com.br\/index.php\/wp-json\/wp\/v2\/posts\/12493\/revisions\/12547"}],"wp:featuredmedia":[{"embeddable":true,"href":"https:\/\/blogopara.com.br\/index.php\/wp-json\/wp\/v2\/media\/12494"}],"wp:attachment":[{"href":"https:\/\/blogopara.com.br\/index.php\/wp-json\/wp\/v2\/media?parent=12493"}],"wp:term":[{"taxonomy":"category","embeddable":true,"href":"https:\/\/blogopara.com.br\/index.php\/wp-json\/wp\/v2\/categories?post=12493"},{"taxonomy":"post_tag","embeddable":true,"href":"https:\/\/blogopara.com.br\/index.php\/wp-json\/wp\/v2\/tags?post=12493"}],"curies":[{"name":"wp","href":"https:\/\/api.w.org\/{rel}","templated":true}]}}