{"id":12508,"date":"2020-07-08T08:54:13","date_gmt":"2020-07-08T11:54:13","guid":{"rendered":"http:\/\/blogopara.com.br\/?p=12508"},"modified":"2020-07-08T08:58:03","modified_gmt":"2020-07-08T11:58:03","slug":"juazeiro-acabou-a-paciencia-do-governador-rui-costa-com-paulo-bomfim","status":"publish","type":"post","link":"https:\/\/blogopara.com.br\/index.php\/2020\/07\/08\/juazeiro-acabou-a-paciencia-do-governador-rui-costa-com-paulo-bomfim","title":{"rendered":"Juazeiro: Acabou a paci\u00eancia do governador Rui Costa com Paulo Bomfim?"},"content":{"rendered":"<div class=\"post-content-area\">\n<p style=\"text-align: justify;\">Os \u00faltimos dias do prefeito Paulo Bomfim (PT) a frente da prefeitura de Juazeiro, parece que ser\u00e3o tenebrosos. Al\u00e9m da falta de planejamento nas a\u00e7\u00f5es durante todo o mandato e a aus\u00eancia de uma equipe especializada nas diversas \u00e1reas, a pandemia do covid veio para piorar o caos na sa\u00fade.<\/p>\n<p style=\"text-align: justify;\">No in\u00edcio de junho, movido por uma pesquisa de interesse pol\u00edtico, o prefeito reabriu o com\u00e9rcio, e foi duramente criticado pelo governador e pelo secret\u00e1rio de sa\u00fade, Fabio Villa-Boas, o mesmo que em 2015 veio a Juazeiro para resolver uma pend\u00eancia com o hospital Promatre.<\/p>\n<p style=\"text-align: justify;\">O com\u00e9rcio fechou em 22 de junho, e de l\u00e1 para c\u00e1 j\u00e1 morreram 34 pessoas por coronavirus e chegamos a mil casos confirmados, o que tem levado a popula\u00e7\u00e3o a questionar a transpar\u00eancia no uso dos recursos vindos do governo federal e a a falta de a\u00e7\u00f5es sanit\u00e1rias eficientes.<\/p>\n<p style=\"text-align: justify;\">Parecendo est\u00e1 em cima de um palanque, o prefeito de Juazeiro, Paulo Bomfim, tem feito muitas promessas de melhorias para a sa\u00fade, recentemente disse que a UPA teria mais 30 leitos, mas os pacientes continuam sendo transferidos para outras unidades e est\u00e3o denunciando a falta de condi\u00e7\u00f5es da UPA de Juazeiro.<\/p>\n<p style=\"text-align: justify;\">No s\u00e1bado (04) foi feito o lan\u00e7amento da candidatura a reelei\u00e7\u00e3o de Paulo Bomfim, houve manifesta\u00e7\u00e3o de apoio de varias lideran\u00e7as petistas nacional e estadual.<\/p>\n<p style=\"text-align: justify;\">Mas nesta ter\u00e7a-feira (07) o prefeito foi a imprensa manifestar &#8220;profunda indigna\u00e7\u00e3o com o tratamento que a cidade de Juazeiro vem recebendo por parte do secret\u00e1rio de Sa\u00fade do Estado da Bahia, F\u00e1bio Villas Boas. Segundo o chefe do executivo municipal, a SESAB vem deixando de cumprir compromissos assumidos pessoalmente pelo governador Rui Costa&#8221;.<\/p>\n<p style=\"text-align: justify;\">Segundo o prefeito, \u201cNo momento em que resolvemos transformar a UPA em unidade de refer\u00eancia para o coronav\u00edrus, o governador Rui Costa assegurou apoio financeiro \u00e0 iniciativa. Investimos recursos municipais (os recursos n\u00e3o vieram do governo federal?) para transferir o atendimento adulto para a Promatre e pedi\u00e1trico para o Hospital S\u00e3o Lucas.<\/p>\n<p style=\"text-align: justify;\">Segundo fontes ouvidas, o prefeito foi solicitar recursos para amplia\u00e7\u00e3o da UPA, o secret\u00e1rio teria perguntado sobre os mais de 20 milh\u00f5es recebidos do governo federal, e que se fosse para investir na UPA, investiria no Regional, que \u00e9 do Estado.<\/p>\n<p style=\"text-align: justify;\">Na sua indigna\u00e7\u00e3o com o governador Rui Costa, o prefeito esquece de mencionar os recursos e apoios que tem recebido do governo federal, ou se omite para n\u00e3o declarar que um imagin\u00e1rio inimigo est\u00e1 ajudando?<\/p>\n<p style=\"text-align: justify;\">Assim como os secret\u00e1rios municipais obedecem ao prefeito, os secret\u00e1rios estaduais obedecem ao governador, nesse caso a indigna\u00e7\u00e3o de Paulo Bomfim deve ser direcionada ao governador Rui Costa, e n\u00e3o ao secret\u00e1rio de sa\u00fade Fabio Villas-Boas.<\/p>\n<p style=\"text-align: justify;\">O governador Rui Costa que recentemente visitou Juazeiro, e n\u00e3o participou do Encontro de lan\u00e7amento da candidatura de Paulo Bomfim, parece que a visita n\u00e3o foi para &#8220;vistoriar obras&#8221;, mas para dizer algo que Paulo Bomfim e Isaac Carvalho precisavam ouvir: &#8220;tudo tem limites, e o meu limite com voc\u00eas acabou&#8221;.<\/p>\n<\/div>\n","protected":false},"excerpt":{"rendered":"<p>Os \u00faltimos dias do prefeito Paulo Bomfim (PT) a frente da prefeitura de Juazeiro, parece que ser\u00e3o tenebrosos. Al\u00e9m da falta de planejamento nas a\u00e7\u00f5es durante todo o mandato e a aus\u00eancia de uma equipe especializada nas diversas \u00e1reas, a pandemia do covid veio para piorar o caos na sa\u00fade. No in\u00edcio de junho, movido [&hellip;]<\/p>\n","protected":false},"author":1,"featured_media":12520,"comment_status":"open","ping_status":"open","sticky":false,"template":"","format":"standard","meta":{"_uag_custom_page_level_css":"","_monsterinsights_skip_tracking":false,"_monsterinsights_sitenote_active":false,"_monsterinsights_sitenote_note":"","_monsterinsights_sitenote_category":0,"jetpack_post_was_ever_published":false,"_jetpack_newsletter_access":"","_jetpack_dont_email_post_to_subs":false,"_jetpack_newsletter_tier_id":0,"_jetpack_memberships_contains_paywalled_content":false,"_jetpack_memberships_contains_paid_content":false,"footnotes":"","jetpack_publicize_message":"","jetpack_publicize_feature_enabled":true,"jetpack_social_post_already_shared":true,"jetpack_social_options":{"image_generator_settings":{"template":"highway","default_image_id":0,"font":"","enabled":false},"version":2}},"categories":[203,197,205],"tags":[],"class_list":["post-12508","post","type-post","status-publish","format-standard","has-post-thumbnail","hentry","category-juazeiro","category-politica","category-saude"],"jetpack_publicize_connections":[],"jetpack_featured_media_url":"https:\/\/blogopara.com.br\/wp-content\/uploads\/2020\/07\/2-1.jpg","uagb_featured_image_src":{"full":["https:\/\/blogopara.com.br\/wp-content\/uploads\/2020\/07\/2-1.jpg",500,354,false],"thumbnail":["https:\/\/blogopara.com.br\/wp-content\/uploads\/2020\/07\/2-1-150x150.jpg",150,150,true],"medium":["https:\/\/blogopara.com.br\/wp-content\/uploads\/2020\/07\/2-1-300x212.jpg",300,212,true],"medium_large":["https:\/\/blogopara.com.br\/wp-content\/uploads\/2020\/07\/2-1.jpg",500,354,false],"large":["https:\/\/blogopara.com.br\/wp-content\/uploads\/2020\/07\/2-1.jpg",500,354,false],"1536x1536":["https:\/\/blogopara.com.br\/wp-content\/uploads\/2020\/07\/2-1.jpg",500,354,false],"2048x2048":["https:\/\/blogopara.com.br\/wp-content\/uploads\/2020\/07\/2-1.jpg",500,354,false],"mantranews-slider-large":["https:\/\/blogopara.com.br\/wp-content\/uploads\/2020\/07\/2-1.jpg",500,354,false],"mantranews-featured-medium":["https:\/\/blogopara.com.br\/wp-content\/uploads\/2020\/07\/2-1-420x307.jpg",420,307,true],"mantranews-featured-long":["https:\/\/blogopara.com.br\/wp-content\/uploads\/2020\/07\/2-1-300x354.jpg",300,354,true],"mantranews-block-medium":["https:\/\/blogopara.com.br\/wp-content\/uploads\/2020\/07\/2-1-464x290.jpg",464,290,true],"mantranews-carousel-image":["https:\/\/blogopara.com.br\/wp-content\/uploads\/2020\/07\/2-1.jpg",500,354,false],"mantranews-block-thumb":["https:\/\/blogopara.com.br\/wp-content\/uploads\/2020\/07\/2-1-322x230.jpg",322,230,true],"mantranews-single-large":["https:\/\/blogopara.com.br\/wp-content\/uploads\/2020\/07\/2-1.jpg",500,354,false]},"uagb_author_info":{"display_name":"Reda\u00e7\u00e3o geral","author_link":"https:\/\/blogopara.com.br\/index.php\/author\/blogopara"},"uagb_comment_info":0,"uagb_excerpt":"Os \u00faltimos dias do prefeito Paulo Bomfim (PT) a frente da prefeitura de Juazeiro, parece que ser\u00e3o tenebrosos. Al\u00e9m da falta de planejamento nas a\u00e7\u00f5es durante todo o mandato e a aus\u00eancia de uma equipe especializada nas diversas \u00e1reas, a pandemia do covid veio para piorar o caos na sa\u00fade. No in\u00edcio de junho, movido&hellip;","jetpack_sharing_enabled":true,"jetpack_likes_enabled":true,"_links":{"self":[{"href":"https:\/\/blogopara.com.br\/index.php\/wp-json\/wp\/v2\/posts\/12508","targetHints":{"allow":["GET"]}}],"collection":[{"href":"https:\/\/blogopara.com.br\/index.php\/wp-json\/wp\/v2\/posts"}],"about":[{"href":"https:\/\/blogopara.com.br\/index.php\/wp-json\/wp\/v2\/types\/post"}],"author":[{"embeddable":true,"href":"https:\/\/blogopara.com.br\/index.php\/wp-json\/wp\/v2\/users\/1"}],"replies":[{"embeddable":true,"href":"https:\/\/blogopara.com.br\/index.php\/wp-json\/wp\/v2\/comments?post=12508"}],"version-history":[{"count":7,"href":"https:\/\/blogopara.com.br\/index.php\/wp-json\/wp\/v2\/posts\/12508\/revisions"}],"predecessor-version":[{"id":12524,"href":"https:\/\/blogopara.com.br\/index.php\/wp-json\/wp\/v2\/posts\/12508\/revisions\/12524"}],"wp:featuredmedia":[{"embeddable":true,"href":"https:\/\/blogopara.com.br\/index.php\/wp-json\/wp\/v2\/media\/12520"}],"wp:attachment":[{"href":"https:\/\/blogopara.com.br\/index.php\/wp-json\/wp\/v2\/media?parent=12508"}],"wp:term":[{"taxonomy":"category","embeddable":true,"href":"https:\/\/blogopara.com.br\/index.php\/wp-json\/wp\/v2\/categories?post=12508"},{"taxonomy":"post_tag","embeddable":true,"href":"https:\/\/blogopara.com.br\/index.php\/wp-json\/wp\/v2\/tags?post=12508"}],"curies":[{"name":"wp","href":"https:\/\/api.w.org\/{rel}","templated":true}]}}